{"id":18379,"date":"2015-08-30T15:57:00","date_gmt":"2015-08-30T15:57:00","guid":{"rendered":"http:\/\/fmriachuelo.observatorioess.org.ar\/index.php\/2015\/08\/30\/brasil-violento-y-racista\/"},"modified":"2025-05-13T15:36:08","modified_gmt":"2025-05-13T18:36:08","slug":"brasil-violento-y-racista","status":"publish","type":"post","link":"http:\/\/fmriachuelo.it10.com.ar\/index.php\/2015\/08\/30\/brasil-violento-y-racista\/","title":{"rendered":"BRASIL, VIOLENTO Y RACISTA"},"content":{"rendered":"<div><span style=\"color: red;font-family: Verdana, sans-serif;font-size: large\"><b>J\u00d3VENES, POBRES, NEGROS Y MULATOS<\/b><\/span><\/div>\n<p><\/p>\n<div style=\"clear: both;text-align: center\"><a href=\"http:\/\/1.bp.blogspot.com\/-d9JZCN3a6YM\/VeMnEN-wArI\/AAAAAAAAGK8\/GnR27gUHfPM\/s1600\/Brasil.gif\" style=\"clear: left;float: left;margin-bottom: 1em;margin-right: 1em\"><img loading=\"lazy\" decoding=\"async\" border=\"0\" height=\"140\" src=\"http:\/\/1.bp.blogspot.com\/-d9JZCN3a6YM\/VeMnEN-wArI\/AAAAAAAAGK8\/GnR27gUHfPM\/s200\/Brasil.gif\" width=\"200\" \/><\/a><\/div>\n<p><span style=\"font-family: Verdana, sans-serif\"><br \/>[Por Eric Nepomuceno]<br \/>Brasil enfrenta, es verdad, una situaci\u00f3n econ\u00f3mica preocupante y, m\u00e1s grave a\u00fan, enfrenta una muy seria crisis pol\u00edtica, que amenaza con transformarse en crisis institucional. Mucho se habla de la urgente necesidad de dar combate a una corrupci\u00f3n end\u00e9mica e institucionalizada (que, a prop\u00f3sito, no empez\u00f3 ahora y mucho menos con la llegada del PT al poder), y en lograr una manera para que el gobierno gobierne.<\/p>\n<p>Pero, por encima de todo, Brasil vive desde siempre una crisis moral que no es admitida o reconocida por la sociedad, que insiste en mantener su cobarde hipocres\u00eda frente a sus propias llagas \u00e9ticas.<\/p>\n<p>En las c\u00e1rceles brasile\u00f1as viven hacinadas 575 mil personas, seg\u00fan el censo del a\u00f1o pasado. Eso significa toda la gente que vive en una ciudad como la elegante y culta Salta, por ejemplo, y bastante m\u00e1s de la que vive en San Miguel de Tucum\u00e1n.<\/p>\n<p>En los presidios del pa\u00eds existen 355 mil plazas. Es f\u00e1cil imaginar las condiciones en que esa sobrepoblaci\u00f3n de 200 mil personas sobrevive.<br \/><a name='more'><\/a><br \/>En 2013 ocurrieron 53.646 asesinatos en Brasil. El a\u00f1o pasado, la polic\u00eda brasile\u00f1a mat\u00f3 a seis personas por d\u00eda. Una cada cuatro horas. Las estad\u00edsticas no siempre son confiables pero, seg\u00fan los n\u00fameros disponibles, la polic\u00eda brasile\u00f1a es una de las cuatro que m\u00e1s mata en todo el mundo.<\/p>\n<p>Hace un par de semanas, 19 personas fueron asesinadas aleatoriamente en la periferia miserable de San Pablo, la ciudad m\u00e1s rica de Sudam\u00e9rica. Ninguna de ellas ten\u00eda antecedentes criminales. Todas estaban en bares o caf\u00e9s conversando. Una de las v\u00edctimas, una chica de 16 a\u00f1os, estaba con una amiga en la vereda, delante de su casa de pobres. Fue la venganza de los polic\u00edas por la muerte de un compa\u00f1ero, ocurrida en el mismo barrio d\u00edas antes.<\/p>\n<p>En junio, en Salvador de Bah\u00eda, la polic\u00eda militarizada dispar\u00f3 y mat\u00f3 a 12 personas elegidas al azar. D\u00edas despu\u00e9s, en Dias D\u2019Avila, una peque\u00f1a ciudad a unos 60 kil\u00f3metros de Salvador, tres polic\u00edas militares invadieron la casa de un hombre de 62 a\u00f1os. No quer\u00edan detenerlo: quer\u00edan dinero. Lo confundieron con un vendedor de marihuana. El hombre ten\u00eda algo as\u00ed como 130 d\u00f3lares. A los polic\u00edas les pareci\u00f3 poco. Lo golpearon, lo violaron con una escoba, avisaron que volver\u00edan. El hombre los denunci\u00f3 a la Justicia, y los tres fueron detenidos. Ahora, el hombre vive bajo protecci\u00f3n de la misma polic\u00eda militar. \u00bfEstar\u00e1 protegido de verdad? De cada diez presos brasile\u00f1os, cuatro esperan por una sentencia de la Justicia. Algunos, desde hace a\u00f1os. Y de cada diez presos brasile\u00f1os, seis son negros o mulatos (en el total da la poblaci\u00f3n, los censos indican que 51 por ciento son negros o mulatos).<\/p>\n<p>De cada diez brasile\u00f1os asesinados, casi siete son negros o mulatos. La polic\u00eda es m\u00e1s selectiva. En cinco a\u00f1os, mat\u00f3 a 11.197 personas. Entre los muertos, 7823 eran negros o mulatos.<\/p>\n<p>A los brasile\u00f1os les encanta decir que en su pa\u00eds no hay racismo y que todos se integran a la sociedad. Los n\u00fameros indican que la cosa no es exactamente as\u00ed. Y m\u00e1s: algunas iniciativas locales muestran que las medidas de prevenci\u00f3n para la seguridad p\u00fablica suelen estar dirigidas espec\u00edficamente contra negros en primer lugar, y pobres en segundo, lo que es casi decir lo mismo.<\/p>\n<p>En este invierno que fue especialmente benigno en Sudam\u00e9rica, una novedad lleg\u00f3 a las playas doradas de la privilegiada zona sur de Rio de Janeiro: los buses que llegan de los suburbios lejanos y de calor agobiante, donde no hay mar, son revisados por la polic\u00eda militar en su parada final, en Ipanema. Muchos grupos de adolescentes y j\u00f3venes son enviados de regreso a sus casas, en otras dos horas de viaje.<\/p>\n<p>El gobernador Luiz Fernando Pezao tiene una explicaci\u00f3n que le parece l\u00f3gica: \u201cVienen para robar y causar tumulto\u201d. Claro: al fin y al cabo son pobres&#8230; y casi todos negros o mulatos.<\/p>\n<p>Hace poco m\u00e1s de treinta a\u00f1os, en el verano de 1984, el entonces gobernador de Rio de Janeiro, Leonel Brizola, una de las principales figuras de la izquierda brasile\u00f1a, hizo lo contrario: orden\u00f3 que las l\u00edneas de transporte p\u00fablico del suburbio se extendiesen hasta las playas de la zona sur. Desde entonces, miles de j\u00f3venes suburbanos pudieron llegar, en los fines de semana, a la parte blanca y privilegiada de la ciudad.<\/p>\n<p>Al principio, los moradores de la zona sur se rebelaron: de una hora a otra las playas de sus privilegios fueron invadidas por esa gentuza nada presentable, gracias a un gobernador autoritario.<\/p>\n<p>Con el tiempo, se acostumbraron a la gentuza. Ahora, otro gobernador intenta corregir el equ\u00edvoco que dur\u00f3 treinta a\u00f1os. Mientras no se institucionaliza la medida, la polic\u00eda militar busca distraerse: los domingos, sus soldados pasean por la arena distribuyendo de manera igualitaria (siempre entre pobres, negros y mulatos) golpes de bast\u00f3n para los que lograron salir de sus barriadas y se instalaron en la arena.<\/p>\n<p>Un m\u00e9todo bastante eficaz, hay que reconocer, para convencerlos de volver al lugar de donde salieron.<\/p>\n<p>Y una muestra igualmente eficaz de hasta qu\u00e9 punto puede llegar la estupidez de una sociedad podrida: en su mayor\u00eda, los policiales militares son j\u00f3venes pobres, negros y mulatos&#8230;<\/span><\/p>\n<div><span style=\"font-family: Verdana, sans-serif\"><br \/><\/span><\/div>\n<div><span style=\"color: blue;font-family: Verdana, sans-serif\">Pagina12, Producci\u00f3n Riachuelo<\/span><\/div>\n","protected":false},"excerpt":{"rendered":"<p>J\u00d3VENES, POBRES, NEGROS Y MULATOS [Por Eric Nepomuceno]Brasil enfrenta, es verdad, una situaci\u00f3n econ\u00f3mica preocupante y, m\u00e1s grave a\u00fan, enfrenta una muy seria crisis pol\u00edtica, que amenaza con transformarse en crisis institucional. Mucho se habla de la urgente necesidad de dar combate a una corrupci\u00f3n end\u00e9mica e institucionalizada (que, a prop\u00f3sito, no empez\u00f3 ahora y [&hellip;]<\/p>\n","protected":false},"author":4,"featured_media":0,"comment_status":"open","ping_status":"open","sticky":false,"template":"","format":"standard","meta":{"_monsterinsights_skip_tracking":false,"_monsterinsights_sitenote_active":false,"_monsterinsights_sitenote_note":"","_monsterinsights_sitenote_category":0,"jnews-multi-image_gallery":[],"jnews_single_post":{"format":"standard"},"jnews_primary_category":[],"_joinchat":[],"footnotes":""},"categories":[58],"tags":[70],"class_list":["post-18379","post","type-post","status-publish","format-standard","hentry","category-noticiariachuelo","tag-de-la-patria-grande"],"_links":{"self":[{"href":"http:\/\/fmriachuelo.it10.com.ar\/index.php\/wp-json\/wp\/v2\/posts\/18379","targetHints":{"allow":["GET"]}}],"collection":[{"href":"http:\/\/fmriachuelo.it10.com.ar\/index.php\/wp-json\/wp\/v2\/posts"}],"about":[{"href":"http:\/\/fmriachuelo.it10.com.ar\/index.php\/wp-json\/wp\/v2\/types\/post"}],"author":[{"embeddable":true,"href":"http:\/\/fmriachuelo.it10.com.ar\/index.php\/wp-json\/wp\/v2\/users\/4"}],"replies":[{"embeddable":true,"href":"http:\/\/fmriachuelo.it10.com.ar\/index.php\/wp-json\/wp\/v2\/comments?post=18379"}],"version-history":[{"count":1,"href":"http:\/\/fmriachuelo.it10.com.ar\/index.php\/wp-json\/wp\/v2\/posts\/18379\/revisions"}],"predecessor-version":[{"id":23998,"href":"http:\/\/fmriachuelo.it10.com.ar\/index.php\/wp-json\/wp\/v2\/posts\/18379\/revisions\/23998"}],"wp:attachment":[{"href":"http:\/\/fmriachuelo.it10.com.ar\/index.php\/wp-json\/wp\/v2\/media?parent=18379"}],"wp:term":[{"taxonomy":"category","embeddable":true,"href":"http:\/\/fmriachuelo.it10.com.ar\/index.php\/wp-json\/wp\/v2\/categories?post=18379"},{"taxonomy":"post_tag","embeddable":true,"href":"http:\/\/fmriachuelo.it10.com.ar\/index.php\/wp-json\/wp\/v2\/tags?post=18379"}],"curies":[{"name":"wp","href":"https:\/\/api.w.org\/{rel}","templated":true}]}}