{"id":18376,"date":"2015-08-31T18:00:00","date_gmt":"2015-08-31T18:00:00","guid":{"rendered":"http:\/\/fmriachuelo.observatorioess.org.ar\/index.php\/2015\/08\/31\/europa-la-crisis-de-las-migraciones\/"},"modified":"2025-05-13T15:50:54","modified_gmt":"2025-05-13T18:50:54","slug":"europa-la-crisis-de-las-migraciones","status":"publish","type":"post","link":"http:\/\/fmriachuelo.it10.com.ar\/index.php\/2015\/08\/31\/europa-la-crisis-de-las-migraciones\/","title":{"rendered":"EUROPA: LA CRISIS DE LAS MIGRACIONES"},"content":{"rendered":"<div><span style=\"color: red;font-family: Verdana, sans-serif;font-size: large\"><b>SERES HUMANOS<\/b><\/span><\/div>\n<p><span style=\"font-family: Verdana, sans-serif\">El horror de un mundo nazificado: Europa-fortaleza vs mundo-campo de concentraci\u00f3n<\/span><br \/><span style=\"font-family: Verdana, sans-serif\"><\/span><br \/><span style=\"font-family: Verdana, sans-serif\"><\/span><\/p>\n<div style=\"clear: both;text-align: justify\"><a href=\"http:\/\/1.bp.blogspot.com\/-HszGIcfVkbI\/VeN7YUd2YtI\/AAAAAAAAGLM\/BWfT9y8qWLQ\/s1600\/EUROPA.jpg\" style=\"clear: left;float: left;margin-bottom: 1em;margin-right: 1em\"><img loading=\"lazy\" decoding=\"async\" border=\"0\" height=\"206\" src=\"http:\/\/1.bp.blogspot.com\/-HszGIcfVkbI\/VeN7YUd2YtI\/AAAAAAAAGLM\/BWfT9y8qWLQ\/s320\/EUROPA.jpg\" style=\"cursor: move\" width=\"320\" \/><\/a><span style=\"font-family: Verdana, sans-serif\">[Por Pedro Antonio Honrubia Hurtado \u2013 Kaos en la Red &nbsp;27 agosto, 2015]<\/span><\/div>\n<p><span style=\"font-family: Verdana, sans-serif\"><\/p>\n<div style=\"text-align: justify\">Europa levanta enormes vallas, ante los ojos del mundo y para verg\u00fcenza de cualquier europeo con un m\u00ednimo de dignidad y empat\u00eda con el sufrimiento ajeno, a lo largo y ancho de sus fronteras, para intentar evitar un aluvi\u00f3n masivo de migrantes y refugiados al interior de su fortaleza. Vallas a las que recubre con alambres, espinos y cuchillas, para prolongar, hasta el \u00faltimo momento, el tormento del que viene huyendo del hambre o de la guerra, del expolio al que las potencias occidentales someten a los pueblos empobrecidos de la tierra. Pero no se puede tapar el sol con un dedo. Mientras su mundo sea ese mundo-campo de concentraci\u00f3n en el que los pa\u00edses ricos han convertido a los pa\u00edses empobrecidos, seguir\u00e1n intentando entrar, esto tan solo es una muestra m\u00e1s de que eso que llaman \u201cOccidente\u201d, es decir, el mundo capitalista \u201cdesarrollado\u201d, es, por definici\u00f3n, cruel, antihumanista y despiadado.<\/div>\n<div style=\"text-align: justify\"><a name='more'><\/a>Estas vallas son algo m\u00e1s que un componente en una frontera, son un s\u00edmbolo de lo que es el mundo capitalista. Un Auswitch a la inversa, que lo llam\u00f3 un d\u00eda el fil\u00f3sofo Carlos Fern\u00e1dez Liria. Levantamos muros y dejamos tras ellos, fuera de ellos, un mundo\/campo de concentraci\u00f3n donde se produce a diario un genocidio silencioso que afecta a miles de millones de personas. Y en las vallas colocamos unas cuchillas por si los que quedan fuera de nuestro gueto\/privilegiado osan intentar entrar, fuera de nuestra fortaleza, osan tratar de escapar de aquel mundo-campo de concentraci\u00f3n en el que hemos convertido a sus pa\u00edses de origen, con el hambre, la guerra, el expolio, las epidemias y, en pocas palabras, la muerte, como m\u00e1xima expresi\u00f3n del mismo. Vallas\/s\u00edmbolo de la mierda de mundo que ha desarrollado el capitalismo, por mucho internet, muchas tecnolog\u00edas y muchas vacunas que tengamos.<\/div>\n<p>Los nazis encerraron a sus v\u00edctimas en campos de concentraci\u00f3n y en guetos con el fin de aislarlos del resto del mundo. Tras los muros de aquellos espacios de muerte se gest\u00f3 un verdadero horror que caus\u00f3 la muerte de m\u00e1s de una decena de millones de personas, asesinados cruelmente de m\u00faltiples formas, desde las c\u00e1maras de gas, a los fusilamientos masivos a los menos sofisticados m\u00e9todos de la inanici\u00f3n o la muerte por epidemias que las v\u00edctimas se contagiaban unas a otras ante la dejadez y la complicidad de sus verdugos, con la no menor complicidad de un mundo que solo cuando ya era demasiado tarde hizo algo por ayudarlos, y unas sociedades que no quer\u00edan ver lo que pasaba con aquellas personas en aquellos espacios de muerte, pese a que, en algunos casos, los ten\u00edan incluso en el coraz\u00f3n de sus propias ciudades y las consecuencias eran evidentes por s\u00ed mismas.<br \/>Nosotros, ahora, desde nuestros pa\u00edses ricos, hemos desarrollado exactamente el mismo sistema, pero a la inversa. Nos encerramos nosotros en nuestras fortalezas (de las que el hambre y la misera no quedan exentas, aunque sin llegar a los m\u00e1s elevados niveles de horror), las cubrimos con enormes vallas y todo tipo de medidas de seguridad destinadas a brindarlas del exterior, y dejamos tras ellas un espacio de muerte que abarca m\u00e1s de tres cuartas partes del mundo y varios miles de millones de personas diseminadas por \u00e9l. El hambre que mata, la pobreza extrema que anula toda dignidad, la falta de un futuro, el expolio de sus recursos naturales, las epidemias, y las guerras causadas, la mayor\u00eda de veces, por los propios intereses econ\u00f3micos de las potencias occidentales, arrasan aquel mundo-campo de concentraci\u00f3n a diario, con la no menor complicidad de unas sociedades que no quieren ver, o que prefieren mirar para otro lado, lo que pasa cada d\u00eda con aquellas personas en aquellos espacios de muerte. Nuestros medios ya se encargan de deshumanizar a ese \u201cotro\u201d, a esos miles de millones de personas que habitan en ese gigantesco campo de concentraci\u00f3n globalizado en el que hemos convertido sus pa\u00edses, para que nuestras conciencias duerman tranquilas.<br \/>Y aunque sabemos que todo eso est\u00e1 pasando, que m\u00e1s de tres cuartas partes del mundo est\u00e1n condenadas a vivir en un mundo-campo de concentraci\u00f3n sutilmente separado de nuestro gueto-fortaleza, no nos importa. Es m\u00e1s, clamamos contra quienes tratan de escapar de aquel espacio de muerte y cruzar nuestras fronteras para llegar hasta eso que ellos creen como el lugar donde poder labrarse un futuro y escapar de la muerte. Los tratamos como a invasores que vienen a robarnos nuestro propio espacio vital y consentimos que esas enormes vallas se levanten en nuestro nombre, tal vez porque as\u00ed nos sintamos protegidos de los peligros que asociamos a ellos, precisamente todos aquellos peligros a los que los hemos condenado: hambre, miseria, desempleo, enfermedades, epidemias, muerte. Tras los muros de nuestras fortalezas los miramos con desprecio y temor, sin importarnos su destino.<br \/>Si los nazis fueron el horror expresado en su m\u00e1xima potencia, nuestro mundo no es otra cosa que un mundo-nazi, que separa a sus habitantes, mediante vallas, muros y alambradas, entre aquellos que merecen ser considerados humanos, que tienen derecho a vivir en el interior del gueto-fortaleza del mundo desarrollado, y aquellos que son carro\u00f1a, escoria, bestias, que no merecen la condici\u00f3n de humanos y deben quedar aislados de nuestro gueto, purgando su existencia inhumana m\u00e1s all\u00e1 de las fronteras de nuestra fortaleza, en su mundo-campo de concentraci\u00f3n. Aqu\u00ed, en nuestras fortalezas, no seremos todos arios, pero s\u00ed que somos todos un poco nazis.<\/span><\/p>\n<div><span style=\"color: blue;font-family: Verdana, sans-serif\">Kaos, Producci\u00f3n Riachuelo<\/span><\/div>\n","protected":false},"excerpt":{"rendered":"<p>SERES HUMANOS El horror de un mundo nazificado: Europa-fortaleza vs mundo-campo de concentraci\u00f3n [Por Pedro Antonio Honrubia Hurtado \u2013 Kaos en la Red &nbsp;27 agosto, 2015] Europa levanta enormes vallas, ante los ojos del mundo y para verg\u00fcenza de cualquier europeo con un m\u00ednimo de dignidad y empat\u00eda con el sufrimiento ajeno, a lo largo [&hellip;]<\/p>\n","protected":false},"author":4,"featured_media":0,"comment_status":"open","ping_status":"open","sticky":false,"template":"","format":"standard","meta":{"_monsterinsights_skip_tracking":false,"_monsterinsights_sitenote_active":false,"_monsterinsights_sitenote_note":"","_monsterinsights_sitenote_category":0,"jnews-multi-image_gallery":[],"jnews_single_post":{"format":"standard"},"jnews_primary_category":[],"_joinchat":[],"footnotes":""},"categories":[58],"tags":[119,167],"class_list":["post-18376","post","type-post","status-publish","format-standard","hentry","category-noticiariachuelo","tag-derechos-humanos","tag-politica-internacional"],"_links":{"self":[{"href":"http:\/\/fmriachuelo.it10.com.ar\/index.php\/wp-json\/wp\/v2\/posts\/18376","targetHints":{"allow":["GET"]}}],"collection":[{"href":"http:\/\/fmriachuelo.it10.com.ar\/index.php\/wp-json\/wp\/v2\/posts"}],"about":[{"href":"http:\/\/fmriachuelo.it10.com.ar\/index.php\/wp-json\/wp\/v2\/types\/post"}],"author":[{"embeddable":true,"href":"http:\/\/fmriachuelo.it10.com.ar\/index.php\/wp-json\/wp\/v2\/users\/4"}],"replies":[{"embeddable":true,"href":"http:\/\/fmriachuelo.it10.com.ar\/index.php\/wp-json\/wp\/v2\/comments?post=18376"}],"version-history":[{"count":1,"href":"http:\/\/fmriachuelo.it10.com.ar\/index.php\/wp-json\/wp\/v2\/posts\/18376\/revisions"}],"predecessor-version":[{"id":24004,"href":"http:\/\/fmriachuelo.it10.com.ar\/index.php\/wp-json\/wp\/v2\/posts\/18376\/revisions\/24004"}],"wp:attachment":[{"href":"http:\/\/fmriachuelo.it10.com.ar\/index.php\/wp-json\/wp\/v2\/media?parent=18376"}],"wp:term":[{"taxonomy":"category","embeddable":true,"href":"http:\/\/fmriachuelo.it10.com.ar\/index.php\/wp-json\/wp\/v2\/categories?post=18376"},{"taxonomy":"post_tag","embeddable":true,"href":"http:\/\/fmriachuelo.it10.com.ar\/index.php\/wp-json\/wp\/v2\/tags?post=18376"}],"curies":[{"name":"wp","href":"https:\/\/api.w.org\/{rel}","templated":true}]}}