{"id":18375,"date":"2015-08-31T18:30:00","date_gmt":"2015-08-31T18:30:00","guid":{"rendered":"http:\/\/fmriachuelo.observatorioess.org.ar\/index.php\/2015\/08\/31\/espana-bilbao-manifiestan-por-la-amnistia-de-los-presos-vascos\/"},"modified":"2025-05-13T15:53:44","modified_gmt":"2025-05-13T18:53:44","slug":"espana-bilbao-manifiestan-por-la-amnistia-de-los-presos-vascos","status":"publish","type":"post","link":"http:\/\/fmriachuelo.it10.com.ar\/index.php\/2015\/08\/31\/espana-bilbao-manifiestan-por-la-amnistia-de-los-presos-vascos\/","title":{"rendered":"ESPA\u00d1A, BILBAO: MANIFIESTAN POR LA AMNISTIA DE LOS PRESOS VASCOS"},"content":{"rendered":"<p><span style=\"color: red;font-family: Verdana, sans-serif;font-size: large\"><b>POR LA LIBERTAD<\/b><\/span><br \/><span style=\"font-family: Verdana, sans-serif\">Alrededor de 2.000 manifestantes piden \u00abAmnist\u00eda\u00bb para las presas y presos pol\u00edticos vascos<\/span><br \/><span style=\"font-family: Verdana, sans-serif\"><\/span><br \/><span style=\"font-family: Verdana, sans-serif\"><\/span><\/p>\n<div style=\"text-align: justify\"><a href=\"http:\/\/3.bp.blogspot.com\/-YSIknLOX1M8\/VeN-337ZI8I\/AAAAAAAAGLY\/ZLqfYKrqZAI\/s1600\/eta-manifestacion-575x323.jpg\" style=\"clear: left;float: left;margin-bottom: 1em;margin-right: 1em\"><img loading=\"lazy\" decoding=\"async\" border=\"0\" height=\"179\" src=\"http:\/\/3.bp.blogspot.com\/-YSIknLOX1M8\/VeN-337ZI8I\/AAAAAAAAGLY\/ZLqfYKrqZAI\/s320\/eta-manifestacion-575x323.jpg\" width=\"320\" \/><\/a><span style=\"font-family: Verdana, sans-serif\">\u2022 Convocados por el Movimiento Pro Amnist\u00eda y Contra la Represi\u00f3n han pedido que \u201cvuelvan a casa sin ning\u00fan tipo de condici\u00f3n quienes sufren la represi\u00f3n por su compromiso militante\u201d, portando pancartas como \u201cEspetxeak apurtu\u201d (Romped las c\u00e1rceles) o \u201cBorroka da bide bakarra\u201d (\u201cLa lucha es el \u00fanico camino\u201d)<\/span><\/div>\n<p><span style=\"font-family: Verdana, sans-serif\"><\/p>\n<div style=\"text-align: justify\">29 agosto 2015<\/div>\n<div style=\"text-align: justify\">Cerca de dos mil personas se han manifestado esta tarde por las calles de Bilbao para reclamar \u201camnist\u00eda\u201d para los presos pol\u00edticos vascos , sin que se hayan producido incidentes.<\/div>\n<div style=\"text-align: justify\">Si ayer se manifestaron en la capital vizca\u00edna varios miles de personas, en un llamamiento hecho por familiares y amigos de las presas y presos pol\u00edticos vascos, para pedir la puesta en libertad de los 11 militantes gravemente enfermos, la convocatoria de este s\u00e1bado, efectuada por el denominado \u201cMovimiento por la amnist\u00eda y contra la represi\u00f3n\u201d, ha reunido a unas dos mil personas<\/div>\n<div style=\"text-align: justify\">Como conclusi\u00f3n del acto, dos portavoces de los convocantes han le\u00eddo un comunicado en el que han se\u00f1alado que los presos y presas vascas \u201cno son terroristas\u201d porque \u201chan dado lo mejor de s\u00ed mismos para hacer frente a esos monstruos\u201d, en alusi\u00f3n a los Estados espa\u00f1ol y franc\u00e9s, que \u201cse alimentan de la sangre de Euskal Herria\u201d.<\/div>\n<div style=\"text-align: justify\"><a name='more'><\/a>Han pedido que \u201cvuelvan a casa sin ning\u00fan tipo de condici\u00f3n quienes sufren la represi\u00f3n por su compromiso militante\u201d y han dicho que quien niega el \u201ccar\u00e1cter pol\u00edtico\u201d de los presos vascos lo que hace es firmar un \u201ccheque en blanco para que los Estados sigan apret\u00e1ndolos m\u00e1s y m\u00e1s\u201d.<\/div>\n<div style=\"text-align: justify\">El comunicado se\u00f1ala que: \u201cHan tenido que pasar ocho a\u00f1os para volver a ver en una manifestacion en Euskal Herria la petici\u00f3n de la Amnist\u00eda. Ac\u00e1 est\u00e1mos, ocho a\u00f1os despu\u00e9s en las calles de Bilbao para gritar por nuestros presos y presas, por los deportados y refugiados: \u201cSin Amnist\u00eda no hay paz\u201d.<\/div>\n<div style=\"text-align: justify\">Luego se se\u00f1ala que \u201cha sido muy tr\u00e1gica toda la lucha que llevamos contra el fascismo todos estos a\u00f1os: cientos de muertos, miles de presos, miles de torturados y miles de desterrados. Ahora 450 presas y presos politicos vascos para luchar por su Amnist\u00eda. Pero el hecho de que est\u00e9 siendo dif\u00edcil no es motivo suficiente para dejar de pelear por lo que es justo. Porque nadie dijo que ser\u00eda f\u00e1cil. Lo que s\u00ed podemos decir es que merecer\u00e1 la pena, porque merecer\u00e1 la pena haber defendido que quienes hoy siguen sufriendo la represi\u00f3n de dos estados que durante siglos no han parado de vulnerar derechos humanos a lo largo y ancho de todo el mundo no son terroristas, sino personas que han dado lo mejor de s\u00ed mismas para hacer frente a estos dos monstruos que se alimentan del sudor y la sangre de la clase trabajadora de Euskal Herria. Y es por ello que no hay soluci\u00f3n posible para este pueblo que no pase por llevar a cabo una amnist\u00eda que permita volver a casa, sin ning\u00fan tipo de condiciones, a todas estas personas que est\u00e1n sufriendo la represi\u00f3n por su compromiso militante\u201d<br \/><span style=\"color: blue\">Resumen Latinoamericano, Producci\u00f3n Riachuelo<\/span><\/div>\n<p><\/span><\/p>\n","protected":false},"excerpt":{"rendered":"<p>POR LA LIBERTADAlrededor de 2.000 manifestantes piden \u00abAmnist\u00eda\u00bb para las presas y presos pol\u00edticos vascos \u2022 Convocados por el Movimiento Pro Amnist\u00eda y Contra la Represi\u00f3n han pedido que \u201cvuelvan a casa sin ning\u00fan tipo de condici\u00f3n quienes sufren la represi\u00f3n por su compromiso militante\u201d, portando pancartas como \u201cEspetxeak apurtu\u201d (Romped las c\u00e1rceles) o \u201cBorroka [&hellip;]<\/p>\n","protected":false},"author":4,"featured_media":0,"comment_status":"open","ping_status":"open","sticky":false,"template":"","format":"standard","meta":{"_monsterinsights_skip_tracking":false,"_monsterinsights_sitenote_active":false,"_monsterinsights_sitenote_note":"","_monsterinsights_sitenote_category":0,"jnews-multi-image_gallery":[],"jnews_single_post":{"format":"standard"},"jnews_primary_category":[],"_joinchat":[],"footnotes":""},"categories":[58],"tags":[122,167],"class_list":["post-18375","post","type-post","status-publish","format-standard","hentry","category-noticiariachuelo","tag-derecho-a-la-protesta-social","tag-politica-internacional"],"_links":{"self":[{"href":"http:\/\/fmriachuelo.it10.com.ar\/index.php\/wp-json\/wp\/v2\/posts\/18375","targetHints":{"allow":["GET"]}}],"collection":[{"href":"http:\/\/fmriachuelo.it10.com.ar\/index.php\/wp-json\/wp\/v2\/posts"}],"about":[{"href":"http:\/\/fmriachuelo.it10.com.ar\/index.php\/wp-json\/wp\/v2\/types\/post"}],"author":[{"embeddable":true,"href":"http:\/\/fmriachuelo.it10.com.ar\/index.php\/wp-json\/wp\/v2\/users\/4"}],"replies":[{"embeddable":true,"href":"http:\/\/fmriachuelo.it10.com.ar\/index.php\/wp-json\/wp\/v2\/comments?post=18375"}],"version-history":[{"count":1,"href":"http:\/\/fmriachuelo.it10.com.ar\/index.php\/wp-json\/wp\/v2\/posts\/18375\/revisions"}],"predecessor-version":[{"id":24006,"href":"http:\/\/fmriachuelo.it10.com.ar\/index.php\/wp-json\/wp\/v2\/posts\/18375\/revisions\/24006"}],"wp:attachment":[{"href":"http:\/\/fmriachuelo.it10.com.ar\/index.php\/wp-json\/wp\/v2\/media?parent=18375"}],"wp:term":[{"taxonomy":"category","embeddable":true,"href":"http:\/\/fmriachuelo.it10.com.ar\/index.php\/wp-json\/wp\/v2\/categories?post=18375"},{"taxonomy":"post_tag","embeddable":true,"href":"http:\/\/fmriachuelo.it10.com.ar\/index.php\/wp-json\/wp\/v2\/tags?post=18375"}],"curies":[{"name":"wp","href":"https:\/\/api.w.org\/{rel}","templated":true}]}}