{"id":18373,"date":"2015-09-01T21:31:00","date_gmt":"2015-09-01T21:31:00","guid":{"rendered":"http:\/\/fmriachuelo.observatorioess.org.ar\/index.php\/2015\/09\/01\/paraguay-conmemoraron-el-dia-del-desaparecido-con-un-acto-popular\/"},"modified":"2025-05-13T16:11:58","modified_gmt":"2025-05-13T19:11:58","slug":"paraguay-conmemoraron-el-dia-del-desaparecido-con-un-acto-popular","status":"publish","type":"post","link":"http:\/\/fmriachuelo.it10.com.ar\/index.php\/2015\/09\/01\/paraguay-conmemoraron-el-dia-del-desaparecido-con-un-acto-popular\/","title":{"rendered":"PARAGUAY: CONMEMORARON EL DIA DEL DESAPARECIDO CON UN ACTO POPULAR"},"content":{"rendered":"<div style=\"clear: both;text-align: justify\"><span style=\"color: red;font-family: Verdana, sans-serif;font-size: large\"><b>\u00bfDONDE ESTAN LOS DESAPARECIDOS?<\/b><\/span><\/div>\n<div style=\"clear: both;text-align: justify\"><span style=\"color: red;font-family: Verdana, sans-serif;font-size: large\"><b><br \/><\/b><\/span><\/div>\n<div style=\"clear: both;text-align: center\"><a href=\"http:\/\/4.bp.blogspot.com\/-L1iFnxIXr_U\/VeYYL2RUIwI\/AAAAAAAAGNk\/qaIG_mMNmRg\/s1600\/paraguay.jpg\" style=\"clear: left;float: left;margin-bottom: 1em;margin-right: 1em\"><img loading=\"lazy\" decoding=\"async\" border=\"0\" height=\"180\" src=\"http:\/\/4.bp.blogspot.com\/-L1iFnxIXr_U\/VeYYL2RUIwI\/AAAAAAAAGNk\/qaIG_mMNmRg\/s320\/paraguay.jpg\" width=\"320\" \/><\/a><\/div>\n<p><span style=\"font-family: Verdana, sans-serif\"><\/p>\n<div style=\"text-align: justify\">Unas 400 personas detenidas, durante la dictadura de Alfredo Stroessner, siguen desaparecidas. Este lunes, a partir de las 18:00, se realizar\u00e1 un encuentro en su memoria en la Plaza de los Desaparecidos de Asunci\u00f3n.<\/div>\n<div style=\"text-align: justify\"><\/div>\n<div style=\"text-align: justify\"><span style=\"background-color: white;color: #3e3e3e;font-family: Verdana, Arial, Helvetica, sans-serif;font-size: 16px;line-height: 22px;text-align: start\">En la ocasi\u00f3n, se presentar\u00e1&nbsp;<\/span><strong style=\"background-color: white;border: 0px;color: #3e3e3e;font-family: Verdana, Arial, Helvetica, sans-serif;font-size: 16px;line-height: 22px;margin: 0px;padding: 0px;text-align: start\">Jajoheka, Jajotopa:&nbsp;<\/strong><span style=\"background-color: white;color: #3e3e3e;font-family: Verdana, Arial, Helvetica, sans-serif;font-size: 16px;line-height: 22px;text-align: start\">Campa\u00f1a Nacional para la Identificaci\u00f3n de Personas Desaparecidas entre 1954 y 1989. Asimismo, los poetas Moncho Azuaga, Eulo Garcia, Giselle Caputo, Ricardo de la Vega, Carlos Bazzano y el cantor \u00c1ngel Dom\u00ednguez dar\u00e1n un recital de poemas alusivos a los desaparecidos, sum\u00e1ndose al homenaje que busca hacer memoria y aunar esfuerzos por la b\u00fasqueda de la verdad y la justicia.<a name='more'><\/a><\/span><\/div>\n<div style=\"text-align: justify\">\n<div dir=\"ltr\" style=\"background-color: white;border: 0px;color: #3e3e3e;font-family: Verdana, Arial, Helvetica, sans-serif;font-size: 16px;line-height: 22px;margin-bottom: 10px;margin-top: 10px;padding: 0px;text-align: start\">Con motivo del lanzamiento de la Campa\u00f1a Nacional Jajoheka, jajotopa arrib\u00f3 al pa\u00eds desde Brasil<strong style=\"border: 0px;margin: 0px;padding: 0px\">&nbsp;<a href=\"http:\/\/www.paraguay.com\/nacionales\/en-busca-de-soledad-barrett-132987\" style=\"border: 0px;color: #2b5882;margin: 0px;padding: 0px;text-decoration: none\">\u00d1asaindy Barret<\/a>,<\/strong>&nbsp;hija de Soledad Barret y bisnieta del insigne escritor Rafael Barret. Su madre, Soledad, fue asesinada y desaparecida en Brasil en el marco del Plan C\u00f3ndor. En el encuentro, \u00d1asaindy compartir\u00e1 su testimonio de vida. Adem\u00e1s, donar\u00e1 una gota de su sangre para el Banco G\u00e9netico de Familiares de personas desaparecidas durante la dictadura, a modo de facilitar los trabajos de identificaci\u00f3n que se vienen llevando a cabo. Asimismo, llegaran desde la Argentina representantes del Equipo Argentino de Antropolog\u00eda Forense (EAAF) para acompa\u00f1ar las primeras acciones de la Campa\u00f1a Nacional por la identificaci\u00f3n de las personas desaparecidas.<\/div>\n<div style=\"background-color: white;border: 0px;color: #3e3e3e;font-family: Verdana, Arial, Helvetica, sans-serif;font-size: 16px;line-height: 22px;margin-bottom: 10px;margin-top: 10px;padding: 0px;text-align: start\">El encuentro&nbsp;<strong style=\"border: 0px;margin: 0px;padding: 0px\">\u00ab\u00bfD\u00f3nde est\u00e1n?\u00bb&nbsp;<\/strong>convoca a la ciudadan\u00eda a no olvidar los cr\u00edmenes de Estado cometidos durante el periodo 1954-1989 y es organizado por la Direcci\u00f3n de Reparaci\u00f3n y Memoria Hist\u00f3rica del Ministerio de Justicia, el Servicio de Paz y Justicia Paraguay (SERPAJ-PY) y la Articulaci\u00f3n por la Identificaci\u00f3n de los Desaparecidos.&nbsp;<\/div>\n<div style=\"background-color: white;border: 0px;font-family: Verdana, Arial, Helvetica, sans-serif;font-size: 16px;line-height: 22px;margin-bottom: 10px;margin-top: 10px;padding: 0px;text-align: start\"><span style=\"color: blue\">Paraguay.com, Producci\u00f3n Riachuelo<\/span><\/div>\n<\/div>\n<p><\/span><\/p>\n","protected":false},"excerpt":{"rendered":"<p>\u00bfDONDE ESTAN LOS DESAPARECIDOS? Unas 400 personas detenidas, durante la dictadura de Alfredo Stroessner, siguen desaparecidas. Este lunes, a partir de las 18:00, se realizar\u00e1 un encuentro en su memoria en la Plaza de los Desaparecidos de Asunci\u00f3n. En la ocasi\u00f3n, se presentar\u00e1&nbsp;Jajoheka, Jajotopa:&nbsp;Campa\u00f1a Nacional para la Identificaci\u00f3n de Personas Desaparecidas entre 1954 y 1989. [&hellip;]<\/p>\n","protected":false},"author":4,"featured_media":0,"comment_status":"open","ping_status":"open","sticky":false,"template":"","format":"standard","meta":{"_monsterinsights_skip_tracking":false,"_monsterinsights_sitenote_active":false,"_monsterinsights_sitenote_note":"","_monsterinsights_sitenote_category":0,"jnews-multi-image_gallery":[],"jnews_single_post":{"format":"standard"},"jnews_primary_category":[],"_joinchat":[],"footnotes":""},"categories":[58],"tags":[70,119,72],"class_list":["post-18373","post","type-post","status-publish","format-standard","hentry","category-noticiariachuelo","tag-de-la-patria-grande","tag-derechos-humanos","tag-historia-de-la-lucha-de-los-pueblos"],"_links":{"self":[{"href":"http:\/\/fmriachuelo.it10.com.ar\/index.php\/wp-json\/wp\/v2\/posts\/18373","targetHints":{"allow":["GET"]}}],"collection":[{"href":"http:\/\/fmriachuelo.it10.com.ar\/index.php\/wp-json\/wp\/v2\/posts"}],"about":[{"href":"http:\/\/fmriachuelo.it10.com.ar\/index.php\/wp-json\/wp\/v2\/types\/post"}],"author":[{"embeddable":true,"href":"http:\/\/fmriachuelo.it10.com.ar\/index.php\/wp-json\/wp\/v2\/users\/4"}],"replies":[{"embeddable":true,"href":"http:\/\/fmriachuelo.it10.com.ar\/index.php\/wp-json\/wp\/v2\/comments?post=18373"}],"version-history":[{"count":1,"href":"http:\/\/fmriachuelo.it10.com.ar\/index.php\/wp-json\/wp\/v2\/posts\/18373\/revisions"}],"predecessor-version":[{"id":24015,"href":"http:\/\/fmriachuelo.it10.com.ar\/index.php\/wp-json\/wp\/v2\/posts\/18373\/revisions\/24015"}],"wp:attachment":[{"href":"http:\/\/fmriachuelo.it10.com.ar\/index.php\/wp-json\/wp\/v2\/media?parent=18373"}],"wp:term":[{"taxonomy":"category","embeddable":true,"href":"http:\/\/fmriachuelo.it10.com.ar\/index.php\/wp-json\/wp\/v2\/categories?post=18373"},{"taxonomy":"post_tag","embeddable":true,"href":"http:\/\/fmriachuelo.it10.com.ar\/index.php\/wp-json\/wp\/v2\/tags?post=18373"}],"curies":[{"name":"wp","href":"https:\/\/api.w.org\/{rel}","templated":true}]}}