{"id":18372,"date":"2015-09-02T07:30:00","date_gmt":"2015-09-02T07:30:00","guid":{"rendered":"http:\/\/fmriachuelo.observatorioess.org.ar\/index.php\/2015\/09\/02\/columnas-tematicas-riachuelo-historias-de-la-patria-grande\/"},"modified":"2025-05-13T16:14:24","modified_gmt":"2025-05-13T19:14:24","slug":"columnas-tematicas-riachuelo-historias-de-la-patria-grande","status":"publish","type":"post","link":"http:\/\/fmriachuelo.it10.com.ar\/index.php\/2015\/09\/02\/columnas-tematicas-riachuelo-historias-de-la-patria-grande\/","title":{"rendered":"COLUMNAS TEM\u00c1TICAS RIACHUELO: HISTORIAS DE LA PATRIA GRANDE"},"content":{"rendered":"<div style=\"clear: both;text-align: left\"><span style=\"background-color: white;color: #444444;line-height: 21.29px\"><b><span style=\"color: red;font-family: Verdana, sans-serif;font-size: large\">REPENSANDO NUESTRA HISTORIA<\/span><\/b><\/span><\/div>\n<div style=\"clear: both;text-align: left\"><\/div>\n<div style=\"clear: both;text-align: center\"><\/div>\n<div style=\"clear: both\"><span style=\"color: red;font-family: Verdana;font-size: large\"><span style=\"background-color: white;color: #444444;font-size: 15px;line-height: 21.29px\"><span style=\"color: black;font-family: Verdana, sans-serif\">LA COLUMNA TEM\u00c1TICA A CARGO DE NUESTRO COLABORADOR <strong>MANU REYES<\/strong><\/span><\/span><br \/><span style=\"background-color: white;color: #444444;font-size: 15px;line-height: 21.29px\"><span style=\"color: black;font-family: Verdana, sans-serif\">La pod\u00e9s escuchar nuevamente ac\u00e1:<\/span><\/span><\/span><br \/><span style=\"color: red;font-family: Verdana;font-size: large\"><span style=\"background-color: white;color: #444444;font-size: 15px;line-height: 21.29px\"><span style=\"color: black;font-family: Verdana, sans-serif\"><br \/><\/span><\/span><\/span><span style=\"font-family: Verdana;font-size: large\"><span style=\"background-color: white;font-size: 15px;line-height: 21.29px\"><span style=\"font-family: Verdana, sans-serif\"><a href=\"http:\/\/www.mediafire.com\/listen\/7k8a479z6z36v8h\/08-31-2015_Juan_Manuel_de_Rosas\" target=\"_blank\" rel=\"noopener\"><b><span style=\"color: blue\">JUAN MANUEL DE ROSAS, una figura pol\u00e9mica para la historia<\/span><\/b><\/a><\/span><\/span><\/span><br \/><span style=\"color: red;font-family: Verdana;font-size: large\"><span style=\"background-color: white;color: #444444;font-size: 15px;line-height: 21.29px\"><span style=\"color: black;font-family: Verdana, sans-serif\"><br \/><\/span><\/span><\/span><\/p>\n<div style=\"clear: both;text-align: center\"><a href=\"http:\/\/4.bp.blogspot.com\/-_VFGOiuuDj8\/VeenS2vAhDI\/AAAAAAAAGOw\/BFRCTwu27GA\/s1600\/don_Juan_Manuel.jpg\" style=\"clear: left;float: left;margin-bottom: 1em;margin-right: 1em\"><img loading=\"lazy\" decoding=\"async\" border=\"0\" height=\"200\" src=\"http:\/\/4.bp.blogspot.com\/-_VFGOiuuDj8\/VeenS2vAhDI\/AAAAAAAAGOw\/BFRCTwu27GA\/s200\/don_Juan_Manuel.jpg\" width=\"160\" \/><\/a><\/div>\n<div style=\"text-align: justify\"><span style=\"font-family: Verdana, sans-serif\">Juan Manuel de Rosas es una figura pol\u00e9mica para las corrientes  historiograficas.<\/span><\/div>\n<p><span style=\"font-family: Verdana, sans-serif\"><\/span><\/p>\n<div style=\"text-align: justify\"><span style=\"font-family: Verdana, sans-serif\"><br \/><\/span><\/div>\n<p><span style=\"font-family: Verdana, sans-serif\"><\/p>\n<div style=\"text-align: justify\">La semana pasada charlamos sobre la figura de Manuel Dorrego y su fusilamiento a manos de Lavalle, y ahora Repensaremos la figura de Juan Manuel que elevo la divisa rojo-punzo sobre ese crimen.<\/div>\n<div style=\"text-align: justify\"><\/div>\n<div style=\"text-align: justify\">Unos afirman que Rosas en su primer gobierno no fue \u00abel hombre nacional<\/div>\n<div style=\"text-align: justify\"><\/div>\n<div style=\"text-align: justify\">que sera luego\u00bb&nbsp;<\/div>\n<div style=\"text-align: justify\"><\/div>\n<div style=\"text-align: justify\">Otros afirman que nunca lo fue, sino que sigui\u00f3 siendo un hombre de la oligarqu\u00eda bonaerense.<\/div>\n<div style=\"text-align: justify\"><\/div>\n<div style=\"text-align: justify\">Unos afirman que la principal figura hist\u00f3rica que lucho por un verdadero ser nacional, otros lo niegan.<\/div>\n<div style=\"text-align: justify\"><\/div>\n<div style=\"text-align: justify\">La verdad que toda la pol\u00edtica de Rosas se dirig\u00eda a exportar en paz su sebo, su cuero, su tasajo, y a  no alentar la guerra con el interior  de las montoneras, que pugnaban por la Organizaci\u00f3n Nacional, que el dilato lo mas que pudo<\/div>\n<div style=\"text-align: justify\"><\/div>\n<div style=\"text-align: justify\">Pero tambi\u00e9n es el que defiende en la Vuelta de Obligado la soberan\u00eda e integridad territorial.&nbsp;<\/div>\n<div style=\"text-align: justify\"><\/div>\n<div style=\"text-align: justify\">Juan Manuel de Rosas el que no tiene actitud nacionalista fan\u00e1tica que se transforme en una actitud casi xenofoba,&nbsp;<\/div>\n<div style=\"text-align: justify\"><\/div>\n<div style=\"text-align: justify\">Juan Manuel de Rosas el que si tiene una pol\u00edtica pragm\u00e1tica, aunque  ve\u00eda deseable que los ingleses manejasen nuestro comercio exterior, pero que no significaba que usurparan el territorio nacional.<\/div>\n<div style=\"text-align: justify\"><\/div>\n<div style=\"text-align: justify\">Juan Manuel de Rosas y el Ejercito Bonaerense. El de la Mazorca&#8230;.<\/div>\n<p><\/span><\/p>\n<div style=\"text-align: justify\"><span style=\"font-family: Verdana, sans-serif\"><span style=\"font-size: 15px;line-height: 21.2900009155273px\"><b><\/b><\/span><\/span><\/div>\n<p><a name='more'><\/a><span style=\"font-family: Verdana, sans-serif\"><span style=\"font-size: 15px;line-height: 21.2900009155273px\"><b><br \/><\/b><\/span><\/span><\/p>\n<div style=\"text-align: justify\"><b style=\"font-family: Verdana, sans-serif;font-size: 15px;line-height: 21.2900009155273px\"><span style=\"color: blue\"><a href=\"http:\/\/www.mediafire.com\/listen\/8du275c6zurzpp5\/08-24-2015_-_REPENSANDO_LA_HISTORIA_mp3.mp3\" target=\"_blank\" rel=\"noopener\">MANUEL DORREGO Y SU PARTICIPACI\u00d3N DESTACADA<\/a><\/span><\/b><\/div>\n<div style=\"clear: both;text-align: center\"><span style=\"color: red;font-family: Verdana;font-size: large\"><span style=\"background-color: white;color: #444444;font-size: 15px;line-height: 21.29px\"><span style=\"color: black;font-family: Verdana, sans-serif\"><a href=\"http:\/\/1.bp.blogspot.com\/-ZEiNFXCnpoY\/Vd3IbTQktLI\/AAAAAAAAGHg\/2Ten7rXD9RQ\/s1600\/dorrego.jpg\" style=\"clear: left;float: left;margin-bottom: 1em;margin-right: 1em\"><img loading=\"lazy\" decoding=\"async\" border=\"0\" height=\"200\" src=\"http:\/\/1.bp.blogspot.com\/-ZEiNFXCnpoY\/Vd3IbTQktLI\/AAAAAAAAGHg\/2Ten7rXD9RQ\/s200\/dorrego.jpg\" width=\"130\" \/><\/a><\/span><\/span><\/span><\/div>\n<p><\/p>\n<div style=\"text-align: justify\"><b style=\"font-family: Verdana, sans-serif\">Manuel Dorrego,<\/b><span style=\"font-family: Verdana, sans-serif\"> que fue un destacado oficial de las guerras de la independencia.<\/span><\/div>\n<p><\/p>\n<div style=\"text-align: justify\"><span style=\"font-family: Verdana, sans-serif\"><br \/><\/span><\/div>\n<p><span style=\"font-family: Verdana, sans-serif\"><\/span><\/p>\n<div style=\"text-align: justify\"><span style=\"font-family: Verdana, sans-serif\">Participe revolucionario en 1810 junto al pueblo chileno que tambien ya se sublevaba contra el absolutismo espa\u00f1ol, que pedia Junta nueva<\/span><\/div>\n<p><span style=\"font-family: Verdana, sans-serif\"><\/span><\/p>\n<div style=\"text-align: justify\"><span style=\"font-family: Verdana, sans-serif\"><br \/><\/span><\/div>\n<p><span style=\"font-family: Verdana, sans-serif\"><\/p>\n<div style=\"text-align: justify\">Oficial notable de S. Martin y de Belgrano, del cual, este ultimo, llego a decir que si hubiese contado con el capitan Dorrego no habrian sido derrotados en Vilcapugio y Ayohuma.<\/div>\n<p>Soldado intrepido, orador chispeante, amigo de gauchos y adorado por el pueblo, comando ejercitos para rescatar a la Banda Oriental para la patria grande.<\/p>\n<p> Gobernador de la provincia de Buenos Aires, se convertira al federalismo en el transcurso de su vida militar y politica.  Sufrira el exilio y la posterior conspiracion de hacendados y ganaderos que primero lo apoyaban y despues lo abandonaron a su suerte. Los traidores internos, dobles agentes al servicio de los intereses britanicos, buscaron su eliminacion de la escena politica que sera consumada finalmente por el \u00abcabeza alocada\u00bb de Juan Lavalle inducido por el grupo doctoral del sector \u00abrivadaviano\u00bb recien expulsados del gobierno, <\/p>\n<p>Manuel Dorrego capturado en Navarro,  sera  fusilado un 13 de diciembre de 1828 si  proceso ni juicio previo, abriendo una nueva etapa de la historia Argentina<\/span><br \/><span style=\"color: blue;font-family: Verdana;font-size: small\"><a href=\"http:\/\/www.mediafire.com\/listen\/356umq9qq9c5h55\/REPENSANDO_-_18-08-2015_-__SAN_MARTIN-.mp3\" target=\"_blank\" rel=\"noopener\"><strong>HONOR AL GRAN SAN MARTIN, LUCHADOR POR LOS PUEBLOS DE LA PATRIA GRANDE<\/a><\/span><\/div>\n<p><\/p>\n<div style=\"clear: both;text-align: left\"><span style=\"color: red;font-family: Verdana;font-size: large\"> <a href=\"http:\/\/4.bp.blogspot.com\/-Vv9BkBxIad0\/VdPoUrZj6-I\/AAAAAAAAF_0\/33IsTfqRqxE\/s1600\/s%2Bmartin.png\" style=\"clear: left;float: left;margin-bottom: 1em;margin-right: 1em\"><img loading=\"lazy\" decoding=\"async\" border=\"0\" height=\"200\" src=\"http:\/\/4.bp.blogspot.com\/-Vv9BkBxIad0\/VdPoUrZj6-I\/AAAAAAAAF_0\/33IsTfqRqxE\/s200\/s%2Bmartin.png\" width=\"111\" \/><\/a><span style=\"font-size: small\"><span style=\"color: black\">Este lunes 17 de agosto de 2015 se cumplieron 165 a\u00f1os del fallecimiento del Gral Don Jose de San Martin.<\/span><\/span><\/span><\/div>\n<div style=\"text-align: justify\"><span style=\"font-family: Verdana, sans-serif\">Para la Organizacion Social y Politica \u00abLos Pibes\u00bb este militar revolucionario de la causa americana es una referencia imprescindible que galvaniza el compromiso de \u00abNO RENDIRSE JAMAS\u00bb tal cual la ofrenda floral depositada a los pies de su tumba. <\/p>\n<p>Por eso ma\u00f1ana repasaremos la figura del combatiente Jose de San Martin por una America del Sur libre de tutelas extranjeras y unida en una patria grande.<\/span><\/div>\n<p><span style=\"color: red;font-family: Verdana;font-size: large\"><\/span><\/p>\n<div style=\"text-align: justify\"><span style=\"font-family: Verdana\">Rescataremos al San Martin \u00abpadre de la patria\u00bb, para hablar del San Martin combatiente de la Patria Grande.<br \/>Rescataremos al San Martin antiespa\u00f1ol, para hablar del San Martin antiabsolutista<br \/>Rescataremos al supuesto San martin pro-britanico, para charlar del San Martin comandante del Ejercito Unido de los Andes, para batir a los realistas en Chile y el Peru<br \/>Rescataremos al San Martin amigo de Rivadavia, para charlar sobre el San Martin \u00abdesobediente\u00bb y \u00abpoliticamente incorrecto\u00bb que permitio la libertad de media America<br \/>Rescataremos al San Martin civilizador, para charlar sobre el San Martin amigo de las Montoneras Federales desde Guemes hasta Dorrego<\/p>\n<p>En definitiva charlaremos sobre el San Martin que un 27de Julio de 1819 desobedeciendo la orden del Directorio de reprimir a los caudillos populares del Litoral, emite una Orden General: <\/p>\n<p> \u00abCompa\u00f1eros del ejercito de los Andes: La guerra se la tenemos de hacer del modo que podamos: sino tenemos dinero, carne y y un pedazo de tabaco no nos tiene de faltar: cuando se acaben los vestuarios, nos vestiremos con la bayetilla que nos trabajen nuestras mugeres, y sino andaremos en pelota como nuestros paisanos los indios: seamos libres, y lo demas no importa nada.. Compa\u00f1eros, juremos no dejar las armas de la mano, hasta ver el pais enteramente libre, o morir con ellas como hombres de coraje\u00bb.&nbsp;<\/span><\/p>\n<p><span style=\"font-family: Verdana, sans-serif\"> <\/span><br \/><span style=\"color: red;font-family: Verdana;font-size: large\"><span style=\"color: black;font-size: small\">Ac\u00e1 pod\u00e9s escuchar sobre:<a href=\"http:\/\/www.mediafire.com\/listen\/88ejk66lm5pw9ox\/08-03-2015_-REPENSANDO_LA_HISTORIA_EDITADO.mp3\" target=\"_blank\" rel=\"noopener\"><strong><span style=\"color: blue\">COMIENZA LA ORGANIZACI\u00d3N NACIONAL<\/span><\/strong><\/a><\/span><br \/>&nbsp;<\/span><span style=\"font-family: Verdana, sans-serif\">El absolutismo espa\u00f1ol a sido derrotado en todo el territorio. las campa\u00f1as militares por el Norte y el Oeste llevaron la guerra por la emancipaci\u00f3n de la corona espa\u00f1ola hasta el Per\u00fa. Ya tenemos declaraci\u00f3n de la independencia. Se va entrando en la organizaci\u00f3n de la Argentina, por lo que se requiere la soluci\u00f3n de las cuestiones econ\u00f3micas y sociales y de los aspectos pol\u00edticos y de organizaci\u00f3n del nuevo estado. El frente democr\u00e1tico antiabsolutista se rompe. Cada fracci\u00f3n de clase disputara estos temas seg\u00fan su \u00f3ptica ideol\u00f3gica y pol\u00edtica. Se entra as\u00ed en una \u00e9poca de guerras internas conocidas como: La Anarqu\u00eda del A\u00f1o XX. <\/span><span style=\"color: red;font-family: Verdana;font-size: large\"><br \/><span style=\"color: black\">&nbsp;&#8212;&#8211;<\/span><\/p>\n<p><\/span><\/p>\n<div style=\"clear: both;text-align: left\"><\/div>\n<p><span style=\"color: red;font-family: Verdana;font-size: large\"><\/span><\/p>\n<div style=\"text-align: justify\"><\/div>\n<p><span style=\"color: red;font-family: Verdana;font-size: large\"><\/span><\/p>\n<div style=\"text-align: justify\"><\/div>\n<p><span style=\"color: red;font-family: Verdana;font-size: large\"><\/span><\/p>\n<div style=\"clear: both;text-align: justify\"><\/div>\n<p><span style=\"color: red;font-family: Verdana;font-size: large\"><\/span><\/p>\n<div style=\"background-color: white;clear: both;color: #444444;font-size: 15px;line-height: 21.29px;text-align: justify\"><\/div>\n<p><span style=\"color: red;font-family: Verdana;font-size: large\"><\/p>\n<div style=\"clear: both;text-align: left\"><span style=\"color: black\"><\/span><\/div>\n<p><span style=\"color: black\"><\/span><\/p>\n<div style=\"background-color: white;clear: both;color: #444444;font-size: 15px;line-height: 21.29px;text-align: justify\"><\/div>\n<p><span style=\"color: black\"><\/span><\/p>\n<div style=\"background-color: white;clear: both;color: #444444;font-size: 15px;line-height: 21.29px;text-align: justify\"><\/div>\n<p><\/span><\/div>\n<div style=\"clear: both;text-align: left\"><span style=\"color: red;font-family: Verdana;font-size: large\">  <span style=\"color: black\"><\/span>&nbsp;<\/span><\/div>\n<div style=\"text-align: left\"><a href=\"http:\/\/4.bp.blogspot.com\/-5a1EomSitag\/Vcqw8RfJj9I\/AAAAAAAAF7k\/Tv5PT3Zxl0I\/s1600\/Bernardino_Rivadavia_2.jpg\" style=\"clear: left;float: left;margin-bottom: 1em;margin-right: 1em\"><img loading=\"lazy\" decoding=\"async\" border=\"0\" height=\"200\" src=\"http:\/\/4.bp.blogspot.com\/-5a1EomSitag\/Vcqw8RfJj9I\/AAAAAAAAF7k\/Tv5PT3Zxl0I\/s200\/Bernardino_Rivadavia_2.jpg\" width=\"135\" \/><\/a><span style=\"background-color: white;color: #444444;font-size: 15px;line-height: 21.29px\"><span style=\"color: black;font-family: Verdana, sans-serif\"><\/span><\/span><\/div>\n<div style=\"text-align: left\"><span style=\"color: #073763;font-family: Verdana\"><a href=\"http:\/\/www.mediafire.com\/listen\/b0hs6maabgd522g\/REPENSANDO_LA_HISTORIA_-_MANU_REYES-_RIVADAVIA.mp3\" target=\"_blank\" rel=\"noopener\"><b>LA ORGANIZACI\u00d3N NACIONAL Y LA CONTROVERTIDA FIGURA DE RIVADAVIA<\/b><\/a><\/span><\/div>\n<div style=\"text-align: justify\"><span style=\"font-family: Verdana, sans-serif\">Estamos abordando el per\u00edodo de la Organizacion Nacional que abordamos la semana pasada. <br \/>Las diferentes posiciones ante la resolucion de como debia ser Organizacion Nacional arrastro al pais a intermitentes guerras civiles que se iniciaron en 1820 y que se la denomino por determinada historiografia como la \u00abanarquia del a\u00f1o XX\u00bb.<\/span><br \/><span style=\"font-family: Verdana, sans-serif\">Aparecen diversas figuras confrontando entre si. Una de ella es la que abordaremos ma\u00f1ana: Bernardino Rivadavia. Primer Presidente argentino. Miliciano con el grado de Capital en el Cuerpo de \u00abgallegos\u00bb durante las invasiones inglesas. Fue participe en el Cabildo el 22 de mayo de 1810 y voto contra la continuidad del Virrey, aunque no tuvo un papel protagonico. En el enfrentamiento entre saavedristas y morenistas, tomo partido por estos ultimos&#8230;.<br \/>Por iniciativa de Rivadavia, el gobierno contrato en 1824, un emprestito con la firma inglesa Baring Brothers por un millon de libras<br \/>Personaje controvertido de nuestra historia, y no sera el unico.<\/span><\/div>\n<div style=\"text-align: left\"><\/p>\n<div style=\"text-align: left\"><span style=\"font-family: Verdana, sans-serif\">&nbsp;Escuch\u00e1 a continuaci\u00f3n:<\/span><\/div>\n<div style=\"text-align: left\"><span style=\"color: #134f5c;font-family: Verdana, sans-serif\"><b>&nbsp;<\/b><\/span><a href=\"http:\/\/www.mediafire.com\/listen\/evwtk52dvg6f5xy\/20-07-2015_-_REPENSANDO_LA_HISTORIA_S._MARTIN_1%C2%BA.mp3\" target=\"_blank\" rel=\"noopener\"><span style=\"color: blue;font-family: Verdana, sans-serif\"><b>SAN MARTIN 1\u00ba PARTE<\/b><\/span><\/a><\/div>\n<div style=\"text-align: left\"><\/div>\n<div style=\"clear: both;text-align: center\"><a href=\"http:\/\/4.bp.blogspot.com\/-zCvfbJE3VwM\/VcquPARa66I\/AAAAAAAAF7Y\/Tf3uhEk5Njg\/s1600\/sanmartijose.jpg\" style=\"clear: left;float: left;margin-bottom: 1em;margin-right: 1em\"><img loading=\"lazy\" decoding=\"async\" border=\"0\" height=\"200\" src=\"http:\/\/4.bp.\nblogspot.com\/-zCvfbJE3VwM\/VcquPARa66I\/AAAAAAAAF7Y\/Tf3uhEk5Njg\/s200\/sanmartijose.jpg\" width=\"165\" \/><\/a><\/div>\n<div style=\"text-align: justify\"><span style=\"font-family: Verdana, sans-serif\">Nos estamos acercando a agosto y&nbsp; &nbsp;conmemorar el 165 aniversario del fallecimiento del General Don Jose de San Martin, por lo que comenzaremos a recordar su figura en los acontecimientos de la luchas antiabsolutistas.<br \/>Fernando VII a sido devuelto al trono de Espa\u00f1a, en un acuerdo con Napoleon. El absolutismo retoma las riendas del despotismo reprimiendo las juntas populares en la peninsula, y amenaza a las Juntas de America que habian comenzado a romper las cadenas de la dominacion colonialista. San Martin lo sabe por el Director Supremo Posadas que en una carta le avisa:<br \/><b><i>\u00abEl maldito Bonaparte la embarro, expiro su imperio y nos ha dejado en        los cuernos del toro. Yo soy del parecer que nuestra situacion politica ha      variado mucho y que por consiguiente, deben variar tambien nuestras futuras medidas\u00bb<\/i><\/b><\/span><\/div>\n<div style=\"text-align: left\"><\/div>\n<div style=\"text-align: left\"><a href=\"http:\/\/www.mediafire.com\/listen\/nz6bky7g2cu1rc6\/REPENSANDO_LA_HISTORIA_13_DE_JULIO_FINAL_juana.mp3\"><span style=\"color: blue;font-family: Verdana, sans-serif\"><b>CELEBRAMOS A JUANA, REVOLUCIONARIA, AMAZONA Y MONTONERA<\/b><\/span><\/a><\/div>\n<div style=\"clear: both;text-align: center\"><a href=\"http:\/\/2.bp.blogspot.com\/-vu3MHQoZnms\/Vaw6Qg_yNMI\/AAAAAAAAFeM\/8S3wmvmiNHY\/s1600\/juana.jpg\" style=\"clear: left;float: left;margin-bottom: 1em;margin-right: 1em\"><img loading=\"lazy\" decoding=\"async\" border=\"0\" height=\"137\" src=\"http:\/\/2.bp.blogspot.com\/-vu3MHQoZnms\/Vaw6Qg_yNMI\/AAAAAAAAFeM\/8S3wmvmiNHY\/s200\/juana.jpg\" width=\"200\" \/><\/a><\/div>\n<div style=\"text-align: left\"><span style=\"font-family: Verdana\">Al cumplirse el 235 aniversario de su nacimiento.<\/span><\/div>\n<div style=\"text-align: justify\"><span style=\"font-family: Verdana, sans-serif\">En funci\u00f3n&nbsp;de la inauguraci\u00f3n&nbsp;del monumento a Juana Azurduy, ocurrido&nbsp;el 15 de julio,&nbsp;y que cont\u00f3 con la presencia del presidente de la Rep\u00fablica Plurinacional de Bolivia, Evo Morales y de&nbsp;la presidenta Cristina F. de Kirchner,<\/span>&nbsp;&nbsp;<span style=\"font-family: Verdana, sans-serif\">este lunes&nbsp;volvimos a recordar la figura de nuestra revolucionaria alto peruana, amazona y montonera Juana Azurduy.&nbsp; <\/span><\/div>\n<div style=\"text-align: left\"><span style=\"font-family: Verdana\"><\/span><\/div>\n<div style=\"text-align: justify\"><span style=\"font-family: Verdana\">Se pretendi\u00f3&nbsp; invisibilizarla por ser mujer participe de las luchas independentistas, por su ascendencia chola y criolla, por su participacion en el proyecto de liberador de Manuel Belgrano, por su apoyo a la guerra de montonera de Martin de Guemes.<\/span><\/div>\n<div style=\"text-align: left\"><span style=\"font-family: Verdana\"><\/span><\/div>\n<div style=\"text-align: justify\"><span style=\"font-family: Verdana\">Juana era una mujer como tantas otras que pensaba en el futuro de sus hijos de su familia, pero donde tambien participaba en largas tertulias con su esposo Padilla y otros patriotas sobre la necesidad de independizarse del opresor espa\u00f1ol.<\/span><\/div>\n<div style=\"text-align: left\"><span style=\"font-family: Verdana\"><\/span><\/div>\n<div style=\"text-align: left\"><span style=\"font-family: Verdana\">El 25 de mayo de 1809 el gobierno virreinal de Chuquisaca es depuesto por una pueblada. Ella y su esposo Padilla consideran que lleg\u00f3 la hora de comprometerse con el cambio y terminar con los \u00abgodos\u00bb, y participan apoyando a Juan Antonio Alvarez de Arenales, en una insurreccion sangrienta.&nbsp;<\/span><\/div>\n<div style=\"text-align: left\"><span style=\"font-family: Verdana\"><\/span><\/p>\n<div style=\"text-align: left\"><span style=\"font-family: Verdana\">Los realistas con Jose Manuel de Goyeneche general de las tropas realistas a la cabeza, que retoman el control de la ciudad no los olvidaran.<\/span><\/div>\n<div style=\"text-align: left\"><span style=\"font-family: Verdana\"><\/span><\/div>\n<p><span style=\"font-family: Verdana\"><\/span><\/p>\n<div style=\"text-align: left\"><span style=\"font-family: Verdana\">Juana se convierte asi en una de las mujeres revolucionarias mas destacada de la Patria Grande.<\/span><\/p>\n<div><\/p>\n<div><span style=\"font-family: Verdana\">La recordaremos entonces nuevamente ante la pronta inauguracion de su monumento el 15 de julio proximo con la presencia del compa\u00f1ero presidente del Estado plurinacional de Bolivia Evo Morales Ayma y la Presidenta argentina Cristina Fernandez de Kirchner, <\/span><\/div>\n<\/div>\n<\/div>\n<p><span style=\"font-family: Verdana\"><\/span><\/p>\n<div style=\"text-align: left\"><span style=\"font-family: Verdana\"><\/span><\/div>\n<div style=\"text-align: left\"><\/div>\n<div style=\"text-align: left\"><span style=\"font-family: Verdana\"><\/span><\/div>\n<div style=\"text-align: left\"><a href=\"http:\/\/www.mediafire.com\/view\/ykz45xrblhidkbz\/06-07-15%20REPENSANDO%20antecedentes%20del%209%20de%20julio.mp3\"><span style=\"color: blue;font-family: Verdana, sans-serif\"><b>ANTECEDENTES DEL 9 DE JULIO <\/b><\/span><\/a><\/div>\n<div style=\"clear: both;text-align: center\"><a href=\"http:\/\/3.bp.blogspot.com\/-2lnF2nKcG3Y\/VZ6JZxmEyII\/AAAAAAAAFNQ\/puPD0nw-XZ4\/s1600\/9-de-julio1.jpg\" style=\"clear: left;float: left;margin-bottom: 1em;margin-right: 1em\"><img loading=\"lazy\" decoding=\"async\" border=\"0\" height=\"146\" src=\"http:\/\/3.bp.blogspot.com\/-2lnF2nKcG3Y\/VZ6JZxmEyII\/AAAAAAAAFNQ\/puPD0nw-XZ4\/s200\/9-de-julio1.jpg\" width=\"200\" \/><\/a><\/div>\n<div style=\"text-align: justify\"><span style=\"font-family: Verdana, sans-serif\">Han transcurrido casi tres a\u00f1os desde la covocatoria a la hist\u00f3rica Asamblea del a\u00f1o XIII, y sus decretos mas profundos,  que muestran la vuelta y vitalidad de los partidarios del proyecto morenista, por la emancipacion definitiva.<\/span><br \/><span style=\"font-family: Verdana, sans-serif\">El tiempo urge porque a\u00fan la decisi\u00f3n de separarse de Espa\u00f1a y la Santa Alianza, que promueve Europa la restauraci\u00f3n mon\u00e1rquica, no ha adquirido la firmeza necesaria , entre otros motivos porque en 1814 Fernando VII habia regresado a su trono y esto significaba que combatir\u00eda a los movimientos liberales y democr\u00e1ticos. <br \/>Las medidas mas profundas decretadas por la  Asamblea del XIII corren el riesgo de perderse si el absolutismo vuelve al poder en los territorios del Alto Peru. El \u00abfernandismo\u00bb ya no es una estrategia valida. Hay que apurar el paso y proclamarnos libres, romper con la monarquia espa\u00f1ola y renunciar a toda otra dominacion extranjera. <\/span><br \/><span style=\"font-family: Verdana, sans-serif\">San Martin le envia una carta al diputado por Cuyo Tomas Godoy Cruz. <\/span><\/div>\n<div style=\"text-align: left\"><span style=\"font-family: Verdana, sans-serif\"><\/span><\/div>\n<div style=\"text-align: left\"><span style=\"font-family: Verdana, sans-serif\"><b>\u00abHasta cuando esperamos declarar nuestra independencia. \u00bfNo le parece a usted una cosa bien ridicula, acu\u00f1ar moneda, tener pabellon y cucarda nacional y por ultimo hacer la guerra al soberano de quien  en el dia se cree dependemos? \u00bfQue no falta mas que decirlo?<br \/>\u00abAnimo, que para los hombres de coraje se han hecho las empresas\u00bb!! <\/b>El 9 de Julio viene llegando&nbsp;&#8230; escuch\u00e1 el pr\u00f3ximo lunes la columna de Repensando la historia, columna tem\u00e1tica Riachuelo<\/span><span style=\"font-family: Verdana\"><\/span><\/div>\n<div style=\"text-align: left\"><span style=\"font-family: Verdana\"><\/span><\/div>\n<div style=\"text-align: left\"><span style=\"font-family: Verdana\"><a href=\"http:\/\/www.mediafire.com\/listen\/dqjqt30kjbom2y4\/REPENSANDO_LA_HISTORIA-_29-06-2015-__LA_FAMOSA_ASAMBLEA_DEL_A%C3%91O_XXIII.mp3\"><span style=\"color: blue;font-family: Verdana, sans-serif\"><b>LA FAMOSA ASAMBLEA DEL A\u00d1O XIII<\/b><\/span><\/a><\/span><\/div>\n<div style=\"text-align: left\"><a href=\"http:\/\/1.bp.blogspot.com\/-Qb8hXHScpW8\/VZU9eyFeoFI\/AAAAAAAAFD4\/COIIS9jUPGQ\/s1600\/lautaro.jpg\" style=\"clear: left;float: left;margin-bottom: 1em;margin-right: 1em\"><img loading=\"lazy\" decoding=\"async\" border=\"0\" height=\"200\" src=\"http:\/\/1.bp.blogspot.com\/-Qb8hXHScpW8\/VZU9eyFeoFI\/AAAAAAAAFD4\/COIIS9jUPGQ\/s200\/lautaro.jpg\" width=\"154\" \/><\/a><span style=\"font-family: Verdana\"><b>EL G\u00c9RMEN DE NUESTRA EMANCIPACI\u00d3N\/ MANUEL BELGRANO 2\u00ba PARTE<\/b><\/span><\/div>\n<div style=\"background-color: white;text-align: justify\"><span style=\"font-family: Verdana\"><span style=\"color: black;font-family: Verdana, sans-serif\"><span style=\"font-size: 15px;line-height: 21.29px\">Seguimos repensando la historia en los grandes hechos, que marcaron nuestro derrotero como&nbsp;naci\u00f3n.<\/span><\/span><\/span><\/div>\n<div style=\"text-align: left\"><span style=\"font-family: Verdana\"><\/span><\/div>\n<div style=\"background-color: white;text-align: justify\"><span style=\"font-family: Verdana\"><span style=\"color: black;font-family: Verdana, sans-serif\"><span style=\"font-size: 15px;line-height: 21.29px\">Arrancamos en la semana de Mayo de 1810 donde un \u00abFrente Democratico &nbsp;Amplio\u00bb de&nbsp;\u00e9poca, inicia el camino&nbsp;de la&nbsp;Emancipaci\u00f3n&nbsp;con objetivos de Patria Grande, a partir del protagonismo popular y del fervor revolucionario&nbsp;de Moreno, secundado por Belgrano, Castelli, French y tantos otros.&nbsp;<\/span><\/span><\/span><\/div>\n<div style=\"text-align: left\"><span style=\"font-family: Verdana\"><\/span><\/div>\n<div style=\"background-color: white;color: #444444;font-size: 15px;line-height: 21.29px;text-align: justify\"><span style=\"font-family: Verdana\"><span style=\"color: black;font-family: Verdana, sans-serif\"><span style=\"font-size: 15px;line-height: 21.29px\"><\/span><\/span> <\/span><\/div>\n<div style=\"background-color: white;color: #444444;font-size: 15px;line-height: 21.29px;text-align: justify\"><span style=\"font-family: Verdana\"><span style=\"color: black;font-family: Verdana, sans-serif\"><span style=\"font-size: 15px;line-height: 21.29px\">Pero el \u00abfrente&nbsp;\u00fanico\u00bb se resquebraja, la contra&nbsp;revoluci\u00f3n&nbsp;no se hace esperar y comienzan las operaciones e intrigas&nbsp;para desplazar al sector morenista. En 1811 aparece Rivadavia y su politica. Lo logran en parte disolviendo la Primera Junta e instaurando el Primer Triunvirato. <\/span><\/span><\/span><\/div>\n<div style=\"background-color: white;color: #444444;font-size: 15px;line-height: 21.29px;text-align: justify\"><span style=\"font-family: Verdana\"><\/span><\/div>\n<div style=\"text-align: left\"><span style=\"font-family: Verdana\"><\/span><\/div>\n<div style=\"background-color: white;color: #444444;font-size: 15px;line-height: 21.29px;text-align: justify\"><span style=\"font-family: Verdana\"><span style=\"color: black;font-family: Verdana, sans-serif\"><span style=\"font-size: 15px;line-height: 21.29px\">En 1812 la Logia Lautaro de San&nbsp;Mart\u00edn&nbsp;y la Sociedad&nbsp;Patri\u00f3tica&nbsp;expresan la contraofensiva de las ideas no muertas&nbsp;del morenismo, aunque este ya no esta.&nbsp;<\/span><\/span><\/span><\/div>\n<div style=\"text-align: left\"><span style=\"font-family: Verdana\"><\/span><\/div>\n<div style=\"background-color: white;text-align: justify\"><span style=\"font-family: Verdana\"><span style=\"color: black;font-family: Verdana, sans-serif\"><span style=\"font-size: 15px;line-height: 21.29px\">Castelli agoniza, Belgrano pelea en el Norte. Faltan cuatro a\u00f1os para llegar al 9 de Julio y sin embargo los revolucionarios antes de 1816, &nbsp;convocan a una Asamblea que se la&nbsp;conocer\u00e1&nbsp;como la del a\u00f1o XIII.&nbsp;<\/span><\/span><\/span><\/div>\n<div style=\"text-align: left\"><span style=\"font-family: Verdana\"><\/span><\/div>\n<div style=\"background-color: white;color: #444444;font-size: 15px;line-height: 21.29px;text-align: justify\"><span style=\"font-family: Verdana\"><span style=\"color: black\"><span style=\"font-family: Verdana, sans-serif;line-height: 21.29px\">Vamos entrando en el mes de Julio, el mes de la&nbsp;Declaraci\u00f3n<\/span><span style=\"font-family: Verdana, sans-serif;line-height: 21.29px\">&nbsp;de la Independencia, pero esa Asamblea del a\u00f1o XIII, si&nbsp;bien no sanciona la&nbsp;declaraci\u00f3n<\/span><span style=\"font-family: Verdana, sans-serif;line-height: 21.29px\">&nbsp;que nos declaro independiente, logra reafirmar aspectos de la&nbsp;naturaleza&nbsp;democr\u00e1tica&nbsp;de la&nbsp;Revoluci\u00f3n&nbsp;iniciada en Mayo, con lo cual la &nbsp;revoluci\u00f3n<\/span><span style=\"font-family: Verdana, sans-serif;line-height: 21.29px\">&nbsp;entonces no ha muerto, solo&nbsp;tuvo&nbsp;parciales derrotas y retrocesos como en todo proceso emancipador. la Lucha continua&#8230;..<\/span><\/span><\/span><\/div>\n<div style=\"text-align: left\"><span style=\"font-family: Verdana\"><\/span><span style=\"font-family: Verdana\"><\/span><\/div>\n<div style=\"text-align: left\"><span style=\"font-family: Verdana\"><b>CR\u00d3NICA 2\u00ba DE MANUEL BELGRANO<\/b><\/span><\/div>\n<div style=\"text-align: left\"><span style=\"font-family: Verdana\">En<b> Mateando en el Riachuelo <\/b>escuchamos la historia relatada de<b>: <\/b><\/span><\/div>\n<div style=\"text-align: left\"><span style=\"font-family: Verdana\"><a href=\"http:\/\/www.mediafire.com\/listen\/gk4x8ymy86yvdyf\/22-06-2015_-BELGRANO2%C2%BA.mp3\"><span style=\"color: blue\"><b>BELGRANO MULTIFAC\u00c9TICO<\/b><\/span><\/a><b> <\/b><\/span><\/div>\n<div style=\"text-align: left\"><b><span style=\"font-family: Verdana\"><\/span><\/b><\/div>\n<div style=\"clear: both;text-align: center\"><a href=\"http:\/\/4.bp.blogspot.com\/-lAgExj5SI5s\/VZU8YJOhcNI\/AAAAAAAAFDs\/jEUojCuC9-g\/s1600\/mbelgra.jpg\" style=\"clear: left;float: left;margin-bottom: 1em;margin-right: 1em\"><img loading=\"lazy\" decoding=\"async\" border=\"0\" height=\"131\" src=\"http:\/\/4.bp.blogspot.com\/-lAgExj5SI5s\/VZU8YJOhcNI\/AAAAAAAAFDs\/jEUojCuC9-g\/s200\/mbelgra.jpg\" width=\"200\" \/><\/a><\/div>\n<div style=\"text-align: justify\"><span style=\"font-family: Verdana\"><span style=\"background-color: white;color: #444444;font-size: 15px;line-height: 21.29px\"><span style=\"color: black;font-family: Verdana, sans-serif\">Continuamos con la semblanza de Manuel Belgrano repasando su multifacetica actividad, pero haciendo centro en el Belgrano impulsor de la agricultura, la industria, el comercio. El Belgrano que le escribe una dedicatoria a los labradores.&nbsp;<\/span><\/span><\/span><\/div>\n<div style=\"text-align: left\"><span style=\"font-family: Verdana\"><\/span><\/div>\n<div style=\"background-color: white;text-align: justify\"><span style=\"font-family: Verdana\"><span style=\"color: black;font-family: Verdana, sans-serif\"><span style=\"font-size: 15px;line-height: 21.29px\">\u00bfPodemos en las condiciones actuales rescatar a Belgrano para el impulso de la&nbsp;Econom\u00eda&nbsp;Popular hoy?&nbsp;<\/span><\/span><\/span><\/div>\n<div style=\"text-align: left\"><span style=\"font-family: Verdana\"><\/span><\/div>\n<div style=\"background-color: white;text-align: justify\"><span style=\"font-family: Verdana\"><span style=\"color: black;font-family: Verdana, sans-serif\"><span style=\"font-size: 15px;line-height: 21.29px\">Sin duda! En las luchas actuales, nos paramos sobre los hombros de los que nos precedieron en las peleas de cada&nbsp;\u00e9poca&nbsp;por hacer realidad la&nbsp;emancipaci\u00f3n&nbsp;nacional!<\/span><\/span><\/span><\/div>\n<div style=\"text-align: left\"><span style=\"font-family: Verdana\"><\/span><\/div>\n<div style=\"text-align: left\"><span style=\"font-family: Verdana, sans-serif;font-size: small\"><b>CR<span style=\"font-size: small\">\u00d3<\/span>NICA DE JUANA AZURDUY<\/b> <\/span><\/div>\n<div style=\"clear: both;text-align: left\"><span style=\"font-family: Verdana, sans-serif\"><a href=\"http:\/\/2.bp.blogspot.com\/-CAnjqH890SI\/VYdXVYGgA9I\/AAAAAAAAE3I\/ogCA7ZNluN4\/s1600\/juana2.jpg\" style=\"clear: left;float: left;margin-bottom: 1em;margin-right: 1em\"><img loading=\"lazy\" decoding=\"async\" border=\"0\" height=\"200\" src=\"http:\/\/2.bp.blogspot.com\/-CAnjqH890SI\/VYdXVYGgA9I\/AAAAAAAAE3I\/ogCA7ZNluN4\/s200\/juana2.jpg\" width=\"136\" \/><\/a><\/span><\/div>\n<div style=\"text-align: left\"><span style=\"font-family: Verdana, sans-serif\">En <span style=\"color: red\"><b>Mateando en el Riachuelo<\/b><\/span> escuchamos la historia contada de:<\/span><br \/><span style=\"font-family: Verdana, sans-serif\"><a href=\"http:\/\/www.mediafire.com\/listen\/kv3g3txyfdj9cn4\/JUANA_AZURDUY-_08-06-2015.mp3\"><span style=\"color: blue\"><b>JUANA AZURDUY <\/b><\/span><\/a><\/span><br \/><span style=\"font-family: Verdana, sans-serif\">Damos inicio con una semblanza de la figura de Juana Azurduy, una de las combatientes mas<br \/>\ndestacadas de las guerras independentista de nuestra America posterior a los levantamientos insurrecionales indigenas de 1780, y al triunfo revolucionario de Mayo de 1810.<\/span><br \/><span style=\"font-family: Verdana, sans-serif\">Con el inicio de la historia de Juana, damos comienzo al tema de las guerras populares en la America del Sur y el papel jugado por las mujeres de nuestra patria grande.<\/span><br \/><span style=\"font-family: Verdana, sans-serif\">\u00bfPor que la historia de Juana Azurduy fue negada -como tantos otros hechos-  durante a\u00f1os siendo que fue un guerrillera que opero bajo las ordenes de Manuel Belgrano en la campa\u00f1a del Norte?<\/span><br \/><span style=\"font-family: Verdana, sans-serif\">Son muchas las razones que la historia oficial tuvo,  para invisibilizar esa historia como las otras. Ma\u00f1ana comenzaremos a correr ese velo que pretendio negarnos un conocimiento acabado y profundo de Juana, pero tambien de French y Beruti, de Castelli, de Machaca Guemes, de Monteagudo, de Rosas o Lopez Jordan y tantisimos otros.<\/span><\/div>\n<div style=\"text-align: left\"><\/div>\n<div style=\"background-color: white;color: #444444;font-size: 15px;line-height: 21.29px;text-align: left\"><\/div>\n<div style=\"text-align: left\"><span style=\"font-family: Verdana, sans-serif\"><b>CR\u00d3NICA DE MANUEL BELGRANO<\/b><\/span><\/div>\n<div style=\"clear: both;text-align: left\"><a href=\"http:\/\/4.bp.blogspot.com\/-Z1mSYr3pFZQ\/VYdZhCx9DJI\/AAAAAAAAE3Q\/CzUDmzPYWM0\/s1600\/BELGRANO.jpg\" style=\"clear: left;float: left;margin-bottom: 1em;margin-right: 1em\"><img loading=\"lazy\" decoding=\"async\" border=\"0\" height=\"208\" src=\"http:\/\/4.bp.blogspot.com\/-Z1mSYr3pFZQ\/VYdZhCx9DJI\/AAAAAAAAE3Q\/CzUDmzPYWM0\/s320\/BELGRANO.jpg\" width=\"320\" \/><\/a><\/div>\n<div style=\"text-align: left\"><span style=\"font-family: Verdana, sans-serif\">Escuch\u00e1 ahora la historia contada de:<\/span><\/div>\n<div style=\"text-align: left\"><span style=\"font-family: Verdana, sans-serif\"><a href=\"http:\/\/www.mediafire.com\/listen\/99awfy55fa0ktr0\/MANUEL_BELGRANO_15-06-2015-.mp3\"><b><span style=\"color: blue\">MANUEL BELGRANO<\/span><\/b><\/a><\/span><\/div>\n<div style=\"text-align: left\"><span style=\"font-family: Verdana, sans-serif\">Para continuar  adentrandonos en nuestra Historia Nacional de la Patria Grande.<\/span><\/div>\n<div style=\"text-align: left\"><span style=\"font-family: Verdana, sans-serif\">Los acontecimientos mas destacables desde Mayo de 1810 en esta ocasi\u00f3n conversaremos sobre Manuel Belgrano.<br \/>Manuel Jose Joaquin del Corazon de Jesus  Belgrano esta relacionado desde un primer momento a los acontemientos mas trascendentales de nuestra historia. <br \/>Fue abogado, economista, periodista, intelectual , militar del pueblo, porte\u00f1o.<br \/>Participo en la defensa de Buenos Aires en 1806-1807.<br \/>Destituyo a Cisneros. Creo  y fue vocal de la Primera Junta. <br \/>Participo en la guerra de la independencia.<br \/>En 1812 crea la bandera nacional. Fue general del Ejercito del Norte. <br \/>Dirige el exodo juje\u00f1o.<br \/>Comando las batallas de Tucuman y Salta que pusieron fin a la hegemonia realista en nuestras tierras. <br \/>Cualquiera de los hechos que veamos de Belgrano lo ubica como una figura imprescindible de la  emancipacion Americana, por lo que seguiremos su senda de revolucionario durante todo el resto del mes de Junio.<\/span><\/div>\n<div style=\"text-align: left\"><span style=\"font-size: x-small\"><span style=\"font-family: Verdana,sans-serif\"><span style=\"color: #0b5394\"><b>PRODUCCI\u00d3N RIACHUELO<\/b><\/span><\/span><\/span><\/div>\n<\/div>\n<\/div>\n","protected":false},"excerpt":{"rendered":"<p>REPENSANDO NUESTRA HISTORIA LA COLUMNA TEM\u00c1TICA A CARGO DE NUESTRO COLABORADOR MANU REYESLa pod\u00e9s escuchar nuevamente ac\u00e1:JUAN MANUEL DE ROSAS, una figura pol\u00e9mica para la historia Juan Manuel de Rosas es una figura pol\u00e9mica para las corrientes historiograficas. La semana pasada charlamos sobre la figura de Manuel Dorrego y su fusilamiento a manos de Lavalle, [&hellip;]<\/p>\n","protected":false},"author":4,"featured_media":0,"comment_status":"open","ping_status":"open","sticky":false,"template":"","format":"standard","meta":{"_monsterinsights_skip_tracking":false,"_monsterinsights_sitenote_active":false,"_monsterinsights_sitenote_note":"","_monsterinsights_sitenote_category":0,"jnews-multi-image_gallery":[],"jnews_single_post":{"format":"standard"},"jnews_primary_category":[],"_joinchat":[],"footnotes":""},"categories":[58],"tags":[108,72],"class_list":["post-18372","post","type-post","status-publish","format-standard","hentry","category-noticiariachuelo","tag-comunicacion-popular","tag-historia-de-la-lucha-de-los-pueblos"],"_links":{"self":[{"href":"http:\/\/fmriachuelo.it10.com.ar\/index.php\/wp-json\/wp\/v2\/posts\/18372","targetHints":{"allow":["GET"]}}],"collection":[{"href":"http:\/\/fmriachuelo.it10.com.ar\/index.php\/wp-json\/wp\/v2\/posts"}],"about":[{"href":"http:\/\/fmriachuelo.it10.com.ar\/index.php\/wp-json\/wp\/v2\/types\/post"}],"author":[{"embeddable":true,"href":"http:\/\/fmriachuelo.it10.com.ar\/index.php\/wp-json\/wp\/v2\/users\/4"}],"replies":[{"embeddable":true,"href":"http:\/\/fmriachuelo.it10.com.ar\/index.php\/wp-json\/wp\/v2\/comments?post=18372"}],"version-history":[{"count":1,"href":"http:\/\/fmriachuelo.it10.com.ar\/index.php\/wp-json\/wp\/v2\/posts\/18372\/revisions"}],"predecessor-version":[{"id":24017,"href":"http:\/\/fmriachuelo.it10.com.ar\/index.php\/wp-json\/wp\/v2\/posts\/18372\/revisions\/24017"}],"wp:attachment":[{"href":"http:\/\/fmriachuelo.it10.com.ar\/index.php\/wp-json\/wp\/v2\/media?parent=18372"}],"wp:term":[{"taxonomy":"category","embeddable":true,"href":"http:\/\/fmriachuelo.it10.com.ar\/index.php\/wp-json\/wp\/v2\/categories?post=18372"},{"taxonomy":"post_tag","embeddable":true,"href":"http:\/\/fmriachuelo.it10.com.ar\/index.php\/wp-json\/wp\/v2\/tags?post=18372"}],"curies":[{"name":"wp","href":"https:\/\/api.w.org\/{rel}","templated":true}]}}