{"id":18370,"date":"2015-09-03T02:00:00","date_gmt":"2015-09-03T02:00:00","guid":{"rendered":"http:\/\/fmriachuelo.observatorioess.org.ar\/index.php\/2015\/09\/03\/economia-popular-vendedores-de-la-via-publica\/"},"modified":"2025-05-13T16:29:05","modified_gmt":"2025-05-13T19:29:05","slug":"economia-popular-vendedores-de-la-via-publica","status":"publish","type":"post","link":"http:\/\/fmriachuelo.it10.com.ar\/index.php\/2015\/09\/03\/economia-popular-vendedores-de-la-via-publica\/","title":{"rendered":"ECONOM\u00cdA POPULAR: VENDEDORES DE LA V\u00cdA P\u00daBLICA"},"content":{"rendered":"<p><span style=\"color: red;font-family: Verdana, sans-serif;font-size: large\"><b>LOS PERSEGUIDOS<\/b><\/span><\/p>\n<div style=\"clear: both;text-align: center\"><a href=\"http:\/\/4.bp.blogspot.com\/-UTWTmAmbuFM\/Veeo98N9cnI\/AAAAAAAAGO8\/WvozHDsH0mM\/s1600\/12-manteros-florida-462x350.jpg\" style=\"clear: left;float: left;margin-bottom: 1em;margin-right: 1em\"><img loading=\"lazy\" decoding=\"async\" border=\"0\" height=\"242\" src=\"http:\/\/4.bp.blogspot.com\/-UTWTmAmbuFM\/Veeo98N9cnI\/AAAAAAAAGO8\/WvozHDsH0mM\/s320\/12-manteros-florida-462x350.jpg\" width=\"320\" \/><\/a><\/div>\n<p><span style=\"font-family: Verdana, sans-serif\"><\/p>\n<div style=\"text-align: justify\">[JUAN GRABOIS*, 30\/8\/15] Yo vi en su rostro la marca de los golpes. Agotada, sec\u00e1ndose las l\u00e1grimas frente a la comisar\u00eda de Saavedra; Ada con sus chiquitos, Julio y un pu\u00f1ado de compa\u00f1eros pasamos una vigilia larga y fr\u00eda hasta que liberaron a los \u00faltimos dos. Los hab\u00edan levantado durante la ma\u00f1ana. Al mando del inspector Sergio Herrera, que estrenaba uniforme metropolitano, una patota los embosc\u00f3 en Cerrito y Diagonal para darles una paliza p\u00fablica y llev\u00e1rselos de los pelos. Me acuerdo que pas\u00e9 esa noche junto a ellos, acompa\u00f1\u00e1ndolos y admir\u00e1ndolos. Cuanta dignidad hab\u00eda en ese grupo de \u201cvendedores libres\u201d despreciado, vapuleado, humillado por haberse atrevido a plantarse en la coqueta Florida, esa misma donde antes de Per\u00f3n no pod\u00edan caminar los descamisados y hoy no pueden trabajar los despose\u00eddos.<\/div>\n<div style=\"text-align: justify\"><\/div>\n<div style=\"text-align: justify\">Corr\u00eda 2013 y ya por entonces Ada y Julio tuvieron que dejar el departamentito que alquilaban en Constituci\u00f3n para exiliarse a la casa de la madre de ella, en el Doke. Llevaban ya dos a\u00f1os construyendo una organizaci\u00f3n gremial de vendedores callejeros para romper con la l\u00f3gica xen\u00f3foba, excluyente y coimera que mantiene la actividad en la informalidad y a sus trabajadores en la miseria. No era la primera vez que sufr\u00edan la represi\u00f3n en carne propia pero ahora el hostigamiento ten\u00eda nombre y apellido: Ada y Julio. Su crimen fue decirle \u201cno\u201d a la brigada y so\u00f1ar con formalizar el oficio de mantero, tan digno como la dignidad misma, esa que da el trabajo.<\/div>\n<p><a name='more'><\/a><br \/>A partir de entonces, cada minuto en la calle fue una guerra y nunca m\u00e1s pudieron juntar lo suficiente para pagar el alquiler. As\u00ed fue que cruzaron la General Paz con su m\u00e1quina de hacer almohadas y sus cuatro hijos a cuestas. El mayor tiene 18 a\u00f1os, se llama Piti y espera su primer hijita. La beba tiene labio leporino y la familia se est\u00e1 preparando para recibirla con el amor que merece. Ellos no descartan.<\/p>\n<p>Sabi\u00e9ndose futuro padre, el 11 de diciembre Piti sali\u00f3 temprano a ganarse el mango para pasar las fiestas. Volvi\u00f3 con una cicatriz en el alma. Cientos de efectivos rodeando un puesto de Parque Rivadavia para secuestrar\u2026 60 almohadones menos del arsenal de esta terrible y portentosa \u201cguerrilla comercial\u201d. Con ellos se fue la comida de la semana, la cena de Nochebuena, los regalos de Navidad de Naila, Nazarena y Juli, sus hermanas. Ese mismo d\u00eda allanaron violentamente el local del Movimiento \u201cLa Dignidad\u201d, desde donde su padre, Julio, hace pol\u00edtica para transformar la realidad. En la lucha contra los terroristas de la manta no se puede reparar en formalismos tales como las garant\u00edas constitucionales.<\/p>\n<p>El expediente que deriv\u00f3 en este primer operativo lo tramita la fiscal Celsa Ram\u00edrez pero se dice que el cerebro antimantero, el verdadero cow-boy urbano, es el regordete Walter L\u00f3pez, fiscal de \u201cdelitos complejos\u201d que, como el lector imaginar\u00e1, no atrap\u00f3 nunca a un narco, tratante o polic\u00eda corrupto. Conocido en tribunales por su desprecio supino al derecho, cruel con el de abajo, servil con el de arriba y adicto al dinero, Walter funciona en t\u00e1ndem con el mencionado Herrera y cultiva deliberadamente un perfil de \u201cmano dura\u201d que le sirve como cortina de humo para encubrir sus chanchuyos. El experimentado fiscal le arm\u00f3 a la joven y ambiciosa Celsa un expediente de ocho cuerpos, 2000 fojas, parte de un dispositivo represivo que incluye drones, t\u00e9cnicas biom\u00e9tricas, escuchas, delatores rentados e infiltraci\u00f3n en asambleas para fundar jur\u00eddicamente un plan sistem\u00e1tico de persecuci\u00f3n contra un grupo social espec\u00edfico.<\/p>\n<p>La situaci\u00f3n se fue agravando mes a mes, hasta llegar a niveles intolerables. Tal vez, como dir\u00eda Brecht, somos responsables por no haber reaccionado con fuerza suficiente cuando vinieron a buscar al primero. Lo que sucedi\u00f3 en los \u00faltimos meses y hoy leo con estupor en los distintos informes, es grave, muy grave. Golpizas, tormentos, humillaciones, abusos sexuales. No podemos dejarlo pasar.<\/p>\n<p>Usando causas truchas como la de Ada y Julio para estirar su jurisdicci\u00f3n y violentar el C\u00f3digo Procesal, un conjunto de funcionarios pol\u00edticos, policiales y judiciales il\u00edcitamente asociados utilizan los expedientes contravencionales para disponer allanamientos que no tienen ninguna finalidad jur\u00eddica o investigativa, no buscan esclarecer hechos ni terminar con delitos, sino amedrentar, intimidar, infundir miedo, en forma sistem\u00e1tica y selectiva. Se enfocan en activistas sindicales y en determinados grupos \u00e9tnicos. Los someten a todo tipo de humillaciones y a un estado permanente de temor. Es un caso de terrorismo de Estado, como se dice ahora, blando, pero terrorismo al fin.<\/p>\n<p>Autos acelerados, frenos, gritos, ecos de botas en la calle, toques de puerta, quejas por dioses, platos rotos\u2026 cientos de veces irrumpieron en el domicilio particular de los trabajadores a punta de pistola. Sufrieron, doblemente, los trabajadores migrantes que viven en hoteles y pensiones. En al menos dos ocasiones, los compa\u00f1eros denuncian haber sido obligados a desnudarse ante los efectivos. Los vendedores de origen africano sufren particular ensa\u00f1amiento. Tal como se\u00f1ala el P. Juan Cervantes, director de Migraciones del Arzobispado porte\u00f1o, en una denuncia por vejaciones contra trabajadores senegaleses \u201cel accionar de la Polic\u00eda Metropolitana hostigando vendedores ambulantes excluye, estigmatiza y criminaliza\u201d. Agrego: los aterroriza.<\/p>\n<p>No ser\u00eda dif\u00edcil registrar en un estudio adecuadamente realizado las terribles secuelas psicol\u00f3gicas del constante, sistem\u00e1tico y focalizado hostigamiento que sufrieron y sufren estos trabajadores por parte de agentes estatales porte\u00f1os y federales. Conozco algunos casos. Personas que cayeron en la depresi\u00f3n y el alcoholismo. Personas que perdieron su vivienda. Personas que se quitaron la vida. Ada y Julio resisten y junto a trabajadores ambulantes de distintos puntos del pa\u00eds se organizan en la CTEP. \u00c9l est\u00e1 algo enfermo, tanto sogazo hace mella, tanto que no pudo viajar al Encuentro Mundial de Movimientos Populares por un problema g\u00e1strico derivado del estr\u00e9s que sufre a diario.<\/p>\n<p>En los pr\u00f3ximos d\u00edas ambos deber\u00e1n prestar declaraci\u00f3n indagatoria por el crimen de ganarse el pan trabajando. Sus fiscales no han imputado a un solo polic\u00eda, inspector o puntero cuyo patrimonio supere las 60 almohadas. Cuando la investigaci\u00f3n iba para ese lado, r\u00e1pidamente la desviaban hacia trabajadores migrantes o militantes gremiales. Hasta se perdi\u00f3 una foto que aportaron los trabajadores del inspector Herrera tomando mate en una florer\u00eda desde la que se regentean los espacios que se ocupan cada vez que desalojan a un vendedor libre y donde no se venden, precisamente, almohaditas. Ojal\u00e1 los organismos de derechos humanos tomen cartas en tan grave situaci\u00f3n. Nosotros vamos a estar ah\u00ed.<\/p>\n<p>* Referente de la Central de Trabajadores de la Econom\u00eda Popular.<\/span><\/p>\n<div><span style=\"font-family: Verdana, sans-serif\"><br \/><\/span><\/div>\n<div><span style=\"color: blue;font-family: Verdana, sans-serif\">Miradas al Sur, Producci\u00f3n Riachuelo<\/span><\/div>\n","protected":false},"excerpt":{"rendered":"<p>LOS PERSEGUIDOS [JUAN GRABOIS*, 30\/8\/15] Yo vi en su rostro la marca de los golpes. Agotada, sec\u00e1ndose las l\u00e1grimas frente a la comisar\u00eda de Saavedra; Ada con sus chiquitos, Julio y un pu\u00f1ado de compa\u00f1eros pasamos una vigilia larga y fr\u00eda hasta que liberaron a los \u00faltimos dos. Los hab\u00edan levantado durante la ma\u00f1ana. Al [&hellip;]<\/p>\n","protected":false},"author":4,"featured_media":0,"comment_status":"open","ping_status":"open","sticky":false,"template":"","format":"standard","meta":{"_monsterinsights_skip_tracking":false,"_monsterinsights_sitenote_active":false,"_monsterinsights_sitenote_note":"","_monsterinsights_sitenote_category":0,"jnews-multi-image_gallery":[],"jnews_single_post":{"format":"standard"},"jnews_primary_category":[],"_joinchat":[],"footnotes":""},"categories":[58],"tags":[68,64,148],"class_list":["post-18370","post","type-post","status-publish","format-standard","hentry","category-noticiariachuelo","tag-de-los-trabajadores","tag-economia-popular","tag-trabajo"],"_links":{"self":[{"href":"http:\/\/fmriachuelo.it10.com.ar\/index.php\/wp-json\/wp\/v2\/posts\/18370","targetHints":{"allow":["GET"]}}],"collection":[{"href":"http:\/\/fmriachuelo.it10.com.ar\/index.php\/wp-json\/wp\/v2\/posts"}],"about":[{"href":"http:\/\/fmriachuelo.it10.com.ar\/index.php\/wp-json\/wp\/v2\/types\/post"}],"author":[{"embeddable":true,"href":"http:\/\/fmriachuelo.it10.com.ar\/index.php\/wp-json\/wp\/v2\/users\/4"}],"replies":[{"embeddable":true,"href":"http:\/\/fmriachuelo.it10.com.ar\/index.php\/wp-json\/wp\/v2\/comments?post=18370"}],"version-history":[{"count":1,"href":"http:\/\/fmriachuelo.it10.com.ar\/index.php\/wp-json\/wp\/v2\/posts\/18370\/revisions"}],"predecessor-version":[{"id":24025,"href":"http:\/\/fmriachuelo.it10.com.ar\/index.php\/wp-json\/wp\/v2\/posts\/18370\/revisions\/24025"}],"wp:attachment":[{"href":"http:\/\/fmriachuelo.it10.com.ar\/index.php\/wp-json\/wp\/v2\/media?parent=18370"}],"wp:term":[{"taxonomy":"category","embeddable":true,"href":"http:\/\/fmriachuelo.it10.com.ar\/index.php\/wp-json\/wp\/v2\/categories?post=18370"},{"taxonomy":"post_tag","embeddable":true,"href":"http:\/\/fmriachuelo.it10.com.ar\/index.php\/wp-json\/wp\/v2\/tags?post=18370"}],"curies":[{"name":"wp","href":"https:\/\/api.w.org\/{rel}","templated":true}]}}