{"id":18367,"date":"2015-08-25T02:59:00","date_gmt":"2015-08-25T02:59:00","guid":{"rendered":"http:\/\/fmriachuelo.observatorioess.org.ar\/index.php\/2015\/08\/25\/peru-movimientos-sociales-protestan-contra-la-presencia-de-militares-de-ee-uu\/"},"modified":"2025-05-13T14:51:10","modified_gmt":"2025-05-13T17:51:10","slug":"peru-movimientos-sociales-protestan-contra-la-presencia-de-militares-de-ee-uu","status":"publish","type":"post","link":"http:\/\/fmriachuelo.it10.com.ar\/index.php\/2015\/08\/25\/peru-movimientos-sociales-protestan-contra-la-presencia-de-militares-de-ee-uu\/","title":{"rendered":"PER\u00da: MOVIMIENTOS SOCIALES PROTESTAN CONTRA LA PRESENCIA DE MILITARES DE EE.UU."},"content":{"rendered":"<p><span style=\"color: red;font-family: Verdana, sans-serif;font-size: large\"><b>CONTRA LA PRESENCIA IMPERIAL<\/b><\/span><br \/><span style=\"font-family: Verdana, sans-serif\"><b style=\"font-size: x-large\">Escuch\u00e1<span style=\"color: red\">&nbsp;<\/span><a href=\"http:\/\/www.mediafire.com\/listen\/474xo2lyy1v2lgo\/08-24-2015_-_ESTER_-_MOVADEF_-_Sobre_reclamos_de_Mov.Sociales__en_PER%C3%9A.mp3\" style=\"color: red\" target=\"_blank\" rel=\"noopener\">AQU\u00cd<\/a><span style=\"color: red\">&nbsp;<\/span>el testimonio de la representante de MOVADEF sobre la situaci\u00f3n en Per\u00fa&nbsp;<\/b><\/span><br \/><span style=\"font-family: Verdana, sans-serif\"><span style=\"font-size: x-small\">(Movadef: Movimiento de Amnist\u00eda y Derechos Humanos)<\/span><\/span><br \/><span style=\"font-family: Verdana, sans-serif\"><\/span><\/p>\n<div style=\"text-align: justify\">\n<div style=\"clear: both;text-align: center\"><a href=\"http:\/\/3.bp.blogspot.com\/-LVYUPoyYV_M\/VdyUZSJX0EI\/AAAAAAAAGGA\/r1blCOMeZEg\/s1600\/Per%25C3%25BA.jpg\" style=\"clear: left;float: left;margin-bottom: 1em;margin-right: 1em\"><img loading=\"lazy\" decoding=\"async\" border=\"0\" height=\"192\" src=\"http:\/\/3.bp.blogspot.com\/-LVYUPoyYV_M\/VdyUZSJX0EI\/AAAAAAAAGGA\/r1blCOMeZEg\/s320\/Per%25C3%25BA.jpg\" width=\"320\" \/><\/a><\/div>\n<p><span style=\"font-family: Verdana, sans-serif\">Cientos de peruanos protestaron el mi\u00e9rcoles en Lima (capital) contra la presencia de tropas militares de Estados Unidos en el pa\u00eds, ante el pr\u00f3ximo arribo de tres mil 200 soldados con nav\u00edos, aviones y varios armamentos.<\/span><br \/><span style=\"font-family: Verdana, sans-serif\"><br \/><\/span><span style=\"font-family: Verdana, sans-serif\">Miembros de organizaciones pol\u00edticas y sociales reclamaron al Estado la constante llegada de militares norteamericanos ya que aseguran que son una amenaza a la soberan\u00eda y a la seguridad nacional.<\/span><br \/><span style=\"font-family: Verdana, sans-serif\"><br \/><\/span><span style=\"font-family: Verdana, sans-serif\">La marcha inici\u00f3 en la Plaza San Mart\u00edn y culmin\u00f3 cerca del edificio sede de la embajada estadounidense en la capital, donde exig\u00edan a los medios tomar en cuenta la manifestaci\u00f3n y condenaron la licencia otorgada por el Parlamento para el ingreso del contingente el pr\u00f3ximo 01 de septiembre.<\/span><br \/><a name='more'><\/a><span style=\"font-family: Verdana, sans-serif\"><br \/><\/span><span style=\"font-family: Verdana, sans-serif\">El activista social, Guillermo Bermejo, en nombre del grupo \u00c1gora Popular, manifest\u00f3 que esta movilizaci\u00f3n en la primera de tantas en rechazo a la presencia de lo que llam\u00f3 \u201csoldadesca (sic) norteamericana\u201d, destaca en su portal web Prensa Latina.<\/span><br \/><span style=\"font-family: Verdana, sans-serif\"><br \/><\/span><span style=\"font-family: Verdana, sans-serif\">\u201cRepudiamos esa presencia y a quienes la autorizaron como este gobierno traidor y el Congreso que no representa actualmente a nadie; que se sepa que esta lucha por el respeto a nuestra soberan\u00eda reci\u00e9n comienza\u201d, agreg\u00f3 Bermejo.<\/span><br \/><span style=\"font-family: Verdana, sans-serif\"><br \/><\/span><span style=\"font-family: Verdana, sans-serif\">Para los movimientos sociales la entrada de militares extranjeros ofende la dignidad de los peruanos, debido a que en muchos pa\u00edses esto ha significado masacres, torturas y otras violaciones a los derechos humanos.<\/span><br \/><span style=\"font-family: Verdana, sans-serif\"><br \/><\/span><span style=\"font-family: Verdana, sans-serif\">En marzo de este a\u00f1o, el secretario general de la Uni\u00f3n de Naciones Suramericanas (Unasur), Ernesto Samper, propuso la eliminaci\u00f3n de todas las bases militares de Estados Unidos en territorio latinoamericano, por considerar que pertenecen \u201ca la \u00e9poca de la Guerra Fr\u00eda\u201d.<\/span><br \/><span style=\"font-family: Verdana, sans-serif\"><br \/><\/span><span style=\"font-family: Verdana, sans-serif\">Samper declar\u00f3 sobre este tema en la v\u00edspera de la Cumbre de las Am\u00e9ricas que se celebr\u00f3 el 10 y 11 de abril en Panam\u00e1. \u201cUn buen punto de la nueva agenda de relaciones (entre EE.UU. y Am\u00e9rica Latina) ser\u00eda que no haya bases militares norteamericanas en Suram\u00e9rica\u201d.<\/span><br \/><span style=\"font-family: Verdana, sans-serif\"><br \/><\/span><span style=\"font-family: Verdana, sans-serif\"><b>En Contexto<\/b><\/span><br \/><span style=\"font-family: Verdana, sans-serif\"><br \/><\/span><span style=\"font-family: Verdana, sans-serif\">EE.UU. ampli\u00f3 su base militar en Honduras y envi\u00f3 250 marines, que presuntamente colaborar\u00e1n en misiones de asistencia humanitaria y operaciones antidrogas.<\/span><br \/><span style=\"font-family: Verdana, sans-serif\"><br \/><\/span><span style=\"font-family: Verdana, sans-serif\">La base conocida como Palmerola, cuenta con una nueva unidad de la Fuerza de Tarea de Prop\u00f3sito Especial Aire-Tierra de Marines-Sur, con cuatro helic\u00f3pteros pesados y un catamar\u00e1n de alta velocidad. Estar\u00e1 lista entre junio y noviembre de 2015.<\/span><\/div>\n<p><span style=\"font-family: Verdana, sans-serif\"><\/span><span style=\"font-family: Verdana, sans-serif\"><\/p>\n<div style=\"text-align: justify\"><\/div>\n<div style=\"text-align: justify\"><span style=\"color: blue\">Fuente: Nodal, Producci\u00f3n Riachuelo<\/span><\/div>\n<p><\/span><\/p>\n<div><\/div>\n","protected":false},"excerpt":{"rendered":"<p>CONTRA LA PRESENCIA IMPERIALEscuch\u00e1&nbsp;AQU\u00cd&nbsp;el testimonio de la representante de MOVADEF sobre la situaci\u00f3n en Per\u00fa&nbsp;(Movadef: Movimiento de Amnist\u00eda y Derechos Humanos) Cientos de peruanos protestaron el mi\u00e9rcoles en Lima (capital) contra la presencia de tropas militares de Estados Unidos en el pa\u00eds, ante el pr\u00f3ximo arribo de tres mil 200 soldados con nav\u00edos, aviones y [&hellip;]<\/p>\n","protected":false},"author":4,"featured_media":0,"comment_status":"open","ping_status":"open","sticky":false,"template":"","format":"standard","meta":{"_monsterinsights_skip_tracking":false,"_monsterinsights_sitenote_active":false,"_monsterinsights_sitenote_note":"","_monsterinsights_sitenote_category":0,"jnews-multi-image_gallery":[],"jnews_single_post":{"format":"standard"},"jnews_primary_category":[],"_joinchat":[],"footnotes":""},"categories":[58],"tags":[70,103,167],"class_list":["post-18367","post","type-post","status-publish","format-standard","hentry","category-noticiariachuelo","tag-de-la-patria-grande","tag-movimientos-populares","tag-politica-internacional"],"_links":{"self":[{"href":"http:\/\/fmriachuelo.it10.com.ar\/index.php\/wp-json\/wp\/v2\/posts\/18367","targetHints":{"allow":["GET"]}}],"collection":[{"href":"http:\/\/fmriachuelo.it10.com.ar\/index.php\/wp-json\/wp\/v2\/posts"}],"about":[{"href":"http:\/\/fmriachuelo.it10.com.ar\/index.php\/wp-json\/wp\/v2\/types\/post"}],"author":[{"embeddable":true,"href":"http:\/\/fmriachuelo.it10.com.ar\/index.php\/wp-json\/wp\/v2\/users\/4"}],"replies":[{"embeddable":true,"href":"http:\/\/fmriachuelo.it10.com.ar\/index.php\/wp-json\/wp\/v2\/comments?post=18367"}],"version-history":[{"count":1,"href":"http:\/\/fmriachuelo.it10.com.ar\/index.php\/wp-json\/wp\/v2\/posts\/18367\/revisions"}],"predecessor-version":[{"id":23965,"href":"http:\/\/fmriachuelo.it10.com.ar\/index.php\/wp-json\/wp\/v2\/posts\/18367\/revisions\/23965"}],"wp:attachment":[{"href":"http:\/\/fmriachuelo.it10.com.ar\/index.php\/wp-json\/wp\/v2\/media?parent=18367"}],"wp:term":[{"taxonomy":"category","embeddable":true,"href":"http:\/\/fmriachuelo.it10.com.ar\/index.php\/wp-json\/wp\/v2\/categories?post=18367"},{"taxonomy":"post_tag","embeddable":true,"href":"http:\/\/fmriachuelo.it10.com.ar\/index.php\/wp-json\/wp\/v2\/tags?post=18367"}],"curies":[{"name":"wp","href":"https:\/\/api.w.org\/{rel}","templated":true}]}}