{"id":18363,"date":"2015-08-26T02:55:00","date_gmt":"2015-08-26T02:55:00","guid":{"rendered":"http:\/\/fmriachuelo.observatorioess.org.ar\/index.php\/2015\/08\/26\/neuquen-reves-judicial-para-los-especuladores\/"},"modified":"2025-05-13T14:59:57","modified_gmt":"2025-05-13T17:59:57","slug":"neuquen-reves-judicial-para-los-especuladores","status":"publish","type":"post","link":"http:\/\/fmriachuelo.it10.com.ar\/index.php\/2015\/08\/26\/neuquen-reves-judicial-para-los-especuladores\/","title":{"rendered":"NEUQU\u00c9N: REV\u00c9S JUDICIAL PARA LOS ESPECULADORES"},"content":{"rendered":"<h1><span style=\"color: red;font-family: Verdana, sans-serif\"><span style=\"font-size: large\">JUSTO RECONOCIMIENTO PARA LA VIDA CAMPESINA<\/span><\/span><\/h1>\n<div><a href=\"http:\/\/3.bp.blogspot.com\/-RRQJOOJla0c\/Vd0pE1joctI\/AAAAAAAAGHQ\/tx-uc4ExyiI\/s1600\/neuquen.jpg\" style=\"background-color: white;clear: left;float: left;font-family: 'Helvetica Neue', Arial, Helvetica, 'Nimbus Sans L', sans-serif;font-size: 21px;line-height: 1.3em;margin-bottom: 1em;margin-right: 1em;text-align: center\"><img loading=\"lazy\" decoding=\"async\" border=\"0\" height=\"238\" src=\"http:\/\/3.bp.blogspot.com\/-RRQJOOJla0c\/Vd0pE1joctI\/AAAAAAAAGHQ\/tx-uc4ExyiI\/s320\/neuquen.jpg\" width=\"320\" \/><\/a><\/div>\n<h1 style=\"border: 0px;clear: both;margin: 0px;padding: 0px;vertical-align: baseline\"><span style=\"font-weight: normal\"><span style=\"font-family: Verdana, sans-serif;font-size: small\">El fallo firmado por los Dres. EVALDO DAR\u00cdO MOYA y Dr. OSCAR E. MASSEI; es un reconocimiento a la posesi\u00f3n de la Familia Tapia por m\u00e1s de 80 a\u00f1os y a la lucha incondicional de la MESA CAMPESINA DEL NORTE NEUQUINO junto a la familia y en el territorio campesino.<\/span><\/span><span style=\"font-family: Verdana, sans-serif;font-size: small;font-weight: normal\"><\/p>\n<div style=\"text-align: justify\">El pasado 14 de agosto el TRIBUNAL SUPERIOR DE JUSTICIA DE NEUQUEN, confirm\u00f3 la sentencia de segunda instancia dictada en la causa \u201cTAPIA, DOMINGO SEVERO CONTRA OBERHOLZER, JORGE EDUARDO SOBRE INTERDICTO\u201d declarando inadmisible los recursos que presentara la parte demandada \u2013Jorge Eduardo OBERHOLZER- contra la resoluci\u00f3n dictada por la C\u00e1mara de Apelaciones del Fuero con asiento en la ciudad de Zapala que ordena al demandado que cese cualquier acto material que turbe la posesi\u00f3n de Tapia as\u00ed como tambi\u00e9n se abstenga de turbarla. As\u00ed el Tribunal record\u00f3 los argumentos centrales del fallo de la C\u00e1mara, esto es; que la actora es poseedora de una parte del lote 22, fracci\u00f3n B, Secci\u00f3n XXX, Paraje La Tungar y que el demandado derrib\u00f3 la forestaci\u00f3n existente para construir dentro de dicho predio.<\/div>\n<p><\/span><span style=\"font-family: Verdana, sans-serif;font-size: small;font-weight: normal;text-align: justify\"><a name='more'><\/a><\/span><\/h1>\n<p><span style=\"font-family: Verdana, sans-serif\"><\/span><\/p>\n<div style=\"text-align: justify\"><span style=\"font-family: Verdana, sans-serif\"><br \/><\/span><\/div>\n<p><span style=\"font-family: Verdana, sans-serif\"><\/p>\n<div style=\"text-align: justify\">\u201c[..]los testimonios y el informe pericial mencionado dan cuenta que efectivamente Tapia pose\u00eda el predio La Tungar, donde actualmente el demandado ha desmontado parte de la forestaci\u00f3n y ha construido en ese predio una casa, turbando mediante actos materiales la posesi\u00f3n que este detentaba [\u2026]\u201d (sic. fs. 446vta.)<\/div>\n<p><b>El fallo firmado por los Dres. EVALDO DAR\u00cdO MOYA y Dr. OSCAR E. MASSEI; es un reconocimiento a la posesi\u00f3n de la Familia Tapia por m\u00e1s de 80 a\u00f1os y a la lucha incondicional de la MESA CAMPESINA DEL NORTE NEUQUINO junto a la familia y en el territorio campesino.<\/b><\/p>\n<p>As\u00ed se corrobora otro rev\u00e9s judicial para Oberholzer y los especuladores (que est\u00e1n detr\u00e1s de su nombre) y que actualmente est\u00e1n cobrando regal\u00edas petroleras como presuntos propietarios del territorio campesino.-<\/p>\n<p>TIERRA, AGUA Y JUSTICIA PARA TODOS!!!!<\/p>\n<p>\u00a1\u00a1Ni un metro m\u00e1s, La Tungar es Nuestra!!<br \/>Contactos:<br \/>Nilda: 0299 \u2013 15 6371484<br \/>Luciana: 02948 \u2013 15 410219<br \/>mesacampesinadelnorteneuquino@gmail.com<\/span><\/p>\n<div><span style=\"font-family: Verdana, sans-serif\"><br \/><\/span><\/div>\n<div><span style=\"color: blue;font-family: Verdana, sans-serif\">Fuente: MNCI-VIA CAMPESINA, Producci\u00f3n Riachuelo<\/span><\/div>\n","protected":false},"excerpt":{"rendered":"<p>JUSTO RECONOCIMIENTO PARA LA VIDA CAMPESINA El fallo firmado por los Dres. EVALDO DAR\u00cdO MOYA y Dr. OSCAR E. MASSEI; es un reconocimiento a la posesi\u00f3n de la Familia Tapia por m\u00e1s de 80 a\u00f1os y a la lucha incondicional de la MESA CAMPESINA DEL NORTE NEUQUINO junto a la familia y en el territorio [&hellip;]<\/p>\n","protected":false},"author":4,"featured_media":0,"comment_status":"open","ping_status":"open","sticky":false,"template":"","format":"standard","meta":{"_monsterinsights_skip_tracking":false,"_monsterinsights_sitenote_active":false,"_monsterinsights_sitenote_note":"","_monsterinsights_sitenote_category":0,"jnews-multi-image_gallery":[],"jnews_single_post":{"format":"standard"},"jnews_primary_category":[],"_joinchat":[],"footnotes":""},"categories":[58],"tags":[71],"class_list":["post-18363","post","type-post","status-publish","format-standard","hentry","category-noticiariachuelo","tag-de-la-tierra"],"_links":{"self":[{"href":"http:\/\/fmriachuelo.it10.com.ar\/index.php\/wp-json\/wp\/v2\/posts\/18363","targetHints":{"allow":["GET"]}}],"collection":[{"href":"http:\/\/fmriachuelo.it10.com.ar\/index.php\/wp-json\/wp\/v2\/posts"}],"about":[{"href":"http:\/\/fmriachuelo.it10.com.ar\/index.php\/wp-json\/wp\/v2\/types\/post"}],"author":[{"embeddable":true,"href":"http:\/\/fmriachuelo.it10.com.ar\/index.php\/wp-json\/wp\/v2\/users\/4"}],"replies":[{"embeddable":true,"href":"http:\/\/fmriachuelo.it10.com.ar\/index.php\/wp-json\/wp\/v2\/comments?post=18363"}],"version-history":[{"count":1,"href":"http:\/\/fmriachuelo.it10.com.ar\/index.php\/wp-json\/wp\/v2\/posts\/18363\/revisions"}],"predecessor-version":[{"id":23973,"href":"http:\/\/fmriachuelo.it10.com.ar\/index.php\/wp-json\/wp\/v2\/posts\/18363\/revisions\/23973"}],"wp:attachment":[{"href":"http:\/\/fmriachuelo.it10.com.ar\/index.php\/wp-json\/wp\/v2\/media?parent=18363"}],"wp:term":[{"taxonomy":"category","embeddable":true,"href":"http:\/\/fmriachuelo.it10.com.ar\/index.php\/wp-json\/wp\/v2\/categories?post=18363"},{"taxonomy":"post_tag","embeddable":true,"href":"http:\/\/fmriachuelo.it10.com.ar\/index.php\/wp-json\/wp\/v2\/tags?post=18363"}],"curies":[{"name":"wp","href":"https:\/\/api.w.org\/{rel}","templated":true}]}}