{"id":18361,"date":"2015-08-28T02:29:00","date_gmt":"2015-08-28T02:29:00","guid":{"rendered":"http:\/\/fmriachuelo.observatorioess.org.ar\/index.php\/2015\/08\/28\/colombia-activan-planes-de-asistencia-social-para-los-pobladores-de-la-frontera-con-venezuela\/"},"modified":"2025-05-13T15:15:20","modified_gmt":"2025-05-13T18:15:20","slug":"colombia-activan-planes-de-asistencia-social-para-los-pobladores-de-la-frontera-con-venezuela","status":"publish","type":"post","link":"http:\/\/fmriachuelo.it10.com.ar\/index.php\/2015\/08\/28\/colombia-activan-planes-de-asistencia-social-para-los-pobladores-de-la-frontera-con-venezuela\/","title":{"rendered":"COLOMBIA: ACTIVAN PLANES DE ASISTENCIA SOCIAL PARA LOS POBLADORES DE LA FRONTERA CON VENEZUELA"},"content":{"rendered":"<div style=\"clear: both\"><span style=\"color: red;font-family: Verdana, sans-serif;font-size: large\"><b>OLVIDADOS POR LAS POL\u00cdTICAS DE GOBIERNO<\/b><\/span><\/div>\n<div style=\"clear: both\"><a href=\"http:\/\/2.bp.blogspot.com\/-mDvacJI4hS8\/Vd_GWPoQlKI\/AAAAAAAAGJI\/nBuaDhlFYKQ\/s1600\/colombia.jpg\" style=\"clear: left;float: left;margin-bottom: 1em;margin-right: 1em\"><img loading=\"lazy\" decoding=\"async\" border=\"0\" height=\"181\" src=\"http:\/\/2.bp.blogspot.com\/-mDvacJI4hS8\/Vd_GWPoQlKI\/AAAAAAAAGJI\/nBuaDhlFYKQ\/s320\/colombia.jpg\" width=\"320\" \/><\/a><\/div>\n<p><span style=\"font-family: Verdana, sans-serif\"><\/p>\n<div style=\"text-align: justify\">El presidente de Colombia, Juan Manuel Santos, anunci\u00f3 este mi\u00e9rcoles que activar\u00e1 planes urgentes de atenci\u00f3n social para los habitantes de C\u00facuta (noreste colombiano), hist\u00f3ricamente olvidados por el Estado, tras el cierre de la frontera decretado por el Gobierno de Venezuela para detener el contrabando de extracci\u00f3n y el paramilitarismo.&nbsp;<\/div>\n<div style=\"text-align: justify\"><\/div>\n<p>\u201cHemos tomado la decisi\u00f3n de incluir a C\u00facuta para que sean beneficiarios de viviendas gratis\u201d, inform\u00f3 el mandatario colombiano.  Asimismo, indic\u00f3 que \u201cno habr\u00e1 escasez de gasolina. Lo que se ha generado es una preocupaci\u00f3n por quedarse sin gasolina\u201d. <\/p>\n<p>Santos ratific\u00f3 que \u201cC\u00facuta y el Norte de Santander no tienen que preocuparse, habr\u00e1 combustible suficiente\u201d.<br \/><a name='more'><\/a><br \/> En cuanto a los colombianos que han sido deportados desde Venezuela, el jefe de Estado anunci\u00f3 que habr\u00e1 2 mil 300 empleos inmediatos para ellos y que \u201cen materia de vivienda entregaremos a todos los deportados un subsidio por 250 mil pesos (200 d\u00f3lares) para que puedan salir de los albergues y paguen un arriendo mientras se estabilizan\u00bb.<\/p>\n<p>Tambi\u00e9n asever\u00f3 que la atenci\u00f3n de los menores de edad ser\u00e1 una prioridad. \u201cTodos los ni\u00f1os que lleguen de Venezuela tendr\u00e1n cupos en los colegios y el acceso a la alimentaci\u00f3n\u00bb. <\/p>\n<p>El presidente Santos envi\u00f3 un mensaje a los deportados al afirmar que \u201cest\u00e1n en su casa, no son extra\u00f1os en su tierras, aqu\u00ed los recibimos con los corazones y los brazos abiertos, pueden tener la absoluta seguridad que todo mi gobierno, y estoy seguro que todos los colombianos, para que se sienta en su casa en su hogar\u201d.  <\/p>\n<p>Asegur\u00f3 que cuentan con un Gobierno y un pa\u00eds que los respalda. \u201cNuestro defensor del pueblo va a ir a verificar la situaci\u00f3n de las familias en las fronteras (&#8230;) Nuestra prioridad es ofrecer atenci\u00f3n humanitaria a quienes han perdido sus hogares. No hay un solo colombiano deportado que no haya recibido ayuda\u00bb. <\/p>\n<p> \u00abPido a los deportados que para poder recibir la ayuda huma<\/span><span style=\"font-family: Verdana, sans-serif\">nitaria deben registrarse para poder ayudarles como Dios manda\u00bb, dijo.<\/span><\/p>\n<div><span style=\"font-family: Verdana, sans-serif\"><br \/><\/span><\/div>\n<div><span style=\"font-family: Verdana, sans-serif\"><span style=\"color: blue\">Fuente: Telesur, Producci\u00f3n Riachuelo<\/span><\/span><\/div>\n","protected":false},"excerpt":{"rendered":"<p>OLVIDADOS POR LAS POL\u00cdTICAS DE GOBIERNO El presidente de Colombia, Juan Manuel Santos, anunci\u00f3 este mi\u00e9rcoles que activar\u00e1 planes urgentes de atenci\u00f3n social para los habitantes de C\u00facuta (noreste colombiano), hist\u00f3ricamente olvidados por el Estado, tras el cierre de la frontera decretado por el Gobierno de Venezuela para detener el contrabando de extracci\u00f3n y el [&hellip;]<\/p>\n","protected":false},"author":4,"featured_media":0,"comment_status":"open","ping_status":"open","sticky":false,"template":"","format":"standard","meta":{"_monsterinsights_skip_tracking":false,"_monsterinsights_sitenote_active":false,"_monsterinsights_sitenote_note":"","_monsterinsights_sitenote_category":0,"jnews-multi-image_gallery":[],"jnews_single_post":{"format":"standard"},"jnews_primary_category":[],"_joinchat":[],"footnotes":""},"categories":[58],"tags":[70],"class_list":["post-18361","post","type-post","status-publish","format-standard","hentry","category-noticiariachuelo","tag-de-la-patria-grande"],"_links":{"self":[{"href":"http:\/\/fmriachuelo.it10.com.ar\/index.php\/wp-json\/wp\/v2\/posts\/18361","targetHints":{"allow":["GET"]}}],"collection":[{"href":"http:\/\/fmriachuelo.it10.com.ar\/index.php\/wp-json\/wp\/v2\/posts"}],"about":[{"href":"http:\/\/fmriachuelo.it10.com.ar\/index.php\/wp-json\/wp\/v2\/types\/post"}],"author":[{"embeddable":true,"href":"http:\/\/fmriachuelo.it10.com.ar\/index.php\/wp-json\/wp\/v2\/users\/4"}],"replies":[{"embeddable":true,"href":"http:\/\/fmriachuelo.it10.com.ar\/index.php\/wp-json\/wp\/v2\/comments?post=18361"}],"version-history":[{"count":1,"href":"http:\/\/fmriachuelo.it10.com.ar\/index.php\/wp-json\/wp\/v2\/posts\/18361\/revisions"}],"predecessor-version":[{"id":23981,"href":"http:\/\/fmriachuelo.it10.com.ar\/index.php\/wp-json\/wp\/v2\/posts\/18361\/revisions\/23981"}],"wp:attachment":[{"href":"http:\/\/fmriachuelo.it10.com.ar\/index.php\/wp-json\/wp\/v2\/media?parent=18361"}],"wp:term":[{"taxonomy":"category","embeddable":true,"href":"http:\/\/fmriachuelo.it10.com.ar\/index.php\/wp-json\/wp\/v2\/categories?post=18361"},{"taxonomy":"post_tag","embeddable":true,"href":"http:\/\/fmriachuelo.it10.com.ar\/index.php\/wp-json\/wp\/v2\/tags?post=18361"}],"curies":[{"name":"wp","href":"https:\/\/api.w.org\/{rel}","templated":true}]}}