{"id":18360,"date":"2015-08-28T02:39:00","date_gmt":"2015-08-28T02:39:00","guid":{"rendered":"http:\/\/fmriachuelo.observatorioess.org.ar\/index.php\/2015\/08\/28\/buenos-aires-se-movilizaron-organizaciones-por-las-inundaciones\/"},"modified":"2025-05-13T15:18:21","modified_gmt":"2025-05-13T18:18:21","slug":"buenos-aires-se-movilizaron-organizaciones-por-las-inundaciones","status":"publish","type":"post","link":"http:\/\/fmriachuelo.it10.com.ar\/index.php\/2015\/08\/28\/buenos-aires-se-movilizaron-organizaciones-por-las-inundaciones\/","title":{"rendered":"BUENOS AIRES: SE MOVILIZARON ORGANIZACIONES POR LAS INUNDACIONES"},"content":{"rendered":"<div style=\"clear: both;text-align: justify\"><span style=\"color: red;font-family: Verdana, sans-serif;font-size: large\"><b>ORGANIZADOS Y MOVILIZADOS<\/b><\/span><\/div>\n<div style=\"clear: both;text-align: center\"><a href=\"http:\/\/3.bp.blogspot.com\/-dYG2e2Ewhk4\/Vd_I5teT74I\/AAAAAAAAGJU\/WXd5L6ehI5I\/s1600\/la%2Bdignidad.jpg\" style=\"clear: left;float: left;margin-bottom: 1em;margin-right: 1em\"><img loading=\"lazy\" decoding=\"async\" border=\"0\" height=\"150\" src=\"http:\/\/3.bp.blogspot.com\/-dYG2e2Ewhk4\/Vd_I5teT74I\/AAAAAAAAGJU\/WXd5L6ehI5I\/s200\/la%2Bdignidad.jpg\" width=\"200\" \/><\/a><\/div>\n<p><span style=\"font-family: Verdana, sans-serif\">Difundimos:<\/span><br \/><span style=\"font-family: Verdana, sans-serif\">ANTE LAS INUNDACIONES EN LA PROVINCIA, QUE ALGUIEN SE HAGA CARGO<\/span><br \/><span style=\"font-family: Verdana, sans-serif\"><\/p>\n<div style=\"text-align: justify\">Las organizaciones abajo firmantes nos movilizamos el 27 de agosto a la gobernaci\u00f3n de la provincia de Buenos Aires para exigirle al Gobernador Scioli que se haga cargo del desastre causado por las inundaciones.&nbsp;<\/div>\n<div style=\"text-align: justify\">Durante las fuertes lluvias sucedidas poco antes de las elecciones del 9 de Agosto, las fuerzas pol\u00edticas tradicionales se olvidaron una vez m\u00e1s del pueblo, en medio del desastre. En Luj\u00e1n, San Antonio de Areco, Salto, San Vicente, San Mart\u00edn, La Matanza, Escobar, entre muchas otras localidades de la provincia, los efectos de las inundaciones fueron terribles. M\u00e1s a\u00fan, la desidia y el abandono del estado nacional, provincial y gobiernos municipales ante la emergencia.&nbsp;<a name='more'><\/a><\/div>\n<div style=\"text-align: justify\">Cuatro inundaciones en Luj\u00e1n en el 2014, la tragedia de La Plata, y los frecuentes barrios inundados ante cualquier lluvia por falta de obras, no fueron suficientes para que se tomen las medidas necesarias.&nbsp;<\/div>\n<p>Los diferentes estamentos gubernamentales no han trabajado para frenar el modelo sojero que con su siembra directa y canales clandestinos destruyen el suelo impidiendo la absorci\u00f3n natural del agua. Tampoco para regular la construcci\u00f3n de barrios privados, clubes de campo y canchas de golf que modifican el nivel de los suelos y achican la cuenca de r\u00edos y arroyos destruyendo la vegetaci\u00f3n nativa que hace de amortiguador natural ante las lluvias excesivas, adem\u00e1s de inundar los barrios de los trabajadores\/as que se encuentran en zonas m\u00e1s bajas. No se pusieron en marcha las obras de infraestructura necesarias para prevenir los desbordes de los r\u00edos, mejorar el escurrimiento del agua en las zonas urbanas, ni las obras de servicios b\u00e1sicos en los barrios populares de muchos distritos. <br \/> Al contrario, se gastaron millones de pesos en destruir los humedales en la cuenca del r\u00edo Luj\u00e1n (contenci\u00f3n natural del agua de los r\u00edos) o en los negocios inmobiliarios en el Delta. Los estados nacional, provincial y municipales son c\u00f3mplices de esta pol\u00edtica de destrucci\u00f3n ambiental y a favor de los negocios de los de siempre. <br \/> Durante las \u00faltimas semanas vimos infinidad de ejemplos de organizaci\u00f3n barrial y popular haciendo lo que el estado deber\u00eda hacer. En la misma emergencia, y ante la falta total de un plan de contingencia, el pueblo se autoevacu\u00f3 en los clubes, en las juntas vecinales, en las sociedades de fomento, en los espacios de las organizaciones sociales y pol\u00edticas. La solidaridad de pueblo brot\u00f3 por todos lados y se organizaron grupos desde el primer d\u00eda para ayudar a los\/las vecinos\/as de las zonas m\u00e1s afectadas con alimentos, ropa, agua potable, medicamentos y alojamiento con brigadas sanitarias y de trabajo voluntario. Para que el estado salga de la plancha, las organizaciones junto a los vecinos y vecinas de muchos distritos tuvimos que movilizarnos para exigir que se declare la emergencia sanitaria y ambiental y se pongan a disposici\u00f3n de la gente.<br \/> Adem\u00e1s de las declaraciones vergonzosas de los funcionarios sciolistas ninguneando y subestimando el desastre, el desprecio por el pueblo inundado se vio hasta con los evacuados en la Universidad de Lujan, donde hubo decenas de adultos y ni\u00f1os intoxicados por las viandas que el gobierno envi\u00f3.<br \/> A tres semanas del desastre nuestras organizaciones nos movilizamos junto a vecinos y vecinas organizados en asambleas de inundados para exigir que el Estado se haga cargo.<br \/> Exigimos las obras h\u00eddricas y de infraestructura en nuestros barrios para no inundarnos m\u00e1s. Exigimos un plan real de contingencia ante desastres. Exigimos la eliminaci\u00f3n de los canales clandestinos de la soja. Exigimos planes de ordenamiento urbano que frenen los negociados inmobiliarios. Exigimos Trabajo para cooperativas barriales para limpieza de zanjas y espacios p\u00fablicos que mejoren el escurrimiento en nuestros barrios. Exigimos el cese de la destrucci\u00f3n de los humedales que previenen las inundaciones. Exigimos participaci\u00f3n de los vecinos y vecinas en las obras futuras en el marco de la ley provincial de acceso al h\u00e1bitat.<br \/> \u00a1Basta de inundaciones en nuestros barrios y ciudades!<br \/> \u00a1Basta de negociados inmobiliarios y sojeros que nos dejan con el agua al cuello!<br \/> \u00a1Unidad en la lucha por el derecho a un trabajo, tierra y vivienda digna!<\/p>\n<p>Movimiento Popular La Dignidad-Katari \/ Izquierda Latinoamericana \/ Movimiento Patria Grande \/ Uni\u00f3n de Trabajadores de la Tierra (FPDS) \/ Convocatoria por la Segunda Independencia \/ Surcos <\/p>\n<p>CONTACTOS<br \/> Viviana Segovia 11-67645570<br \/> Nicolas Mayr 11-62573920<br \/> Constanza Acetto 221-6108256<\/span><\/p>\n<div><span style=\"font-family: Verdana, sans-serif\"><br \/><\/span><\/div>\n<div><span style=\"font-family: Verdana, sans-serif\"><br \/><\/span>       <\/div>\n","protected":false},"excerpt":{"rendered":"<p>ORGANIZADOS Y MOVILIZADOS Difundimos:ANTE LAS INUNDACIONES EN LA PROVINCIA, QUE ALGUIEN SE HAGA CARGO Las organizaciones abajo firmantes nos movilizamos el 27 de agosto a la gobernaci\u00f3n de la provincia de Buenos Aires para exigirle al Gobernador Scioli que se haga cargo del desastre causado por las inundaciones.&nbsp; Durante las fuertes lluvias sucedidas poco antes [&hellip;]<\/p>\n","protected":false},"author":4,"featured_media":0,"comment_status":"open","ping_status":"open","sticky":false,"template":"","format":"standard","meta":{"_monsterinsights_skip_tracking":false,"_monsterinsights_sitenote_active":false,"_monsterinsights_sitenote_note":"","_monsterinsights_sitenote_category":0,"jnews-multi-image_gallery":[],"jnews_single_post":{"format":"standard"},"jnews_primary_category":[],"_joinchat":[],"footnotes":""},"categories":[58],"tags":[64,147,103],"class_list":["post-18360","post","type-post","status-publish","format-standard","hentry","category-noticiariachuelo","tag-economia-popular","tag-habitat","tag-movimientos-populares"],"_links":{"self":[{"href":"http:\/\/fmriachuelo.it10.com.ar\/index.php\/wp-json\/wp\/v2\/posts\/18360","targetHints":{"allow":["GET"]}}],"collection":[{"href":"http:\/\/fmriachuelo.it10.com.ar\/index.php\/wp-json\/wp\/v2\/posts"}],"about":[{"href":"http:\/\/fmriachuelo.it10.com.ar\/index.php\/wp-json\/wp\/v2\/types\/post"}],"author":[{"embeddable":true,"href":"http:\/\/fmriachuelo.it10.com.ar\/index.php\/wp-json\/wp\/v2\/users\/4"}],"replies":[{"embeddable":true,"href":"http:\/\/fmriachuelo.it10.com.ar\/index.php\/wp-json\/wp\/v2\/comments?post=18360"}],"version-history":[{"count":1,"href":"http:\/\/fmriachuelo.it10.com.ar\/index.php\/wp-json\/wp\/v2\/posts\/18360\/revisions"}],"predecessor-version":[{"id":23983,"href":"http:\/\/fmriachuelo.it10.com.ar\/index.php\/wp-json\/wp\/v2\/posts\/18360\/revisions\/23983"}],"wp:attachment":[{"href":"http:\/\/fmriachuelo.it10.com.ar\/index.php\/wp-json\/wp\/v2\/media?parent=18360"}],"wp:term":[{"taxonomy":"category","embeddable":true,"href":"http:\/\/fmriachuelo.it10.com.ar\/index.php\/wp-json\/wp\/v2\/categories?post=18360"},{"taxonomy":"post_tag","embeddable":true,"href":"http:\/\/fmriachuelo.it10.com.ar\/index.php\/wp-json\/wp\/v2\/tags?post=18360"}],"curies":[{"name":"wp","href":"https:\/\/api.w.org\/{rel}","templated":true}]}}