{"id":18359,"date":"2015-08-28T12:49:00","date_gmt":"2015-08-28T12:49:00","guid":{"rendered":"http:\/\/fmriachuelo.observatorioess.org.ar\/index.php\/2015\/08\/28\/ex-petinari-producir-para-vivir\/"},"modified":"2025-05-13T15:21:20","modified_gmt":"2025-05-13T18:21:20","slug":"ex-petinari-producir-para-vivir","status":"publish","type":"post","link":"http:\/\/fmriachuelo.it10.com.ar\/index.php\/2015\/08\/28\/ex-petinari-producir-para-vivir\/","title":{"rendered":"EX PETINARI: PRODUCIR PARA VIVIR"},"content":{"rendered":"<div style=\"clear: both;text-align: justify\"><span style=\"color: red;font-family: Verdana, sans-serif;font-size: large\"><b>OBREROS EN LUCHA ORGANIZADA: \u00a1ACOPLADOS DEL OESTE!<\/b><\/span><\/div>\n<div style=\"clear: both;text-align: justify\"><span style=\"color: red;font-family: Verdana, sans-serif;font-size: large\"><b><br \/><\/b><\/span><\/div>\n<div style=\"clear: both;text-align: center\"><a href=\"http:\/\/1.bp.blogspot.com\/-IWJoO0eIi1I\/VeBYNTyXKKI\/AAAAAAAAGJk\/P6oMTxpMSzk\/s1600\/petinari.jpg\" style=\"clear: left;float: left;margin-bottom: 1em;margin-right: 1em\"><img loading=\"lazy\" decoding=\"async\" border=\"0\" height=\"240\" src=\"http:\/\/1.bp.blogspot.com\/-IWJoO0eIi1I\/VeBYNTyXKKI\/AAAAAAAAGJk\/P6oMTxpMSzk\/s320\/petinari.jpg\" width=\"320\" \/><\/a><\/div>\n<p><span style=\"font-family: Verdana, sans-serif\"><\/p>\n<div style=\"text-align: justify\">[Jueves 27 de agosto]<\/div>\n<p><b><\/p>\n<div style=\"text-align: justify\"><b>La toma 2<\/b><\/div>\n<p><\/b><\/p>\n<div style=\"text-align: justify\">Desde el desalojo del mi\u00e9rcoles hasta hoy solo se hablaba de un tema: cuando volvemos?<\/div>\n<div style=\"text-align: justify\">Hoy volvimos, a nuestra segunda casa, sin violencia sin gritos y con mucha alegr\u00eda porque sabemos que este es nuestro lugar, esta es nuestra gran familia y tenemos nuestra mascota tambi\u00e9n \u00abel Negro\u00bb, vale la pena luchar y con los compa\u00f1eros que tenemos no podemos temer a nada y estamos seguros que lo peor ya paso, queda mucho por recorrer y va a ser dif\u00edcil, pero tenemos un arma que nos hace invencibles: la uni\u00f3n de los compa\u00f1eros y contra los obreros de Acoplados del OESTE no va a poder nadie. Solo queremos trabajar en paz y devolver la dignidad a nuestros hogares. Agradecemos a todas las organizaciones, cooperativas, empresas recuperadas, vecinos y vecinas y a todos los que se acercaron hoy nos dan fuerza y aliento para seguir. Orgulloso de ustedes compa\u00f1eros!!! Viva la lucha de los obreros de ACOPLADOS del OESTE!!!<\/div>\n<div style=\"text-align: justify\"><\/div>\n<div style=\"text-align: justify\"><span style=\"color: blue\">Obreros en Lucha\/Producci\u00f3n Riachuelo<\/span><\/div>\n<p><\/span><\/p>\n","protected":false},"excerpt":{"rendered":"<p>OBREROS EN LUCHA ORGANIZADA: \u00a1ACOPLADOS DEL OESTE! [Jueves 27 de agosto] La toma 2 Desde el desalojo del mi\u00e9rcoles hasta hoy solo se hablaba de un tema: cuando volvemos? Hoy volvimos, a nuestra segunda casa, sin violencia sin gritos y con mucha alegr\u00eda porque sabemos que este es nuestro lugar, esta es nuestra gran familia [&hellip;]<\/p>\n","protected":false},"author":4,"featured_media":0,"comment_status":"open","ping_status":"open","sticky":false,"template":"","format":"standard","meta":{"_monsterinsights_skip_tracking":false,"_monsterinsights_sitenote_active":false,"_monsterinsights_sitenote_note":"","_monsterinsights_sitenote_category":0,"jnews-multi-image_gallery":[],"jnews_single_post":{"format":"standard"},"jnews_primary_category":[],"_joinchat":[],"footnotes":""},"categories":[58],"tags":[68,64,157],"class_list":["post-18359","post","type-post","status-publish","format-standard","hentry","category-noticiariachuelo","tag-de-los-trabajadores","tag-economia-popular","tag-nadie-se-salva-solo"],"_links":{"self":[{"href":"http:\/\/fmriachuelo.it10.com.ar\/index.php\/wp-json\/wp\/v2\/posts\/18359","targetHints":{"allow":["GET"]}}],"collection":[{"href":"http:\/\/fmriachuelo.it10.com.ar\/index.php\/wp-json\/wp\/v2\/posts"}],"about":[{"href":"http:\/\/fmriachuelo.it10.com.ar\/index.php\/wp-json\/wp\/v2\/types\/post"}],"author":[{"embeddable":true,"href":"http:\/\/fmriachuelo.it10.com.ar\/index.php\/wp-json\/wp\/v2\/users\/4"}],"replies":[{"embeddable":true,"href":"http:\/\/fmriachuelo.it10.com.ar\/index.php\/wp-json\/wp\/v2\/comments?post=18359"}],"version-history":[{"count":1,"href":"http:\/\/fmriachuelo.it10.com.ar\/index.php\/wp-json\/wp\/v2\/posts\/18359\/revisions"}],"predecessor-version":[{"id":23985,"href":"http:\/\/fmriachuelo.it10.com.ar\/index.php\/wp-json\/wp\/v2\/posts\/18359\/revisions\/23985"}],"wp:attachment":[{"href":"http:\/\/fmriachuelo.it10.com.ar\/index.php\/wp-json\/wp\/v2\/media?parent=18359"}],"wp:term":[{"taxonomy":"category","embeddable":true,"href":"http:\/\/fmriachuelo.it10.com.ar\/index.php\/wp-json\/wp\/v2\/categories?post=18359"},{"taxonomy":"post_tag","embeddable":true,"href":"http:\/\/fmriachuelo.it10.com.ar\/index.php\/wp-json\/wp\/v2\/tags?post=18359"}],"curies":[{"name":"wp","href":"https:\/\/api.w.org\/{rel}","templated":true}]}}