{"id":18358,"date":"2015-08-28T13:07:00","date_gmt":"2015-08-28T13:07:00","guid":{"rendered":"http:\/\/fmriachuelo.observatorioess.org.ar\/index.php\/2015\/08\/28\/kosteki-y-santillan-a-la-justicia-los-autores-ideologicos\/"},"modified":"2025-05-13T15:23:14","modified_gmt":"2025-05-13T18:23:14","slug":"kosteki-y-santillan-a-la-justicia-los-autores-ideologicos","status":"publish","type":"post","link":"http:\/\/fmriachuelo.it10.com.ar\/index.php\/2015\/08\/28\/kosteki-y-santillan-a-la-justicia-los-autores-ideologicos\/","title":{"rendered":"KOSTEKI Y SANTILL\u00c1N: A LA JUSTICIA LOS AUTORES IDEOL\u00d3GICOS"},"content":{"rendered":"<div style=\"clear: both;text-align: start\"><span style=\"color: red;font-family: Verdana, sans-serif;font-size: large\"><b>RESPONSABLES POL\u00cdTICOS AL BANQUILLO<\/b><\/span><\/div>\n<div style=\"clear: both;text-align: justify\"><span style=\"font-family: Verdana, sans-serif;text-align: start\">Kosteki y Santill\u00e1n: una nueva jornada en las puertas de la Justicia<\/span><\/div>\n<div style=\"clear: both;text-align: center\"><a href=\"http:\/\/3.bp.blogspot.com\/-SuUbCIZap4s\/Vd8KfV1UrEI\/AAAAAAAAGI4\/dlDOpr6xCyc\/s1600\/kosteki.jpg\" style=\"clear: left;float: left;margin-bottom: 1em;margin-right: 1em\"><img loading=\"lazy\" decoding=\"async\" border=\"0\" height=\"168\" src=\"http:\/\/3.bp.blogspot.com\/-SuUbCIZap4s\/Vd8KfV1UrEI\/AAAAAAAAGI4\/dlDOpr6xCyc\/s320\/kosteki.jpg\" width=\"320\" \/><\/a><\/div>\n<div style=\"clear: both;text-align: center\"><\/div>\n<p><span style=\"font-family: Verdana, sans-serif\"><\/span><\/p>\n<div style=\"text-align: justify\"><span style=\"font-family: Verdana, sans-serif\">Escuch\u00e1<a href=\"http:\/\/www.mediafire.com\/listen\/m622w09bys66ws3\/08-27-2015_-_ENTR._COMPLETA_A_KARINA_LOPEZ_MONJA_-_FPDS.mp3\" target=\"_blank\" rel=\"noopener\"> <span style=\"color: #351c75\"><b>AQU\u00cd<\/b><\/span><\/a> la entrevista a Carina Lopez Monja, referente del FPDS, &nbsp;en FM Riachuelo que nos hace un relato de la situaci\u00f3n en la justicia<\/span><br \/><span style=\"font-family: Verdana, sans-serif\"><br \/><\/span><span style=\"font-family: Verdana, sans-serif\">[Por redacci\u00f3n Marcha\/ Foto por Nadia Sur]Durante la ma\u00f1ana de ayer, distintas organizaciones sociales y organismos de derechos humanos se manifestaron en los Tribunales de Comodoro Py. La lucha es porque se enjuicie a los responsables pol\u00edticos de la denominada \u201cMasacre de Avellaneda\u201d en 2002.<\/span><\/div>\n<p><span style=\"font-family: Verdana, sans-serif\"><\/p>\n<div style=\"text-align: justify\"><\/div>\n<div style=\"text-align: justify\">Desde las 9 de la ma\u00f1ana las banderas de distintas organizaciones ondeaban en las puertas de los Tribunales de Comodoro Py. Esta vez, estaba programada la declaraci\u00f3n de un testigo en la causa por la Masacre de Avellaneda. Eduardo Villalba era Secretario de Seguridad del Municipio de Avellaneda cuando la represi\u00f3n se cobr\u00f3 la vida de los militantes sociales Maximiliano Kosteki y Dar\u00edo Santill\u00e1n.<\/div>\n<div style=\"text-align: justify\">Desde la Comisi\u00f3n Independiente de Justicia por Dar\u00edo y Maxi se convoc\u00f3 a acompa\u00f1ar esta nueva jornada de declaraci\u00f3n del testigo. Luego de muchos a\u00f1os, se logr\u00f3 el desarchivo de la causa que investiga las responsabilidades intelectuales y pol\u00edticas los asesinatos, donde adem\u00e1s de los dos j\u00f3venes asesinados fueron heridas con balas de plomo m\u00e1s de 30 personas.<\/div>\n<p><a name='more'><\/a><br \/>En ese contexto en el que se est\u00e1n llevando adelante declaraciones de diferentes testigos, en las pr\u00f3ximas elecciones se presentan como candidatos algunos de los que deber\u00edan estar sentados en el banquillo. Tales son los casos de An\u00edbal Fern\u00e1ndez \u2013candidato a gobernador bonaerense por el Frente para la Victoria, quien fuera en aquel entonces Secretario General de la Presidencia y justific\u00f3 los asesinatos aludiendo a un supuesto \u201ccronograma de hostilidades\u201d \u2013 y de Felipe Sol\u00e1, Gobernador de la Provincia de Buenos Aires en 2002 y hoy candidato por el Frente Renovadora al mismo cargo. En ese entonces, felicit\u00f3 y aval\u00f3 p\u00fablicamente el accionar del comisario Alfredo Fanchiotti, hoy con prisi\u00f3n perpetua como responsable material de los asesinatos. Por \u00faltimo,  Jorge Vanossi, tambi\u00e9n candidato del Frente Renovador para el Parlasur, era el ministro de Justicia del entonces Presidente, Eduardo Duhalde, y estuvo a cargo de la operaci\u00f3n de acusar de sediciosos a los piqueteros.<br \/>Por eso la presencia y el repudio colectivo. La Comisi\u00f3n est\u00e1 compuesta por familiares, distintas organizaciones de derechos humanos (la Asamblea Permanente por los Derechos Humanos de la Matanza, la Liga Argentina por los Derechos del Hombre), personalidades como Adolfo P\u00e9rez Esquivel, Norita Corti\u00f1as, Alfredo Grande, Vicente Zito Lema y organizaciones sociales y pol\u00edticas.<br \/>Luego de la intensa lluvia, el sol empezaba a salir y adentro de Tribunales, apenas pasadas las 10 de la ma\u00f1ana, comenz\u00f3 la declaraci\u00f3n del testigo. El Frente Popular Dar\u00edo Santill\u00e1n corta tradicionalmente cada 26, desde aquel junio de 2002, la avenida Pav\u00f3n a la altura de la estaci\u00f3n Dar\u00edo y Maxi (ex Avellaneda). En esta ocasi\u00f3n, la militancia se acerc\u00f3 a Comodoro Py al 200. Mara Kelhoffer, parte de la Juventud, explic\u00f3: \u201cEsta vez decidimos manifestarnos frente a los tribunales porque venimos reclamando desde hace a\u00f1os que se hagan cargo los responsables pol\u00edticos de la masacre\u201d.<\/p>\n<p>\u201cQue sepan que va a haber un pueblo que no va a olvidar jam\u00e1s\u201d<\/p>\n<p>En las puertas se mont\u00f3 una radio abierta, donde se recibieron a otros familiares de v\u00edctimas de violencia institucional que dieron sus testimonios, adem\u00e1s del apoyo al desarrollo de la causa Kosteki-Santill\u00e1n. Tambi\u00e9n se realizaron distintas intervenciones art\u00edsticas.<\/p>\n<p>El micr\u00f3fono abierto empez\u00f3 a recibir voces y uno de los primeros fue Leo Santill\u00e1n, hermano de Dar\u00edo, quien coment\u00f3 que este no debe ser un caso s\u00f3lo de los familiares sino de todo el campo popular. Tambi\u00e9n se refiri\u00f3 a los responsables pol\u00edticos que hoy son candidatos: \u201cVamos a estar donde tengamos que estar, se\u00f1al\u00e1ndolos y diciendo lo que son\u201d, opin\u00f3 sobre los ya mencionados Fern\u00e1ndez y Sol\u00e1. A \u00e9l se sum\u00f3 Alberto Santill\u00e1n, padre de Dar\u00edo, quien agradeci\u00f3 el acompa\u00f1amiento y dio lugar a la participaci\u00f3n de los representantes de la Comisi\u00f3n.<\/p>\n<p>As\u00ed, Pablo Pimentel, de la APDH Matanza, focaliz\u00f3 su intervenci\u00f3n en la necesidad de que, para avanzar en resultados positivos en la causa haya \u201cuna conjunci\u00f3n de abogados honestos, pero con un grupo de compa\u00f1eras y compa\u00f1eros que haya gente en la calle, movilizaci\u00f3n popular\u201d. Y agreg\u00f3: \u201cEsto es lo que va a garantizar la justicia: que tanto el Ministerio P\u00fablico como los jueces sepan que va a haber un pueblo que no va a olvidar jam\u00e1s el desastre que se cometi\u00f3 ese 26 de junio. Que no fue un hecho m\u00e1s: fue pensado, hab\u00eda que disciplinar a los j\u00f3venes, de que no tuvieran el toup\u00e9 de reclamar sus derechos\u201d.<\/p>\n<p>El resto de las organizaciones tambi\u00e9n acompa\u00f1\u00f3 y saludo el esp\u00edritu de la actividad realizada en sus alocuciones. Era cerca del mediod\u00eda cuando la declaraci\u00f3n hab\u00eda terminado y comenzaron a desconcentrarse, mientras un Dar\u00edo Santill\u00e1n \u00a1presente! y Maximiliano Kosteki \u00a1presente! Quedaban resonando en el aire.<\/p>\n<p>Una vez finalizada la jornada, Gloria Cosentino, militante del Frente Popular Dar\u00edo Santill\u00e1n y vocera de la Comisi\u00f3n Independiente, dialog\u00f3 con Marcha y opin\u00f3: \u201cEsta jornada con la radio abierta, compa\u00f1eros del Congreso de los Pueblos (Colombia) y la movilizaci\u00f3n m\u00e1s masiva nos permite ejercer una presi\u00f3n que de otra manera no podr\u00edamos frente a la fiscal\u00eda\u201d<\/p>\n<p>Respecto de la declaraci\u00f3n de Eduardo Villalba, coment\u00f3 que \u201cel testimonio suma claridad en torno a que se trat\u00f3 de una movilizaci\u00f3n distinta de las que se ven\u00edan dando en el contexto de represi\u00f3n del 2001 y 2002. Que para ellos, como Municipio de Avellaneda, ten\u00eda una contundencia relevante y eso necesariamente tiene que ser perge\u00f1ado por un Gobierno Nacional, no puede ser planificado solamente por la provincia y por la Polic\u00eda bonaerense. Y por otro lado, aclar\u00f3 que \u00e9l vio a la Prefectura desde la oficina en la que estaba y eso nos suma en t\u00e9rminos m\u00e1s jur\u00eddicos, que hab\u00eda fuerzas combinadas actuando de conjunto\u201d.<\/p>\n<p>En relaci\u00f3n con lo que se viene en un futuro cercano, aclar\u00f3: \u201cPoder hacer un festival m\u00e1s grande en Comodoro Py en un mes, y ese d\u00eda vamos a presentar un Amicus curiae, que es un recurso de amparo, para solicitarle al juez que avance pasos en esta investigaci\u00f3n de parte de las organizaciones del campo popular y los organismos de ddhh. El juez Ariel Lijo lo que est\u00e1 haciendo es relegar su responsabilidad de la Fiscal\u00eda y no est\u00e1 haciendo absolutamente nada: \u00e9l fue quien se enca<br \/>\nrg\u00f3 de archivar la causa y luego desarchivarla cuando se la solicitamos. No es que est\u00e1 avanzando concretamente y es la cabeza pol\u00edtica del poder judicial\u201d.<\/span><\/p>\n<div><span style=\"font-family: Verdana, sans-serif\"><br \/><\/span><\/div>\n<div><span style=\"color: blue;font-family: Verdana, sans-serif\">Fuente: Marcha, Producci\u00f3n Riachuelo<\/span><\/div>\n","protected":false},"excerpt":{"rendered":"<p>RESPONSABLES POL\u00cdTICOS AL BANQUILLO Kosteki y Santill\u00e1n: una nueva jornada en las puertas de la Justicia Escuch\u00e1 AQU\u00cd la entrevista a Carina Lopez Monja, referente del FPDS, &nbsp;en FM Riachuelo que nos hace un relato de la situaci\u00f3n en la justicia[Por redacci\u00f3n Marcha\/ Foto por Nadia Sur]Durante la ma\u00f1ana de ayer, distintas organizaciones sociales y [&hellip;]<\/p>\n","protected":false},"author":4,"featured_media":0,"comment_status":"open","ping_status":"open","sticky":false,"template":"","format":"standard","meta":{"_monsterinsights_skip_tracking":false,"_monsterinsights_sitenote_active":false,"_monsterinsights_sitenote_note":"","_monsterinsights_sitenote_category":0,"jnews-multi-image_gallery":[],"jnews_single_post":{"format":"standard"},"jnews_primary_category":[],"_joinchat":[],"footnotes":""},"categories":[58],"tags":[119,72,103,89],"class_list":["post-18358","post","type-post","status-publish","format-standard","hentry","category-noticiariachuelo","tag-derechos-humanos","tag-historia-de-la-lucha-de-los-pueblos","tag-movimientos-populares","tag-violencia-institucional"],"_links":{"self":[{"href":"http:\/\/fmriachuelo.it10.com.ar\/index.php\/wp-json\/wp\/v2\/posts\/18358","targetHints":{"allow":["GET"]}}],"collection":[{"href":"http:\/\/fmriachuelo.it10.com.ar\/index.php\/wp-json\/wp\/v2\/posts"}],"about":[{"href":"http:\/\/fmriachuelo.it10.com.ar\/index.php\/wp-json\/wp\/v2\/types\/post"}],"author":[{"embeddable":true,"href":"http:\/\/fmriachuelo.it10.com.ar\/index.php\/wp-json\/wp\/v2\/users\/4"}],"replies":[{"embeddable":true,"href":"http:\/\/fmriachuelo.it10.com.ar\/index.php\/wp-json\/wp\/v2\/comments?post=18358"}],"version-history":[{"count":1,"href":"http:\/\/fmriachuelo.it10.com.ar\/index.php\/wp-json\/wp\/v2\/posts\/18358\/revisions"}],"predecessor-version":[{"id":23987,"href":"http:\/\/fmriachuelo.it10.com.ar\/index.php\/wp-json\/wp\/v2\/posts\/18358\/revisions\/23987"}],"wp:attachment":[{"href":"http:\/\/fmriachuelo.it10.com.ar\/index.php\/wp-json\/wp\/v2\/media?parent=18358"}],"wp:term":[{"taxonomy":"category","embeddable":true,"href":"http:\/\/fmriachuelo.it10.com.ar\/index.php\/wp-json\/wp\/v2\/categories?post=18358"},{"taxonomy":"post_tag","embeddable":true,"href":"http:\/\/fmriachuelo.it10.com.ar\/index.php\/wp-json\/wp\/v2\/tags?post=18358"}],"curies":[{"name":"wp","href":"https:\/\/api.w.org\/{rel}","templated":true}]}}