{"id":18357,"date":"2015-08-29T02:52:00","date_gmt":"2015-08-29T02:52:00","guid":{"rendered":"http:\/\/fmriachuelo.observatorioess.org.ar\/index.php\/2015\/08\/29\/bolivia-el-canciller-presenta-una-queja-al-encargado-de-negocios-de-ee-uu\/"},"modified":"2025-05-13T15:24:51","modified_gmt":"2025-05-13T18:24:51","slug":"bolivia-el-canciller-presenta-una-queja-al-encargado-de-negocios-de-ee-uu","status":"publish","type":"post","link":"http:\/\/fmriachuelo.it10.com.ar\/index.php\/2015\/08\/29\/bolivia-el-canciller-presenta-una-queja-al-encargado-de-negocios-de-ee-uu\/","title":{"rendered":"BOLIVIA: EL CANCILLER PRESENTA UNA QUEJA AL ENCARGADO DE NEGOCIOS DE EE.UU."},"content":{"rendered":"<div><span style=\"color: red;font-family: Verdana, sans-serif;font-size: large\"><b>INFORME MALINTENCIONADO<\/b><\/span><\/div>\n<p><span style=\"font-family: Verdana, sans-serif\">Canciller convoca al Encargado de Negocios de EEUU por queja por informe sobre coca<\/span><\/p>\n<div style=\"clear: both;text-align: center\"><a href=\"http:\/\/3.bp.blogspot.com\/-bKbfqoh1u20\/VeEdfdElGaI\/AAAAAAAAGJ4\/_8R-AL-YCwA\/s1600\/coca.jpg\" style=\"clear: left;float: left;margin-bottom: 1em;margin-right: 1em\"><img decoding=\"async\" border=\"0\" src=\"http:\/\/3.bp.blogspot.com\/-bKbfqoh1u20\/VeEdfdElGaI\/AAAAAAAAGJ4\/_8R-AL-YCwA\/s1600\/coca.jpg\" \/><\/a><\/div>\n<p><span style=\"font-family: Verdana, sans-serif\"><\/p>\n<div style=\"text-align: justify\">El Departamento de Estado de EEUU public\u00f3 viernes pasado un informe en el que sostiene que Bolivia cuenta con 35.000 hect\u00e1reas de coca, dato que contradice al monitoreo hecho por la Oficina de las Naciones Unidas contra la Droga y el Delito (Unodc) que establece que en el Estado Plurinacional existen 20.400 hect\u00e1reas hasta 2014.<\/div>\n<div style=\"text-align: justify\">El canciller David Choquehuanca convoc\u00f3 al Encargado de Negocios de EEUU en Bolivia, Peter Brennan, para tratar sobre el informe estadounidense de cultivos de coca en Bolivia.<\/div>\n<div style=\"text-align: justify\"><\/div>\n<div style=\"text-align: justify\">Seg\u00fan el Gobierno, los datos publicados por EEUU ponen en duda la reducci\u00f3n de superficie de coca en el pa\u00eds.<\/div>\n<p><a name='more'><\/a><br \/>\u201cHemos convocado nosotros al Encargado de Negocios ( Peter Brennan), para tratar este tema en el \u00e1mbito de relaciones diplom\u00e1ticas. Tenemos canales y conductos diplom\u00e1ticos.<\/p>\n<p>Se le entreg\u00f3 una nota sobre este asunto al Encargado de Negocios de los Estados Unidos\u201d, asegur\u00f3 el Ministro de Relaciones, en conferencia de prensa.<\/p>\n<p>Choquehuanca explic\u00f3 que en la nota diplom\u00e1tica enviada al encargado de negocios del gobierno de Barack Obama, Bolivia expresa su rechazo al informe de los EEUU y le pide manejar la informaci\u00f3n con mayor responsabilidad.<\/p>\n<p>En esa l\u00ednea, el jefe de la diplomacia boliviana exigi\u00f3 al Gobierno estadounidense cotejar los \u00faltimos datos proporcionados por Oficina de las Naciones Unidas contra la Droga y el Delito en que el que se evidencia que hasta diciembre de 2014 se registraron 20.400 hect\u00e1reas.<\/p>\n<p>El 23 agosto el presidente Evo Morales cuestion\u00f3 que Estados Unidos maneje informaci\u00f3n err\u00f3nea para desprestigiar la lucha contra el narcotr\u00e1fico que el estado boliviano lleva adelante, mediante la reducci\u00f3n de los cultivos de coca.<\/p>\n<p>La embajada de EEUU hizo conocer el martes su disposici\u00f3n de mejorar la cooperaci\u00f3n en la lucha antidroga en el pa\u00eds, luego de que recibiera cuestionamientos sobre el informe de la coca.<\/p>\n<p>Protestan por erradicaci\u00f3n<\/p>\n<p>Un grupo de al menos 50 productores de la hoja de coca realizaron ayer una protesta p\u00fablica en cercan\u00edas de plaza Murillo (La Paz) para pedir que el Gobierno asuma medidas en contra de una supuesta erradicaci\u00f3n forzosa en su sector.<\/p>\n<p>Los manifestantes, que pertenecen a la Central R\u00edo Antofagasta, llegaron desde la provincia Nor Yungas, del municipio de Coripata y se congregaron a las 7:00 de ayer en una calle adyacente del kil\u00f3metro 0. Denunciaron que con esta erradicaci\u00f3n se afectaron, hasta la fecha, unos 500 cultivos de la hoja verde.<\/p>\n<p>\u201cNo nos dan un peso, ni ninguna otra alternativa. Nos vamos a quedar aqu\u00ed hasta conseguir nuestra soluci\u00f3n. Somos 500 familias, 500 cultivos m\u00e1s o menos est\u00e1n afectados\u201d, lament\u00f3 el principal representante del sector, Remigio Calle.<\/p>\n<p>El pasado 24 de agosto, otro grupo similar ingres\u00f3 a plaza Murillo para hacer p\u00fablica la misma demanda. En la oportunidad reclamaron que se cumpla el compromiso firmado en 2011, en el cual el entonces viceministro de la Coca, Germ\u00e1n Loza, acept\u00f3 permitir un cato de coca por cada lote de esta regi\u00f3n.<\/span><\/p>\n<div><span style=\"font-family: Verdana, sans-serif\"><br \/><\/span><\/div>\n<div><span style=\"color: blue;font-family: Verdana, sans-serif\">Nodal, Producci\u00f3n Riachuelo<\/span><\/div>\n","protected":false},"excerpt":{"rendered":"<p>INFORME MALINTENCIONADO Canciller convoca al Encargado de Negocios de EEUU por queja por informe sobre coca El Departamento de Estado de EEUU public\u00f3 viernes pasado un informe en el que sostiene que Bolivia cuenta con 35.000 hect\u00e1reas de coca, dato que contradice al monitoreo hecho por la Oficina de las Naciones Unidas contra la Droga [&hellip;]<\/p>\n","protected":false},"author":4,"featured_media":0,"comment_status":"open","ping_status":"open","sticky":false,"template":"","format":"standard","meta":{"_monsterinsights_skip_tracking":false,"_monsterinsights_sitenote_active":false,"_monsterinsights_sitenote_note":"","_monsterinsights_sitenote_category":0,"jnews-multi-image_gallery":[],"jnews_single_post":{"format":"standard"},"jnews_primary_category":[],"_joinchat":[],"footnotes":""},"categories":[58],"tags":[70,167],"class_list":["post-18357","post","type-post","status-publish","format-standard","hentry","category-noticiariachuelo","tag-de-la-patria-grande","tag-politica-internacional"],"_links":{"self":[{"href":"http:\/\/fmriachuelo.it10.com.ar\/index.php\/wp-json\/wp\/v2\/posts\/18357","targetHints":{"allow":["GET"]}}],"collection":[{"href":"http:\/\/fmriachuelo.it10.com.ar\/index.php\/wp-json\/wp\/v2\/posts"}],"about":[{"href":"http:\/\/fmriachuelo.it10.com.ar\/index.php\/wp-json\/wp\/v2\/types\/post"}],"author":[{"embeddable":true,"href":"http:\/\/fmriachuelo.it10.com.ar\/index.php\/wp-json\/wp\/v2\/users\/4"}],"replies":[{"embeddable":true,"href":"http:\/\/fmriachuelo.it10.com.ar\/index.php\/wp-json\/wp\/v2\/comments?post=18357"}],"version-history":[{"count":1,"href":"http:\/\/fmriachuelo.it10.com.ar\/index.php\/wp-json\/wp\/v2\/posts\/18357\/revisions"}],"predecessor-version":[{"id":23989,"href":"http:\/\/fmriachuelo.it10.com.ar\/index.php\/wp-json\/wp\/v2\/posts\/18357\/revisions\/23989"}],"wp:attachment":[{"href":"http:\/\/fmriachuelo.it10.com.ar\/index.php\/wp-json\/wp\/v2\/media?parent=18357"}],"wp:term":[{"taxonomy":"category","embeddable":true,"href":"http:\/\/fmriachuelo.it10.com.ar\/index.php\/wp-json\/wp\/v2\/categories?post=18357"},{"taxonomy":"post_tag","embeddable":true,"href":"http:\/\/fmriachuelo.it10.com.ar\/index.php\/wp-json\/wp\/v2\/tags?post=18357"}],"curies":[{"name":"wp","href":"https:\/\/api.w.org\/{rel}","templated":true}]}}