{"id":18355,"date":"2015-08-29T07:30:00","date_gmt":"2015-08-29T07:30:00","guid":{"rendered":"http:\/\/fmriachuelo.observatorioess.org.ar\/index.php\/2015\/08\/29\/contraofensiva-en-la-patria-grande-y-contra-todo-el-que-se-resista\/"},"modified":"2025-05-13T15:29:24","modified_gmt":"2025-05-13T18:29:24","slug":"contraofensiva-en-la-patria-grande-y-contra-todo-el-que-se-resista","status":"publish","type":"post","link":"http:\/\/fmriachuelo.it10.com.ar\/index.php\/2015\/08\/29\/contraofensiva-en-la-patria-grande-y-contra-todo-el-que-se-resista\/","title":{"rendered":"CONTRAOFENSIVA EN LA PATRIA GRANDE Y CONTRA TODO EL QUE SE RESISTA"},"content":{"rendered":"<p><span style=\"font-family: Verdana, sans-serif\">La contraofensiva global de la derecha<\/span><\/p>\n<div style=\"margin: 8px 20px 5px;padding: 0px\"><a href=\"http:\/\/3.bp.blogspot.com\/-pvtL-NS1nV8\/VeEhQS8NCSI\/AAAAAAAAGKM\/xgsyH-Rwwtg\/s1600\/ares_jiribilla_001.jpg\" style=\"clear: left;float: left;margin-bottom: 1em;margin-right: 1em\"><img decoding=\"async\" border=\"0\" src=\"http:\/\/3.bp.blogspot.com\/-pvtL-NS1nV8\/VeEhQS8NCSI\/AAAAAAAAGKM\/xgsyH-Rwwtg\/s1600\/ares_jiribilla_001.jpg\" \/><\/a><span style=\"font-family: Verdana, sans-serif\"><\/p>\n<div style=\"text-align: justify\"><span style=\"font-family: Verdana, sans-serif\">&nbsp; &nbsp; &nbsp; &nbsp; &nbsp; &nbsp; &nbsp; &nbsp; &nbsp; &nbsp; &nbsp; &nbsp; &nbsp; &nbsp; &nbsp; &nbsp; &nbsp; &nbsp; &nbsp; &nbsp; &nbsp; &nbsp; &nbsp; &nbsp; &nbsp; &nbsp; [Por: Emir Sader]&nbsp;<\/span><span style=\"text-align: justify\">Am\u00e9rica latina ha sido el escenario privilegiado de ofensivas de la derecha, porque es la regi\u00f3n del mundo donde la derecha ha quedado m\u00e1s desplazada. Ha perdido sucesivas elecciones en los pa\u00edses con gobiernos progresistas y pas\u00f3 a apelar a intentos de desestabilizaci\u00f3n pol\u00edtica vali\u00e9ndose de su elemento m\u00e1s fuerte: el monopolio privado de los medios de comunicaci\u00f3n.<\/span><\/div>\n<p><\/span><\/p>\n<div style=\"margin: 0px;padding: 0px\"><span style=\"font-family: Verdana, sans-serif\"><\/p>\n<div style=\"text-align: justify\"><\/div>\n<div style=\"text-align: justify\">Cuando llegan las elecciones, la derecha se juega por entero intentando ganar, como fueron los casos recientes de Ecuador, Bolivia, Brasil, Uruguay, y como ocurre actualmente en Argentina y en Venezuela. Acumulando nuevas derrotas, la derecha pasa a poner en pr\u00e1ctica planes de desestabilizaci\u00f3n pol\u00edtica, como son los casos actuales en Brasil, Ecuador y Bolivia.<\/div>\n<div style=\"text-align: justify\"><\/div>\n<div style=\"text-align: justify\">La oposici\u00f3n brasile\u00f1a ha intentado, hasta donde pudo, cuestionar la reelecci\u00f3n de Dilma Rousseff, haciendo que el primer a\u00f1o de su segundo mandato sea un per\u00edodo de crisis, de amenazas de ingobernabilidad y de resistencia de parte del gobierno y del movimiento popular. Hasta que esa operaci\u00f3n se agota, pero el gobierno sale de ella debilitado, presionado por las fuerzas de centroderecha hacia un pacto conservador a cambio de la recuperaci\u00f3n de la gobernabilidad.<\/div>\n<div style=\"text-align: justify\"><a name='more'><\/a><\/div>\n<div style=\"text-align: justify\">En Bolivia, una regi\u00f3n \u2013Potos\u00ed\u2013 constituy\u00f3 un comit\u00e9 c\u00edvico y, con una plataforma de reivindicaciones locales, hizo una huelga regional y organiz\u00f3 una marcha belicosa hacia la capital. El gobierno alega que ha concedido las principales reivindicaciones, pero los huelguistas lo niegan, aunque finalmente suspenden su movida, con amenazas de retomarla.<\/div>\n<div style=\"text-align: justify\"><\/div>\n<div style=\"text-align: justify\">En Ecuador, dos medidas tributarias que el gobierno envi\u00f3 al Congreso, que recaen sobre el dos por ciento m\u00e1s rico de la poblaci\u00f3n, llevaron a que la oposici\u00f3n \u2013sum\u00e1ndose, una vez m\u00e1s, sectores de la ultraizquierda con la derecha\u2013 desatara una reacci\u00f3n amplia y violenta, que algunos llamaron un \u201clevantamiento\u201d en contra del gobierno. Apoyada en sectores minoritarios del movimiento ind\u00edgena y sindical, se chocaron con grandes movilizaciones populares de apoyo al gobierno de Rafael Correa.<\/div>\n<div style=\"text-align: justify\"><\/div>\n<div style=\"text-align: justify\">Pero no es s\u00f3lo en Am\u00e9rica latina que se da esa contraofensiva. Como Grecia y Espa\u00f1a aparec\u00edan como pa\u00edses en donde surge una nueva izquierda en Europa, con el agotamiento de los partidos tradicionales, reducidos todos a la pol\u00edtica de austeridad, ah\u00ed tambi\u00e9n la derecha retom\u00f3 su ofensiva. Syriza y Podemos han pasado a cuestionar la austeridad y a capitalizar el descontento generalizado de la poblaci\u00f3n.<\/div>\n<div style=\"text-align: justify\"><\/div>\n<div style=\"text-align: justify\">En Grecia, la derecha tuvo que actuar m\u00e1s duramente, porque era inminente el riesgo de que un gobierno cuestionar\u00e1 concretamente a la austeridad. La Uni\u00f3n Europea ha actuado con toda su brutalidad para derrotar y humillar al nuevo gobierno griego e intenta demostrar a toda Europa que fuera de la austeridad no habr\u00eda vida posible.<\/div>\n<div style=\"text-align: justify\"><\/div>\n<div style=\"text-align: justify\">Esa l\u00ednea de acci\u00f3n tiene los ojos puestos en el resto de Europa, pero especialmente sobre Espa\u00f1a, donde Podemos se apoyaba en la experiencia griega como v\u00eda posible de superaci\u00f3n de la austeridad. Contra el ascenso de Podemos se ha desatado una estrategia combinada en varios planos. En primer lugar, los medios han fabricado mecanismos de rechazo de la nueva organizaci\u00f3n, mezclando denuncias sobre el comportamiento de algunos de sus dirigentes y organizando una nueva agrupaci\u00f3n de centroderecha \u2013Ciudadanos\u2013, para que dispute con Podemos los efectos del desgaste del bipartidismo, con Podemos volvi\u00e9ndose el blanco principal de la actuaci\u00f3n de los dos partidos tradicionales \u2013PP y PSOE\u2013, ambos en p\u00e1nico, actuando juntos para poner limites a la ascenso de Podemos.<\/div>\n<div style=\"text-align: justify\"><\/div>\n<div style=\"text-align: justify\">El fracaso del intento de Syriza de romper con la austeridad vino a completar la operaci\u00f3n de contenci\u00f3n de Podemos y de mantener la bipolaridad espa\u00f1ola, condici\u00f3n indispensable para el mantenimiento de la austeridad. El PP juega su suerte a la posibilidad de incorporar a Ciudadanos a una alianza que le permita seguir gobernando, como si nada hubiera pasado en Espa\u00f1a. Caso contrario, tendr\u00eda que apelar al abrazo de ahogado con el Psoe, reabriendo caminos para que Podemos vuelva a cuestionar la bipolaridad con todav\u00eda mas fuerza.<\/div>\n<div style=\"text-align: justify\"><\/div>\n<div style=\"text-align: justify\"><span style=\"font-family: Verdana, sans-serif\">Todo lo que se hace en Grecia y en Espa\u00f1a representa el cap\u00edtulo europeo de la contraofensiva conservadora global, que tiene en Am\u00e9rica latina su epicentro, porque es en esa regi\u00f3n que el modelo neoliberal es m\u00e1s fuertemente cuestionado. Frente a la fragilidad del modelo neoliberal, la derecha reacciona con intentos de desestabilizaci\u00f3n de gobiernos que ponen en jaque a su modelo, pero tambi\u00e9n con bloqueos a las nuevas posibilidades de construcci\u00f3n de alternativas. Pero al no presentar propuestas renovadoras de su modelo, la contraofensiva de la derecha a escala global revela su corto aliento.<\/span><\/div>\n<div style=\"text-align: justify\"><span style=\"color: #333333;font-family: arial, sans-serif\"><span style=\"background-color: white;font-size: 14px;line-height: 22px\"><br \/><\/span><\/span><\/div>\n<div style=\"text-align: justify\"><span style=\"color: blue;font-family: arial, sans-serif\"><span style=\"background-color: white;font-size: 14px;line-height: 22px\">Cubadebate; Producci\u00f3n Riachuelo.<\/span><\/span><\/div>\n<p><\/span><\/div>\n<\/div>\n","protected":false},"excerpt":{"rendered":"<p>La contraofensiva global de la derecha &nbsp; &nbsp; &nbsp; &nbsp; &nbsp; &nbsp; &nbsp; &nbsp; &nbsp; &nbsp; &nbsp; &nbsp; &nbsp; &nbsp; &nbsp; &nbsp; &nbsp; &nbsp; &nbsp; &nbsp; &nbsp; &nbsp; &nbsp; &nbsp; &nbsp; &nbsp; [Por: Emir Sader]&nbsp;Am\u00e9rica latina ha sido el escenario privilegiado de ofensivas de la derecha, porque es la regi\u00f3n del mundo donde la derecha [&hellip;]<\/p>\n","protected":false},"author":4,"featured_media":0,"comment_status":"open","ping_status":"open","sticky":false,"template":"","format":"standard","meta":{"_monsterinsights_skip_tracking":false,"_monsterinsights_sitenote_active":false,"_monsterinsights_sitenote_note":"","_monsterinsights_sitenote_category":0,"jnews-multi-image_gallery":[],"jnews_single_post":{"format":"standard"},"jnews_primary_category":[],"_joinchat":[],"footnotes":""},"categories":[58],"tags":[70,167],"class_list":["post-18355","post","type-post","status-publish","format-standard","hentry","category-noticiariachuelo","tag-de-la-patria-grande","tag-politica-internacional"],"_links":{"self":[{"href":"http:\/\/fmriachuelo.it10.com.ar\/index.php\/wp-json\/wp\/v2\/posts\/18355","targetHints":{"allow":["GET"]}}],"collection":[{"href":"http:\/\/fmriachuelo.it10.com.ar\/index.php\/wp-json\/wp\/v2\/posts"}],"about":[{"href":"http:\/\/fmriachuelo.it10.com.ar\/index.php\/wp-json\/wp\/v2\/types\/post"}],"author":[{"embeddable":true,"href":"http:\/\/fmriachuelo.it10.com.ar\/index.php\/wp-json\/wp\/v2\/users\/4"}],"replies":[{"embeddable":true,"href":"http:\/\/fmriachuelo.it10.com.ar\/index.php\/wp-json\/wp\/v2\/comments?post=18355"}],"version-history":[{"count":1,"href":"http:\/\/fmriachuelo.it10.com.ar\/index.php\/wp-json\/wp\/v2\/posts\/18355\/revisions"}],"predecessor-version":[{"id":23993,"href":"http:\/\/fmriachuelo.it10.com.ar\/index.php\/wp-json\/wp\/v2\/posts\/18355\/revisions\/23993"}],"wp:attachment":[{"href":"http:\/\/fmriachuelo.it10.com.ar\/index.php\/wp-json\/wp\/v2\/media?parent=18355"}],"wp:term":[{"taxonomy":"category","embeddable":true,"href":"http:\/\/fmriachuelo.it10.com.ar\/index.php\/wp-json\/wp\/v2\/categories?post=18355"},{"taxonomy":"post_tag","embeddable":true,"href":"http:\/\/fmriachuelo.it10.com.ar\/index.php\/wp-json\/wp\/v2\/tags?post=18355"}],"curies":[{"name":"wp","href":"https:\/\/api.w.org\/{rel}","templated":true}]}}