{"id":18340,"date":"2015-08-24T02:47:00","date_gmt":"2015-08-24T02:47:00","guid":{"rendered":"http:\/\/fmriachuelo.observatorioess.org.ar\/index.php\/2015\/08\/24\/brasil-en-todo-el-pais-manifestaron-su-apoyo-al-gobierno-nacional\/"},"modified":"2025-05-13T14:35:23","modified_gmt":"2025-05-13T17:35:23","slug":"brasil-en-todo-el-pais-manifestaron-su-apoyo-al-gobierno-nacional","status":"publish","type":"post","link":"http:\/\/fmriachuelo.it10.com.ar\/index.php\/2015\/08\/24\/brasil-en-todo-el-pais-manifestaron-su-apoyo-al-gobierno-nacional\/","title":{"rendered":"BRASIL: EN TODO EL PA\u00cdS MANIFESTARON SU APOYO AL GOBIERNO NACIONAL"},"content":{"rendered":"<div><span style=\"color: red;font-family: Verdana, sans-serif;font-size: large\"><b>TOMAR LAS CALLES POR DERECHOS, LIBERTAD Y DEMOCRACIA<\/b><\/span><\/p>\n<div style=\"clear: both;text-align: center\"><span style=\"color: red;font-family: Verdana, sans-serif;font-size: large\"><b><a href=\"http:\/\/3.bp.blogspot.com\/-bxkn34C5f24\/VdySViKePeI\/AAAAAAAAGF0\/HB_-hmzhgc8\/s1600\/brasil.jpg\" style=\"clear: left;float: left;margin-bottom: 1em;margin-right: 1em\"><img loading=\"lazy\" decoding=\"async\" border=\"0\" height=\"212\" src=\"http:\/\/3.bp.blogspot.com\/-bxkn34C5f24\/VdySViKePeI\/AAAAAAAAGF0\/HB_-hmzhgc8\/s320\/brasil.jpg\" width=\"320\" \/><\/a><\/b><\/span><\/div>\n<\/div>\n<div>\n<div style=\"text-align: justify\"><span style=\"font-family: Verdana, sans-serif\"><b>Organizaciones de izquierda, sindicatos y movimientos sociales marcharon contra la derecha y el ajuste<\/b><\/span><\/div>\n<\/div>\n<div style=\"text-align: justify\"><span style=\"font-family: verdana\">[Resumen Latinoamericano, 21 de agosto 2015] Organizaciones de izquierda junto a sindicatos y movimientos sociales marcharon en al menos 21 estados de Brasil, en defensa de la democracia, pero tambi\u00e9n con cuestionamientos al ajuste fiscal propuesto por el Ejecutivo para mejorar la econom\u00eda. Tambi\u00e9n fue protagonista de la convocatoria el Partido de los Trabajadores (PT).<\/span><\/div>\n<p><span style=\"font-family: verdana\"><\/span><\/p>\n<div style=\"text-align: justify\"><span style=\"font-family: verdana\">\u201c\u00a1Tomar las calles por derechos, libertad y democracia! \u00a1Contra la derecha y el ajuste fiscal!\u201d, fue la consigna con la que convocaron a las movilizaciones la Central \u00danica de los Trabajadores (CUT), el Movimiento de los Trabajadores Sin Techo (MTST) y el Movimiento de los Trabajadores Rurales Sin Tierra (MST), entre otras organizaciones.<\/span><br \/><a name='more'><\/a><span style=\"font-family: verdana\"><br \/><\/span><span style=\"font-family: verdana\">Las movilizaciones de hoy fueron un contrapunto a las realizadas el domingo, cuando cientos de miles de personas salieron a las calles a pedir la salida de Rousseff y el juicio pol\u00edtico, una bandera promovida por el senador del opositor Partido de la Social Democracia Brasile\u00f1a (PSDB), A\u00e9cio Neves, y su padrino pol\u00edtico y ex mandatario Fernando Henrique Cardoso, quien hasta se\u00f1al\u00f3 que la presidenta deber\u00eda renunciar.<\/span><br \/><span style=\"font-family: verdana\">Si bien el gobernante PT fue el que llam\u00f3 a sus militantes y a los movimientos a salir a las calles en defensa del gobierno y la democracia, tambi\u00e9n sumaron su respaldo el Partido Socialismo y Libertad (PSOL) y el Partido Comunista de Brasil (PcoB) quienes coincidieron en que los pedidos de destituci\u00f3n de la mandataria son \u201cintentos golpistas\u201d de la derecha.<\/span><br \/><span style=\"font-family: verdana\">La jornada, adem\u00e1s, tuvo dos hechos que potenciaron el valor de las marchas: cuando se conoci\u00f3 la presentaci\u00f3n de la denuncia de Procuradur\u00eda ante la Corte de Brasil por lavado de dinero contra el jefe de Diputados y principal impulsor del pedido de juicio pol\u00edtico contra Rousseff, Eduardo Cunha, y la visita por menos de 48 horas de la canciller alemana Angela Merkel, quien mantuvo un encuentro con Rousseff y tras firmar acuerdos, le dio su respaldo en el momento m\u00e1s adverso de su segundo mandato.<\/span><br \/><span style=\"font-family: verdana\">Hasta esta tarde a\u00fan no se hab\u00eda informado el n\u00famero de participantes de las manifestaciones, pero en diversas im\u00e1genes pudo verse que acudieron miles de personas en cada punto de reuni\u00f3n y seg\u00fan la Policia Federal en la ciudad de San Pablo a una hora de haber comenzado la concentraci\u00f3n hab\u00eda unas 60.000 personas.<\/span><br \/><span style=\"font-family: verdana\">En ciudades como Paran\u00e1, Belem, Brasilia, Porto Alegre, Natal, Salvador, Rio de Janeiro y San Pablo manifestaron con banderas y remeras rojas, identificadas con los colores del PT, pero tambi\u00e9n con pancartas que pregonaban por la democracia y contra los intentos de destituci\u00f3n como el \u201cGolpe Nunca M\u00e1s\u201d.<\/span><br \/><span style=\"font-family: verdana\">La marcha de apoyo al gobierno y contra el ajuste tambi\u00e9n se volc\u00f3 a las redes sociales. En Twitter, bajo el hashtag #AmericaLatinaConBrasil se acompa\u00f1\u00f3 a las movilizaciones desde distintas partes del mundo.<\/span><br \/><span style=\"font-family: verdana\">En cuanto a las demandas, se destac\u00f3 el repudio abierto a la pol\u00edtica econ\u00f3mica del ministro de Hacienda, Joaquim Levy, cuyo plan de austeridad es considerado por los trabajadores como un retroceso en los avances alcanzados en los \u00faltimos a\u00f1os en materia social y laboral.<\/span><br \/><span style=\"font-family: verdana\">\u201c\u00a1Contra el ajuste fiscal! \u00a1Que los ricos paguen por la crisis!\u201d, sostuvieron hoy en sus respectivas p\u00e1ginas web la CUT y el MTST. \u201cLa pol\u00edtica econ\u00f3mica del gobierno tira la cuenta (de la crisis) sobre las espaldas del pueblo. En lugar de atacar derechos laborales, cortar inversiones sociales y aumentar impuestos, defendemos que el gobierno ajuste las cuentas sobre los ricos, con impuestos a grandes fortunas, dividendos y remesas de lucros (de multinacionales al exterior), adem\u00e1s de una auditor\u00eda de la deuda p\u00fablica\u201d, afirmaron.<\/span><br \/><span style=\"font-family: verdana\">Pero uno de los blancos de criticas en las marchas, que incluso tuvo su mu\u00f1eco inflable con el traje de preso, fue el presidente de la C\u00e1mara baja denunciado hoy por la fiscal\u00eda ante la Corte por lavado de dinero.<\/span><br \/><span style=\"font-family: verdana\">El pol\u00edtico del Partido del Movimiento Democr\u00e1tico Brasile\u00f1o (PMDB) fue acusado por un empresario de haber exigido sobornos para facilitar negocios con Petrobras, sumida en un esc\u00e1ndalo de corrupci\u00f3n.<\/span><br \/><span style=\"font-family: verdana\">Aunque integra la coalici\u00f3n de gobierno, Cunha es un enemigo declarado del gobierno de Rousseff, con el que rompi\u00f3 relaciones hace algunas semanas, cuando sali\u00f3 a la luz la denuncia en su contra y es el principal impulsor del juicio pol\u00edtico que fue bandera en la marcha opositora del domingo pasado.<\/span><\/div>\n<p><span style=\"font-family: verdana\"><\/span><span style=\"font-family: verdana\"><br \/><span style=\"color: blue\">Fuente: Resumen Latinoamericano, Producci\u00f3n Riachuelo<\/span><\/span><\/p>\n","protected":false},"excerpt":{"rendered":"<p>TOMAR LAS CALLES POR DERECHOS, LIBERTAD Y DEMOCRACIA Organizaciones de izquierda, sindicatos y movimientos sociales marcharon contra la derecha y el ajuste [Resumen Latinoamericano, 21 de agosto 2015] Organizaciones de izquierda junto a sindicatos y movimientos sociales marcharon en al menos 21 estados de Brasil, en defensa de la democracia, pero tambi\u00e9n con cuestionamientos al [&hellip;]<\/p>\n","protected":false},"author":4,"featured_media":0,"comment_status":"open","ping_status":"open","sticky":false,"template":"","format":"standard","meta":{"_monsterinsights_skip_tracking":false,"_monsterinsights_sitenote_active":false,"_monsterinsights_sitenote_note":"","_monsterinsights_sitenote_category":0,"jnews-multi-image_gallery":[],"jnews_single_post":{"format":"standard"},"jnews_primary_category":[],"_joinchat":[],"footnotes":""},"categories":[58],"tags":[70,157],"class_list":["post-18340","post","type-post","status-publish","format-standard","hentry","category-noticiariachuelo","tag-de-la-patria-grande","tag-nadie-se-salva-solo"],"_links":{"self":[{"href":"http:\/\/fmriachuelo.it10.com.ar\/index.php\/wp-json\/wp\/v2\/posts\/18340","targetHints":{"allow":["GET"]}}],"collection":[{"href":"http:\/\/fmriachuelo.it10.com.ar\/index.php\/wp-json\/wp\/v2\/posts"}],"about":[{"href":"http:\/\/fmriachuelo.it10.com.ar\/index.php\/wp-json\/wp\/v2\/types\/post"}],"author":[{"embeddable":true,"href":"http:\/\/fmriachuelo.it10.com.ar\/index.php\/wp-json\/wp\/v2\/users\/4"}],"replies":[{"embeddable":true,"href":"http:\/\/fmriachuelo.it10.com.ar\/index.php\/wp-json\/wp\/v2\/comments?post=18340"}],"version-history":[{"count":1,"href":"http:\/\/fmriachuelo.it10.com.ar\/index.php\/wp-json\/wp\/v2\/posts\/18340\/revisions"}],"predecessor-version":[{"id":23957,"href":"http:\/\/fmriachuelo.it10.com.ar\/index.php\/wp-json\/wp\/v2\/posts\/18340\/revisions\/23957"}],"wp:attachment":[{"href":"http:\/\/fmriachuelo.it10.com.ar\/index.php\/wp-json\/wp\/v2\/media?parent=18340"}],"wp:term":[{"taxonomy":"category","embeddable":true,"href":"http:\/\/fmriachuelo.it10.com.ar\/index.php\/wp-json\/wp\/v2\/categories?post=18340"},{"taxonomy":"post_tag","embeddable":true,"href":"http:\/\/fmriachuelo.it10.com.ar\/index.php\/wp-json\/wp\/v2\/tags?post=18340"}],"curies":[{"name":"wp","href":"https:\/\/api.w.org\/{rel}","templated":true}]}}