{"id":18339,"date":"2015-08-24T02:55:00","date_gmt":"2015-08-24T02:55:00","guid":{"rendered":"http:\/\/fmriachuelo.observatorioess.org.ar\/index.php\/2015\/08\/24\/23-de-agosto-dia-contra-la-esclavitud\/"},"modified":"2025-05-13T14:37:00","modified_gmt":"2025-05-13T17:37:00","slug":"23-de-agosto-dia-contra-la-esclavitud","status":"publish","type":"post","link":"http:\/\/fmriachuelo.it10.com.ar\/index.php\/2015\/08\/24\/23-de-agosto-dia-contra-la-esclavitud\/","title":{"rendered":"23 DE AGOSTO: DIA CONTRA LA ESCLAVITUD"},"content":{"rendered":"<div style=\"clear: both;text-align: center\"><a href=\"http:\/\/2.bp.blogspot.com\/--pFwCuvdFnE\/VdyXm5-cFKI\/AAAAAAAAGGc\/D5tZCPhGxc4\/s1600\/ESCLAVITUD.jpg\" style=\"clear: left;float: left;margin-bottom: 1em;margin-right: 1em\"><img loading=\"lazy\" decoding=\"async\" border=\"0\" height=\"200\" src=\"http:\/\/2.bp.blogspot.com\/--pFwCuvdFnE\/VdyXm5-cFKI\/AAAAAAAAGGc\/D5tZCPhGxc4\/s200\/ESCLAVITUD.jpg\" width=\"80\" \/><\/a><\/div>\n<p><span style=\"color: red;font-family: Verdana, sans-serif;font-size: large\"><b>LIBERTAD, LIBERTAD, LIBERTAD<\/b><\/span><span style=\"font-family: Verdana, sans-serif\"><\/p>\n<p>Este 23 de agosto se conmemora el D\u00eda Internacional del Recuerdo del Comercio de Esclavos y de su Abolici\u00f3n, en honor a todos los m\u00e1rtires que murieron presos del mayor verdugo de todos los tiempos; la esclavitud.<\/p>\n<p>Se escogi\u00f3 el 23 de agosto, dado que una noche que marcaba esta fecha en el calendario de 1791, suscitaba en Santo Domingo (donde hoy es Hait\u00ed y Rep\u00fablica Dominicana) una sublevaci\u00f3n que marcar\u00eda el inicio de la abolici\u00f3n del comercio transatl\u00e1ntico de esclavos. <\/p>\n<p>El tr\u00e1fico de personas afrodescendientes fue a trav\u00e9s del Oc\u00e9ano Atl\u00e1ntico entre los siglos XVI y XIX. La mayor\u00eda eran africanos de las zonas centrales y occidentales del continente, vendidos a compradores europeos para ser colonizados en el Norte y Sudam\u00e9rica. <\/span><br \/><a name='more'><\/a><span style=\"font-family: Verdana, sans-serif\"><\/p>\n<p>Estos fueron esclavizados, obligados a plantar caf\u00e9, coco y algod\u00f3n. Tambi\u00e9n deb\u00edan adentrarse en las peligrosas minas de oro y carb\u00f3n, as\u00ed como trabajar d\u00eda y noche en los campos de arroz, en la construcci\u00f3n, madera, elaboraci\u00f3n de barcos y hasta en los hogares como sirvientes, donde su trata era para nada acogerdora, por el contrario, serv\u00edan para satisfacer caprichos sexuales de sus \u201camos\u201d y aberraciones racistas.<br \/>&nbsp;&nbsp;&nbsp;&nbsp;&nbsp;&nbsp;&nbsp;&nbsp;&nbsp;&nbsp;&nbsp;&nbsp;&nbsp;&nbsp;&nbsp;&nbsp;&nbsp;&nbsp;&nbsp;&nbsp;&nbsp;&nbsp;&nbsp;&nbsp;&nbsp;&nbsp;&nbsp;&nbsp;&nbsp;&nbsp;&nbsp;&nbsp;&nbsp;&nbsp;&nbsp;&nbsp;&nbsp;&nbsp;&nbsp;&nbsp;&nbsp;&nbsp;&nbsp;&nbsp;&nbsp;&nbsp;&nbsp;&nbsp;&nbsp;&nbsp;&nbsp;&nbsp;&nbsp;&nbsp;&nbsp;&nbsp;&nbsp;&nbsp;&nbsp;&nbsp;&nbsp;&nbsp;&nbsp;&nbsp;&nbsp;&nbsp;&nbsp;&nbsp;&nbsp;&nbsp;&nbsp;&nbsp;&nbsp;&nbsp;&nbsp;&nbsp;&nbsp;&nbsp;&nbsp;&nbsp;&nbsp;&nbsp;&nbsp;&nbsp;&nbsp;&nbsp;&nbsp;&nbsp;&nbsp;&nbsp;&nbsp;&nbsp;&nbsp;&nbsp;&nbsp;&nbsp;&nbsp;&nbsp;&nbsp;&nbsp;&nbsp;&nbsp;&nbsp;&nbsp;&nbsp;&nbsp;&nbsp;&nbsp;&nbsp;&nbsp;&nbsp;&nbsp;&nbsp;&nbsp;&nbsp;&nbsp;&nbsp;&nbsp;&nbsp;&nbsp;&nbsp;&nbsp;&nbsp;&nbsp;&nbsp;&nbsp;&nbsp;&nbsp;&nbsp;&nbsp;&nbsp;&nbsp;&nbsp;&nbsp;&nbsp;&nbsp;&nbsp;&nbsp;&nbsp;&nbsp;&nbsp;&nbsp;&nbsp;&nbsp;&nbsp;&nbsp;&nbsp;&nbsp;&nbsp;&nbsp;&nbsp;&nbsp;&nbsp;&nbsp;&nbsp;&nbsp; <\/p>\n<p>Los esclavos viv\u00edan bajo un racismo y barbarie desmedida <\/p>\n<p>No gozaban de ning\u00fan beneficio, estaban abandonados a su suerte. Muchos mor\u00edan a latigazos sin haber cometido delito alguno, otros cuando envejec\u00edan o sufr\u00edan alguna discapacidad eran \u201crematados\u201d a comerciantes especuladores. En fin, el coraz\u00f3n de un esclavo albergaba latidos de dolor, impotencia y frustraci\u00f3n, que no pod\u00edan drenar con libertad; s\u00f3lo llorando por dentro. <\/p>\n<p>Su cuerpo (del esclavo) estaba encadenado en un mundo que parec\u00eda no tener sentimientos, sino intereses monetarios, donde el m\u00e1s pudiente en realidad no era el m\u00e1s inteligente. Pues, \u00bfC\u00f3mo un universo mental puede pensar que una persona de tez negra sea diferente, o peor inferior? Esa inferioridad que desde\u00f1aba la oligarqu\u00eda blanca estaba presente, s\u00ed pero en sus mismos pensamientos y acciones, que denotaban clara ignorancia. <\/p>\n<p>Al menos cuatro millones de personas fueron exportadas por medio del Sahara, del Mar Rojo, desde los puertos del oc\u00e9rano \u00cdndico durante diez siglos de esclavitud en beneficio del mundo musulm\u00e1n. Otros nueve millones eran llevados en las rutas de trans-sahariana, y otros 20 millones por el Atl\u00e1ntico. <\/span><br \/><span style=\"font-family: verdana\"><br \/><\/span><span style=\"color: blue;font-family: verdana\">Fuente: Telesur, Producci\u00f3n Riachuelo<\/span><\/p>\n","protected":false},"excerpt":{"rendered":"<p>LIBERTAD, LIBERTAD, LIBERTAD Este 23 de agosto se conmemora el D\u00eda Internacional del Recuerdo del Comercio de Esclavos y de su Abolici\u00f3n, en honor a todos los m\u00e1rtires que murieron presos del mayor verdugo de todos los tiempos; la esclavitud. Se escogi\u00f3 el 23 de agosto, dado que una noche que marcaba esta fecha en [&hellip;]<\/p>\n","protected":false},"author":4,"featured_media":0,"comment_status":"open","ping_status":"open","sticky":false,"template":"","format":"standard","meta":{"_monsterinsights_skip_tracking":false,"_monsterinsights_sitenote_active":false,"_monsterinsights_sitenote_note":"","_monsterinsights_sitenote_category":0,"jnews-multi-image_gallery":[],"jnews_single_post":{"format":"standard"},"jnews_primary_category":[],"_joinchat":[],"footnotes":""},"categories":[58],"tags":[119,72],"class_list":["post-18339","post","type-post","status-publish","format-standard","hentry","category-noticiariachuelo","tag-derechos-humanos","tag-historia-de-la-lucha-de-los-pueblos"],"_links":{"self":[{"href":"http:\/\/fmriachuelo.it10.com.ar\/index.php\/wp-json\/wp\/v2\/posts\/18339","targetHints":{"allow":["GET"]}}],"collection":[{"href":"http:\/\/fmriachuelo.it10.com.ar\/index.php\/wp-json\/wp\/v2\/posts"}],"about":[{"href":"http:\/\/fmriachuelo.it10.com.ar\/index.php\/wp-json\/wp\/v2\/types\/post"}],"author":[{"embeddable":true,"href":"http:\/\/fmriachuelo.it10.com.ar\/index.php\/wp-json\/wp\/v2\/users\/4"}],"replies":[{"embeddable":true,"href":"http:\/\/fmriachuelo.it10.com.ar\/index.php\/wp-json\/wp\/v2\/comments?post=18339"}],"version-history":[{"count":1,"href":"http:\/\/fmriachuelo.it10.com.ar\/index.php\/wp-json\/wp\/v2\/posts\/18339\/revisions"}],"predecessor-version":[{"id":23959,"href":"http:\/\/fmriachuelo.it10.com.ar\/index.php\/wp-json\/wp\/v2\/posts\/18339\/revisions\/23959"}],"wp:attachment":[{"href":"http:\/\/fmriachuelo.it10.com.ar\/index.php\/wp-json\/wp\/v2\/media?parent=18339"}],"wp:term":[{"taxonomy":"category","embeddable":true,"href":"http:\/\/fmriachuelo.it10.com.ar\/index.php\/wp-json\/wp\/v2\/categories?post=18339"},{"taxonomy":"post_tag","embeddable":true,"href":"http:\/\/fmriachuelo.it10.com.ar\/index.php\/wp-json\/wp\/v2\/tags?post=18339"}],"curies":[{"name":"wp","href":"https:\/\/api.w.org\/{rel}","templated":true}]}}