{"id":18333,"date":"2015-08-10T14:00:00","date_gmt":"2015-08-10T14:00:00","guid":{"rendered":"http:\/\/fmriachuelo.observatorioess.org.ar\/index.php\/2015\/08\/10\/peru-nuevas-protestas-contra-el-proyecto-minero-tia-maria\/"},"modified":"2025-05-06T13:38:27","modified_gmt":"2025-05-06T16:38:27","slug":"peru-nuevas-protestas-contra-el-proyecto-minero-tia-maria","status":"publish","type":"post","link":"http:\/\/fmriachuelo.it10.com.ar\/index.php\/2015\/08\/10\/peru-nuevas-protestas-contra-el-proyecto-minero-tia-maria\/","title":{"rendered":"PER\u00da: NUEVAS PROTESTAS CONTRA EL PROYECTO MINERO T\u00cdA MAR\u00cdA"},"content":{"rendered":"<p><span style=\"color: red;font-family: Verdana, sans-serif;font-size: large\"><b>EN DEFENSA DE LA VIDA<\/b><\/span><br \/><span style=\"font-family: Verdana,sans-serif\"><span style=\"font-size: small\">POBLADORES DE ISLAY RETOMAN MANIFESTACIONES<\/span><\/span><\/p>\n<div style=\"text-align: justify\">\n<div style=\"clear: both;text-align: center\"><a href=\"http:\/\/3.bp.blogspot.com\/-C0udCcHtils\/VciskMlB1HI\/AAAAAAAAF4Q\/BbC5qLcB1-k\/s1600\/tia-maria2.jpg\" style=\"clear: left;float: left;margin-bottom: 1em;margin-right: 1em\"><img loading=\"lazy\" decoding=\"async\" border=\"0\" height=\"120\" src=\"http:\/\/3.bp.blogspot.com\/-C0udCcHtils\/VciskMlB1HI\/AAAAAAAAF4Q\/BbC5qLcB1-k\/s200\/tia-maria2.jpg\" width=\"200\" \/><\/a><\/div>\n<p><span style=\"font-family: Verdana, sans-serif\">Los ciudadanos de la provincia arequipe\u00f1a de Islay retomar\u00e1n hoy las protestas contra el proyecto T\u00eda Mar\u00eda con una movilizaci\u00f3n en el distrito de De\u00e1n Valdivia.<br \/>Al final de la marcha los manifestantes decidir\u00e1n en asamblea si contin\u00faan las movilizaciones al d\u00eda siguiente o adoptan otras medidas, inform\u00f3 Jos\u00e9 Blanco, uno de los coordinadores de las protestas.<\/span><br \/><a name='more'><\/a><span style=\"font-family: Verdana, sans-serif\">Al respecto, el dirigente indic\u00f3 que no se descarta realizar un paro de 24 horas o reiniciar la huelga indefinida, considerando que las autoridades insisten en ejecutar el proyecto cupr\u00edfero de Southern Per\u00fa, a pesar de la oposici\u00f3n  existente entre la poblaci\u00f3n.<\/span><\/div>\n<p><span style=\"font-family: Verdana, sans-serif\"><\/span><br \/><span style=\"font-family: Verdana, sans-serif\">El dirigente Jorge del Carpio anunci\u00f3 que el 15 de agosto arribar\u00e1n a la ciudad de Arequipa m\u00e1s de 5 mil pobladores de Tampo para expresarle al presidente Ollanta Humala \u2013si asiste a las fiestas de aniversario de la ciudad\u2013 su rechazo al proyecto minero.<br \/>La gobernadora Yamila Osorio dijo que no se ha confirmado la visita de Humala y advirti\u00f3 que el Ejecutivo no se ha pronunciado sobre T\u00eda Mar\u00eda tras levantarse el estado de emergencia en Islay. \u201cNo hay respuesta del gobierno central, nosotros solo podemos promover el di\u00e1logo. Mientras, priorizar\u00e9 los proyectos de inversi\u00f3n en Tambo\u201d, dijo.<\/span><br \/><span style=\"font-family: Verdana, sans-serif\"><span style=\"color: #0b5394\"><span style=\"font-size: x-small\"><b>NODAL\/PRODUCCI\u00d3N RAICHUELO <\/b><\/span><\/span><\/span><\/p>\n","protected":false},"excerpt":{"rendered":"<p>EN DEFENSA DE LA VIDAPOBLADORES DE ISLAY RETOMAN MANIFESTACIONES Los ciudadanos de la provincia arequipe\u00f1a de Islay retomar\u00e1n hoy las protestas contra el proyecto T\u00eda Mar\u00eda con una movilizaci\u00f3n en el distrito de De\u00e1n Valdivia.Al final de la marcha los manifestantes decidir\u00e1n en asamblea si contin\u00faan las movilizaciones al d\u00eda siguiente o adoptan otras medidas, [&hellip;]<\/p>\n","protected":false},"author":4,"featured_media":0,"comment_status":"open","ping_status":"open","sticky":false,"template":"","format":"standard","meta":{"_monsterinsights_skip_tracking":false,"_monsterinsights_sitenote_active":false,"_monsterinsights_sitenote_note":"","_monsterinsights_sitenote_category":0,"jnews-multi-image_gallery":[],"jnews_single_post":{"format":"standard"},"jnews_primary_category":[],"_joinchat":[],"footnotes":""},"categories":[58],"tags":[70,71],"class_list":["post-18333","post","type-post","status-publish","format-standard","hentry","category-noticiariachuelo","tag-de-la-patria-grande","tag-de-la-tierra"],"_links":{"self":[{"href":"http:\/\/fmriachuelo.it10.com.ar\/index.php\/wp-json\/wp\/v2\/posts\/18333","targetHints":{"allow":["GET"]}}],"collection":[{"href":"http:\/\/fmriachuelo.it10.com.ar\/index.php\/wp-json\/wp\/v2\/posts"}],"about":[{"href":"http:\/\/fmriachuelo.it10.com.ar\/index.php\/wp-json\/wp\/v2\/types\/post"}],"author":[{"embeddable":true,"href":"http:\/\/fmriachuelo.it10.com.ar\/index.php\/wp-json\/wp\/v2\/users\/4"}],"replies":[{"embeddable":true,"href":"http:\/\/fmriachuelo.it10.com.ar\/index.php\/wp-json\/wp\/v2\/comments?post=18333"}],"version-history":[{"count":1,"href":"http:\/\/fmriachuelo.it10.com.ar\/index.php\/wp-json\/wp\/v2\/posts\/18333\/revisions"}],"predecessor-version":[{"id":23897,"href":"http:\/\/fmriachuelo.it10.com.ar\/index.php\/wp-json\/wp\/v2\/posts\/18333\/revisions\/23897"}],"wp:attachment":[{"href":"http:\/\/fmriachuelo.it10.com.ar\/index.php\/wp-json\/wp\/v2\/media?parent=18333"}],"wp:term":[{"taxonomy":"category","embeddable":true,"href":"http:\/\/fmriachuelo.it10.com.ar\/index.php\/wp-json\/wp\/v2\/categories?post=18333"},{"taxonomy":"post_tag","embeddable":true,"href":"http:\/\/fmriachuelo.it10.com.ar\/index.php\/wp-json\/wp\/v2\/tags?post=18333"}],"curies":[{"name":"wp","href":"https:\/\/api.w.org\/{rel}","templated":true}]}}