{"id":18332,"date":"2015-08-10T19:02:00","date_gmt":"2015-08-10T19:02:00","guid":{"rendered":"http:\/\/fmriachuelo.observatorioess.org.ar\/index.php\/2015\/08\/10\/salta-principio-de-acuerdo-entre-recicladores-y-el-municipio\/"},"modified":"2025-05-06T13:39:25","modified_gmt":"2025-05-06T16:39:25","slug":"salta-principio-de-acuerdo-entre-recicladores-y-el-municipio","status":"publish","type":"post","link":"http:\/\/fmriachuelo.it10.com.ar\/index.php\/2015\/08\/10\/salta-principio-de-acuerdo-entre-recicladores-y-el-municipio\/","title":{"rendered":"SALTA: PRINCIPIO DE ACUERDO ENTRE RECICLADORES Y EL MUNICIPIO"},"content":{"rendered":"<p><a href=\"http:\/\/4.bp.blogspot.com\/-xuaIG6jqx2U\/Vcj0SB_v9sI\/AAAAAAAAF4k\/Wva19ISszvg\/s1600\/fede.jpg\" style=\"clear: left;float: left;margin-bottom: 1em;margin-right: 1em\"><img loading=\"lazy\" decoding=\"async\" border=\"0\" height=\"200\" src=\"http:\/\/4.bp.blogspot.com\/-xuaIG6jqx2U\/Vcj0SB_v9sI\/AAAAAAAAF4k\/Wva19ISszvg\/s200\/fede.jpg\" width=\"149\" \/><\/a><span style=\"font-family: Verdana,sans-serif\"><span style=\"font-size: small\">RESULTADO DE LA LUCHA:<\/span><\/span><br \/><span style=\"font-family: Verdana,sans-serif\"><span style=\"color: red;font-size: large\"><b>NI ESCLAVOS NI EXCLUIDOS<\/b><\/span><\/span><\/p>\n<div style=\"text-align: justify\"><span style=\"font-family: Verdana,sans-serif\"><b>Actualizamos:<\/b><\/span><br \/><span style=\"font-family: Verdana,sans-serif\">Hoy en <b><span style=\"color: red\">Romp\u00e9 el Cerco Informativo <\/span><\/b>conversamos con un trabajador del MTE que nos cont\u00f3 la situaci\u00f3n&nbsp;de los recicladores&nbsp;y el convenio que se va a firmar ma\u00f1ana para mejorar las condiciones de trabajo. Escucha el testimonio &nbsp;<span style=\"color: #0b5394\"><a href=\"http:\/\/www.mediafire.com\/listen\/485527h53e8a2il\/08-10-2015_-_RODRIGO_-_MTE-Movimiento_de_trabajadores_exclu%C3%ADdos_-_Como_est%C3%A1_la_situaci%C3%B3n_hoy_de_los_recicladores_en_SALTA.mp3\" target=\"_blank\" rel=\"noopener\"><b>AQU\u00cd<\/b><\/a><\/span><\/span><br \/><a name='more'><\/a><br \/><span style=\"font-family: Verdana,sans-serif\">Por varios meses los trabajadores del vertedero San Javier peleamos y exigimos condiciones dignas de trabajo por realizar una tarea tan importante como el reciclado de la Ciudad de Salta. La feroz represi\u00f3n del martes 4\/08 que dej\u00f3 a varios compa\u00f1eros heridos y diez detenidos por el solo hecho de reclamar el reconocimiento de nuestro trabajo.<br \/> Luego de tantas idas y vueltas, anunciamos el principio de acuerdo alcanzado el martes pasado en la Casa de Salta por el Subsecretario de Gobierno Maruro Sabadini y Sergio Sanchez Presidente de la Federaci\u00f3n de Cartoneros y Recicladores (FACyR \u2013 CTEP), donde se firm\u00f3 un acta de compromiso a fin de darle soluci\u00f3n a nuestros reclamos.<br \/> En este sentido, Sergio Sanchez arribar\u00e1 el lunes a la Ciudad e Salta para firmar el martes 11\/08 a las 15hs en la Sala de reuniones de la Secretar\u00eda de Gobierno el acuerdo de mejorar laborales para los trabajadores del Vertedero.<br \/> Esperamos que se cumpla la palabra, solo reclamamos nuestro derecho a tener condiciones dignas de trabajo.<br \/> COOPERATIVA DE RECICLAJE CEFERINO NAMUNCURA<br \/> COOPERATIVA MAT-REC<br \/> AGRUPACION CARREROS SALTENOS<br \/> MOVIMIENTO DE TRABAJADORES EXCLUIDOS (MTE)<br \/> FEDERACI\u00d3N ARGENTINA DE CARTONEROS Y RECICLADORES &#8211; CTEP<\/span><\/div>\n<div style=\"text-align: justify\"><span style=\"font-family: Verdana,sans-serif\"><span style=\"font-size: x-small\"><span style=\"color: #0b5394\"><b>FEDERACI\u00d3N DE CARTONEROS Y RECICLADORES\/PRODUCCI\u00d3N RIACHUELO<\/b><\/span><\/span><\/span><\/div>\n","protected":false},"excerpt":{"rendered":"<p>RESULTADO DE LA LUCHA:NI ESCLAVOS NI EXCLUIDOS Actualizamos:Hoy en Romp\u00e9 el Cerco Informativo conversamos con un trabajador del MTE que nos cont\u00f3 la situaci\u00f3n&nbsp;de los recicladores&nbsp;y el convenio que se va a firmar ma\u00f1ana para mejorar las condiciones de trabajo. Escucha el testimonio &nbsp;AQU\u00cdPor varios meses los trabajadores del vertedero San Javier peleamos y exigimos [&hellip;]<\/p>\n","protected":false},"author":4,"featured_media":0,"comment_status":"open","ping_status":"open","sticky":false,"template":"","format":"standard","meta":{"_monsterinsights_skip_tracking":false,"_monsterinsights_sitenote_active":false,"_monsterinsights_sitenote_note":"","_monsterinsights_sitenote_category":0,"jnews-multi-image_gallery":[],"jnews_single_post":{"format":"standard"},"jnews_primary_category":[],"_joinchat":[],"footnotes":""},"categories":[58],"tags":[68,64,148],"class_list":["post-18332","post","type-post","status-publish","format-standard","hentry","category-noticiariachuelo","tag-de-los-trabajadores","tag-economia-popular","tag-trabajo"],"_links":{"self":[{"href":"http:\/\/fmriachuelo.it10.com.ar\/index.php\/wp-json\/wp\/v2\/posts\/18332","targetHints":{"allow":["GET"]}}],"collection":[{"href":"http:\/\/fmriachuelo.it10.com.ar\/index.php\/wp-json\/wp\/v2\/posts"}],"about":[{"href":"http:\/\/fmriachuelo.it10.com.ar\/index.php\/wp-json\/wp\/v2\/types\/post"}],"author":[{"embeddable":true,"href":"http:\/\/fmriachuelo.it10.com.ar\/index.php\/wp-json\/wp\/v2\/users\/4"}],"replies":[{"embeddable":true,"href":"http:\/\/fmriachuelo.it10.com.ar\/index.php\/wp-json\/wp\/v2\/comments?post=18332"}],"version-history":[{"count":1,"href":"http:\/\/fmriachuelo.it10.com.ar\/index.php\/wp-json\/wp\/v2\/posts\/18332\/revisions"}],"predecessor-version":[{"id":23898,"href":"http:\/\/fmriachuelo.it10.com.ar\/index.php\/wp-json\/wp\/v2\/posts\/18332\/revisions\/23898"}],"wp:attachment":[{"href":"http:\/\/fmriachuelo.it10.com.ar\/index.php\/wp-json\/wp\/v2\/media?parent=18332"}],"wp:term":[{"taxonomy":"category","embeddable":true,"href":"http:\/\/fmriachuelo.it10.com.ar\/index.php\/wp-json\/wp\/v2\/categories?post=18332"},{"taxonomy":"post_tag","embeddable":true,"href":"http:\/\/fmriachuelo.it10.com.ar\/index.php\/wp-json\/wp\/v2\/tags?post=18332"}],"curies":[{"name":"wp","href":"https:\/\/api.w.org\/{rel}","templated":true}]}}