{"id":18329,"date":"2015-08-11T10:00:00","date_gmt":"2015-08-11T10:00:00","guid":{"rendered":"http:\/\/fmriachuelo.observatorioess.org.ar\/index.php\/2015\/08\/11\/en-el-aniversario-del-asesinato-de-rodolfo-ortega-pena-practicas-territoriales-de-intelectuales-organicos\/"},"modified":"2025-05-09T12:54:49","modified_gmt":"2025-05-09T15:54:49","slug":"en-el-aniversario-del-asesinato-de-rodolfo-ortega-pena-practicas-territoriales-de-intelectuales-organicos","status":"publish","type":"post","link":"http:\/\/fmriachuelo.it10.com.ar\/index.php\/2015\/08\/11\/en-el-aniversario-del-asesinato-de-rodolfo-ortega-pena-practicas-territoriales-de-intelectuales-organicos\/","title":{"rendered":"EN EL ANIVERSARIO DEL ASESINATO DE RODOLFO ORTEGA PE\u00d1A PR\u00c1CTICAS TERRITORIALES DE INTELECTUALES ORG\u00c1NICOS"},"content":{"rendered":"<div style=\"text-align: left\"><span style=\"font-family: Verdana,sans-serif\"><span style=\"font-size: small\"><b>ABOGADOS MILITANTES: CONOCIMIENTO T\u00c9CNICO<\/b><\/span><b><span style=\"font-size: small\"> <\/span>AL SERVICIO DE LOS QUE PELEAN<\/b><\/span><\/p>\n<div><span style=\"font-family: Verdana,sans-serif\"><span style=\"font-size: small\"><span style=\"font-size: large\"><span style=\"color: red\"><b>PARA DEROGAR EL ORDEN INJUSTO\u200b<\/b><\/span><\/span><\/span><\/span><span style=\"font-size: small\"><span style=\"font-family: Verdana,sans-serif\">&nbsp;<\/span><\/span><\/p>\n<div style=\"clear: both;text-align: center\"><a href=\"http:\/\/4.bp.blogspot.com\/-t_3raLVRIo4\/VcmqWdK1xRI\/AAAAAAAAF5w\/m8MZjdDGEOo\/s1600\/o_1408418229.jpg\" style=\"clear: left;float: left;margin-bottom: 1em;margin-right: 1em\"><img loading=\"lazy\" decoding=\"async\" border=\"0\" height=\"124\" src=\"http:\/\/4.bp.blogspot.com\/-t_3raLVRIo4\/VcmqWdK1xRI\/AAAAAAAAF5w\/m8MZjdDGEOo\/s200\/o_1408418229.jpg\" width=\"200\" \/><\/a><\/div>\n<p><span style=\"font-size: small\"><span style=\"font-family: Verdana,sans-serif\">Escuch\u00e1 a continuaci\u00f3n los reportajes a:<\/span><\/span><\/div>\n<\/div>\n<div style=\"text-align: left\">\n<div><span style=\"font-size: small\"><span style=\"font-family: Verdana,sans-serif\"><span style=\"color: #0b5394\"><b><a href=\"http:\/\/www.mediafire.com\/listen\/7e952269xs9wjh6\/20150807_ANDR%C3%89S_GALLARDO_-_JUEZ_EN_LO_CONTENSIOSO_Y_ADMINISTRATIVO_DE_LA_C.A.B.A..mp3\">ANDR\u00c9S GALLARDO &#8211; JUEZ EN LO CONTENCIOSO Y ADMINISTRATIVO DE LA C.A.B.A.<\/a><\/b><\/span><\/span><\/span><\/div>\n<div><span style=\"font-size: small\"><span style=\"font-family: Verdana,sans-serif\"><span style=\"color: #0b5394\"><b><a href=\"http:\/\/www.mediafire.com\/listen\/n76agf574anm3qd\/20150807_EDUARDO_SOARES_-_GREMIAL_DE_ABOGADOS.mp3\">EDUARDO SOARES &#8211; GREMIAL DE ABOGADOS<\/a><\/b><\/span><\/span><\/span><\/div>\n<p><span style=\"font-size: small\"><span style=\"font-family: Verdana,sans-serif\"><span style=\"color: #0b5394\"><b><a href=\"http:\/\/www.mediafire.com\/listen\/tbjtooa4gby4sd3\/20150807_FACUNDO_TABOADA_-_ABOGADO_DE_LA_COVILPI.mp3\">FACUNDO TABOADA &#8211; ABOGADO DE LA COOPERATIVA DE VIVIENDA LOS PIBES (COVILPI)<\/a><\/b><\/span><\/span><\/span><\/div>\n<div style=\"text-align: left\"><span style=\"font-size: small\"><span style=\"font-family: Verdana,sans-serif\"><\/span><\/span><\/div>\n<div style=\"text-align: justify\"><span style=\"font-size: small\"><span style=\"font-family: Verdana,sans-serif\"><\/span><\/span><\/div>\n<div style=\"text-align: justify\"><span style=\"font-size: small\"><span style=\"font-family: Verdana,sans-serif\"><b><span style=\"color: black\">[FMR  Martes 11\/8\/15]<\/span><\/b><\/span><\/span><span style=\"font-size: small\"><span style=\"font-family: Verdana,sans-serif\"><b><span style=\"color: black\"><b><span style=\"font-family: verdana,sans-serif\"><span style=\"color: black\"><span style=\"font-size: small\"> <\/span>El  31 de julio se conmemor\u00f3 el d\u00eda del abogado militante. Se recuerda as\u00ed  la militancia y la trayectoria de Rodolfo Ortega Pe\u00f1a quien fuera  asesinado por la Triple A en 1.974. <\/span><\/span><\/b><\/span><\/b><span style=\"color: black\"><span style=\"font-family: verdana,sans-serif\"><span style=\"color: black\">Un defensor de los derechos de los  luchan por la dignidad y uno de los primeros blancos de la siniestra  organizaci\u00f3n parapolicial contrarrevolucionaria.<\/span><\/span><\/span><\/span><\/span><br \/><span style=\"font-size: small\"><span style=\"font-family: Verdana,sans-serif\"><b><span style=\"color: black\"><span style=\"color: red\">FM Riachuelo<\/span> <\/span><\/b><span style=\"color: black\">entrevist\u00f3 desde sus distintos programas a<\/span><b><span style=\"color: #0b5394\"> ANDR\u00c9S GALLARDO, <\/span><\/b><span style=\"color: #0b5394\"><span style=\"color: black\">JUEZ EN LO CONTENCIOSO Y ADMINISTRATIVO DE LA C.A.B.A.<\/span>;<\/span><span style=\"color: #0b5394\"> <span style=\"color: black\">a<\/span> <\/span><b><span style=\"color: #0b5394\">EDUARDO SOARES,<\/span><\/b><span style=\"color: #0b5394\"><span style=\"color: black\"> <\/span><span style=\"color: black\">de la <\/span><span style=\"color: black\">GREMIAL DE ABOGADOS<\/span><\/span><span style=\"color: #0b5394\"> <span style=\"color: black\">y <\/span><span style=\"color: black\">a<\/span><b> FACUNDO TABOADA,<\/b> <span style=\"color: black\">ABOGADO DE LA COOPERATIVA DE VIVIENDA LOS PIBES (COVILPI)<\/span> <span style=\"color: black\">con quienes intentamos rescatar y visibilizar la tarea del abogado militante.<\/span><\/span><\/span><\/span><br \/><a name='more'><\/a><\/div>\n<div style=\"text-align: justify\"><span style=\"font-size: small\"><span style=\"font-family: Verdana,sans-serif\"><span style=\"color: #0b5394\"><span style=\"color: black\"><b>El Juez Gallardo<\/b> hizo referencia al <b>Derecho de la liberaci\u00f3n<\/b> desde donde abordaba sus casos <b>Ortega Pe\u00f1a<\/b> para <b>defender a los sectores populares del derecho dominante<\/b>, al que llamaba <b>derecho de la dependencia.<\/b> Tambi\u00e9n hizo menci\u00f3n al <b>cambio de \u00e9poca y los nuevos modos de dominaci\u00f3n con las guerras de cuarta y quinta generaci\u00f3n.<\/b> <b>El abogado comprometido<\/b>, agreg\u00f3, debe operar <b>el derecho en funci\u00f3n de la dignidad del hombre.<\/b><\/span> <span style=\"color: black\">Cuando no hay posibilidad dentro del marco legal de derogar el orden injusto, <b>ese orden que impera debe ser desobedecido.<\/b><\/span><b><br \/><\/b><\/span><\/span><\/span><\/div>\n<div style=\"text-align: justify\"><span style=\"font-size: small\"><span style=\"font-family: Verdana,sans-serif\"><span style=\"color: #0b5394\"><span style=\"color: black\"><b>La Gremial de Abogados,<\/b> se\u00f1al\u00f3 <b>Eduado Soares<\/b>, hizo extensi\u00f3n de la hist\u00f3rica<b> defensa de los derechos humanos<\/b>:  de la desaparici\u00f3n forzada al gatillo f\u00e1cil, causas de hostigamiento  realizadas por las fuerzas de seguridad, defensa en cuestiones de g\u00e9nero  y de todo luchador que es perseguido por pelear. <b>Pone el conocimiento t\u00e9cnico al servicio de los que pelean.<\/b><\/span><b><br \/><\/b><\/span><\/span><\/span><\/div>\n<div style=\"text-align: justify\"><span style=\"font-size: small\"><span style=\"font-family: Verdana,sans-serif\"><span style=\"color: #0b5394\"><b><\/b><\/span><span style=\"color: black\">En nuestros barrios, los <b>abogados militantes<\/b> defienden los <b>derechos de los m\u00e1s postergados.<\/b> Facundo Taboada relat\u00f3 la experiencia que comenz\u00f3 ayer <\/span><span style=\"color: black\"><span style=\"color: black\">en la <b>Cooperativa de Vivienda Los Pibes (COVILPI)<\/b>. All\u00ed, u<\/span>n equipo jur\u00eddico s\u00f3lido de abogados y estudiantes de abogac\u00eda comenzaron la <b>orientaci\u00f3n y asistencia t\u00e9cnico-legal<\/b> a <b>las organizaciones que luchan por la vivienda.<\/b> <b>La soluci\u00f3n a los grandes problemas que aquejan a la mayor\u00eda es colectiva<\/b>, afirm\u00f3. Dicha actividad se encuentra en el marco de la <b>Secretar\u00eda de Vivienda y H\u00e1bitat Popular de la Confederaci\u00f3n de los Trabajadores de la Econom\u00eda Popular (CTEP)<span style=\"font-size: small\">.<\/span><\/b><\/span><\/span><\/span><\/div>\n<div style=\"text-align: justify\"><span style=\"font-size: small\"><span style=\"font-family: Verdana,sans-serif\"><span style=\"color: black\"><b><span style=\"font-size: small\"><span style=\"font-size: x-small\"><span style=\"color: #0b5394\">PRODUCCI\u00d3N RIACHUELO <\/span><\/span><\/span><\/b><\/span><\/span><\/span><\/div>\n","protected":false},"excerpt":{"rendered":"<p>ABOGADOS MILITANTES: CONOCIMIENTO T\u00c9CNICO AL SERVICIO DE LOS QUE PELEAN PARA DEROGAR EL ORDEN INJUSTO\u200b&nbsp; Escuch\u00e1 a continuaci\u00f3n los reportajes a: ANDR\u00c9S GALLARDO &#8211; JUEZ EN LO CONTENCIOSO Y ADMINISTRATIVO DE LA C.A.B.A. EDUARDO SOARES &#8211; GREMIAL DE ABOGADOS FACUNDO TABOADA &#8211; ABOGADO DE LA COOPERATIVA DE VIVIENDA LOS PIBES (COVILPI) [FMR Martes 11\/8\/15] El [&hellip;]<\/p>\n","protected":false},"author":4,"featured_media":0,"comment_status":"open","ping_status":"open","sticky":false,"template":"","format":"standard","meta":{"_monsterinsights_skip_tracking":false,"_monsterinsights_sitenote_active":false,"_monsterinsights_sitenote_note":"","_monsterinsights_sitenote_category":0,"jnews-multi-image_gallery":[],"jnews_single_post":{"format":"standard"},"jnews_primary_category":[],"_joinchat":[],"footnotes":""},"categories":[58],"tags":[119,72,89],"class_list":["post-18329","post","type-post","status-publish","format-standard","hentry","category-noticiariachuelo","tag-derechos-humanos","tag-historia-de-la-lucha-de-los-pueblos","tag-violencia-institucional"],"_links":{"self":[{"href":"http:\/\/fmriachuelo.it10.com.ar\/index.php\/wp-json\/wp\/v2\/posts\/18329","targetHints":{"allow":["GET"]}}],"collection":[{"href":"http:\/\/fmriachuelo.it10.com.ar\/index.php\/wp-json\/wp\/v2\/posts"}],"about":[{"href":"http:\/\/fmriachuelo.it10.com.ar\/index.php\/wp-json\/wp\/v2\/types\/post"}],"author":[{"embeddable":true,"href":"http:\/\/fmriachuelo.it10.com.ar\/index.php\/wp-json\/wp\/v2\/users\/4"}],"replies":[{"embeddable":true,"href":"http:\/\/fmriachuelo.it10.com.ar\/index.php\/wp-json\/wp\/v2\/comments?post=18329"}],"version-history":[{"count":1,"href":"http:\/\/fmriachuelo.it10.com.ar\/index.php\/wp-json\/wp\/v2\/posts\/18329\/revisions"}],"predecessor-version":[{"id":23910,"href":"http:\/\/fmriachuelo.it10.com.ar\/index.php\/wp-json\/wp\/v2\/posts\/18329\/revisions\/23910"}],"wp:attachment":[{"href":"http:\/\/fmriachuelo.it10.com.ar\/index.php\/wp-json\/wp\/v2\/media?parent=18329"}],"wp:term":[{"taxonomy":"category","embeddable":true,"href":"http:\/\/fmriachuelo.it10.com.ar\/index.php\/wp-json\/wp\/v2\/categories?post=18329"},{"taxonomy":"post_tag","embeddable":true,"href":"http:\/\/fmriachuelo.it10.com.ar\/index.php\/wp-json\/wp\/v2\/tags?post=18329"}],"curies":[{"name":"wp","href":"https:\/\/api.w.org\/{rel}","templated":true}]}}