{"id":18328,"date":"2015-08-11T10:30:00","date_gmt":"2015-08-11T10:30:00","guid":{"rendered":"http:\/\/fmriachuelo.observatorioess.org.ar\/index.php\/2015\/08\/11\/p-a-s-o-y-los-resultados-a-nivel-nacional\/"},"modified":"2025-05-09T12:56:02","modified_gmt":"2025-05-09T15:56:02","slug":"p-a-s-o-y-los-resultados-a-nivel-nacional","status":"publish","type":"post","link":"http:\/\/fmriachuelo.it10.com.ar\/index.php\/2015\/08\/11\/p-a-s-o-y-los-resultados-a-nivel-nacional\/","title":{"rendered":"P.A.S.O. Y LOS RESULTADOS A NIVEL NACIONAL"},"content":{"rendered":"<p><span style=\"font-family: Verdana, sans-serif;font-size: small\">LAS ESTRATEGIAS DEL BLOQUE DOMINANTE<\/span><br \/><span style=\"color: red;font-family: Verdana, sans-serif;font-size: large\"><b>\u00bfSON O SE HACEN<span style=\"font-size: large\">?<\/span><\/b><\/span><br \/><span style=\"font-family: Verdana, sans-serif\"><span style=\"font-family: Verdana, sans-serif\">Escuch\u00e1 <\/span><span style=\"color: #0b5394\"><a href=\"http:\/\/www.mediafire.com\/listen\/2ys9hxi4oogx8k2\/20150810+BORELLO+-+PRIMERA+LECTURA+SOBRE+LAS+PASO.mp3\" target=\"_blank\" rel=\"noopener\"><span style=\"background-color: white;font-family: Verdana, sans-serif\"><b>AQU\u00cd<\/b><\/span><\/a><\/span><span style=\"font-family: Verdana, sans-serif\"> el an\u00e1lisis que efectu\u00f3<b> <span style=\"color: #0b5394\">LITO BORELLO<\/span><\/b> (Coordinador Nacional de la O.S.y P Los Pibes y Secretario de H\u00e1bitat y  Vivienda Popular de la Confederaci\u00f3n de Trabajadores de la Econom\u00eda  Popular) ayer en los micr\u00f3fonos de <span style=\"color: red\"><b>MATEANDO EN EL RIACHUELO.<\/b><\/span><\/span><\/span><\/p>\n<div style=\"clear: both;text-align: center\"><a href=\"http:\/\/3.bp.blogspot.com\/-m-XyZaG-lu4\/VckuuIINtAI\/AAAAAAAAF5E\/NeMdNiayDjM\/s1600\/infografia_mapaelectoralargentina_950x1279_jpg_2005654558.jpg\" style=\"clear: left;float: left;margin-bottom: 1em;margin-right: 1em\"><img loading=\"lazy\" decoding=\"async\" border=\"0\" height=\"200\" src=\"http:\/\/3.bp.blogspot.com\/-m-XyZaG-lu4\/VckuuIINtAI\/AAAAAAAAF5E\/NeMdNiayDjM\/s200\/infografia_mapaelectoralargentina_950x1279_jpg_2005654558.jpg\" width=\"147\" \/><\/a><\/div>\n<p><span style=\"color: red\"><\/span><\/p>\n<div style=\"text-align: justify\"><span style=\"font-family: Verdana, sans-serif\">[FMR Martes 11\/8\/15] El domingo la mayor\u00eda de los argentinos de una u otra manera volvimos a ejercer esta nueva costumbre de elegir en las Primarias Abiertas Simult\u00e1neas y Obligatorias. Tuvimos as\u00ed la posibilidad de participar en las elecciones internas de alguno de los partidos pol\u00edticos que se ofrecen en un amplio men\u00fa de gustos y tendencias.<\/span><br \/><a name='more'><\/a><br \/><span style=\"font-family: Verdana, sans-serif\">Los resultados no han generado sorpresa ni definieron al futuro presidente. Debemos esperar hasta octubre.<\/span><br \/><span style=\"font-family: Verdana, sans-serif\">Mientras, los n\u00fameros sugieren algunos interrogantes. Redondeando, <b>el 38% del candidato del FpV<\/b> <b>es ostensiblemente menor que el 50% de la suma de Macri y Massa.<\/b> Si lo que est\u00e1 en disputa es la continuidad o no del proyecto iniciado el 25 de mayo de 2003, \u00bfpor qu\u00e9 la oposici\u00f3n no se ha unido todav\u00eda?<\/span><br \/><span style=\"font-family: Verdana, sans-serif\">\u00bfEs qu\u00e9 acaso no les conviene?&nbsp;<\/span><br \/><span style=\"font-family: Verdana, sans-serif\"><span style=\"font-family: Verdana, sans-serif\"><span style=\"color: red\"><b><\/b><\/span><\/span><\/span><br \/><span style=\"font-family: Verdana, sans-serif\"><span style=\"font-size: x-small\"><span style=\"color: #0b5394\"><span style=\"font-family: Verdana, sans-serif\"><b>PRODUCCI\u00d3N RIACHUELO <\/b><\/span><\/span><\/span><\/span><\/div>\n","protected":false},"excerpt":{"rendered":"<p>LAS ESTRATEGIAS DEL BLOQUE DOMINANTE\u00bfSON O SE HACEN?Escuch\u00e1 AQU\u00cd el an\u00e1lisis que efectu\u00f3 LITO BORELLO (Coordinador Nacional de la O.S.y P Los Pibes y Secretario de H\u00e1bitat y Vivienda Popular de la Confederaci\u00f3n de Trabajadores de la Econom\u00eda Popular) ayer en los micr\u00f3fonos de MATEANDO EN EL RIACHUELO. [FMR Martes 11\/8\/15] El domingo la mayor\u00eda [&hellip;]<\/p>\n","protected":false},"author":4,"featured_media":0,"comment_status":"open","ping_status":"open","sticky":false,"template":"","format":"standard","meta":{"_monsterinsights_skip_tracking":false,"_monsterinsights_sitenote_active":false,"_monsterinsights_sitenote_note":"","_monsterinsights_sitenote_category":0,"jnews-multi-image_gallery":[],"jnews_single_post":{"format":"standard"},"jnews_primary_category":[],"_joinchat":[],"footnotes":""},"categories":[58],"tags":[],"class_list":["post-18328","post","type-post","status-publish","format-standard","hentry","category-noticiariachuelo"],"_links":{"self":[{"href":"http:\/\/fmriachuelo.it10.com.ar\/index.php\/wp-json\/wp\/v2\/posts\/18328","targetHints":{"allow":["GET"]}}],"collection":[{"href":"http:\/\/fmriachuelo.it10.com.ar\/index.php\/wp-json\/wp\/v2\/posts"}],"about":[{"href":"http:\/\/fmriachuelo.it10.com.ar\/index.php\/wp-json\/wp\/v2\/types\/post"}],"author":[{"embeddable":true,"href":"http:\/\/fmriachuelo.it10.com.ar\/index.php\/wp-json\/wp\/v2\/users\/4"}],"replies":[{"embeddable":true,"href":"http:\/\/fmriachuelo.it10.com.ar\/index.php\/wp-json\/wp\/v2\/comments?post=18328"}],"version-history":[{"count":1,"href":"http:\/\/fmriachuelo.it10.com.ar\/index.php\/wp-json\/wp\/v2\/posts\/18328\/revisions"}],"predecessor-version":[{"id":23911,"href":"http:\/\/fmriachuelo.it10.com.ar\/index.php\/wp-json\/wp\/v2\/posts\/18328\/revisions\/23911"}],"wp:attachment":[{"href":"http:\/\/fmriachuelo.it10.com.ar\/index.php\/wp-json\/wp\/v2\/media?parent=18328"}],"wp:term":[{"taxonomy":"category","embeddable":true,"href":"http:\/\/fmriachuelo.it10.com.ar\/index.php\/wp-json\/wp\/v2\/categories?post=18328"},{"taxonomy":"post_tag","embeddable":true,"href":"http:\/\/fmriachuelo.it10.com.ar\/index.php\/wp-json\/wp\/v2\/tags?post=18328"}],"curies":[{"name":"wp","href":"https:\/\/api.w.org\/{rel}","templated":true}]}}