{"id":18327,"date":"2015-08-11T11:00:00","date_gmt":"2015-08-11T11:00:00","guid":{"rendered":"http:\/\/fmriachuelo.observatorioess.org.ar\/index.php\/2015\/08\/11\/la-brigada-internacionalista-solidaria-askapena-de-visita-en-fm-riachuelo\/"},"modified":"2025-05-09T13:18:30","modified_gmt":"2025-05-09T16:18:30","slug":"la-brigada-internacionalista-solidaria-askapena-de-visita-en-fm-riachuelo","status":"publish","type":"post","link":"http:\/\/fmriachuelo.it10.com.ar\/index.php\/2015\/08\/11\/la-brigada-internacionalista-solidaria-askapena-de-visita-en-fm-riachuelo\/","title":{"rendered":"LA BRIGADA INTERNACIONALISTA SOLIDARIA ASKAPENA DE VISITA EN FM RIACHUELO"},"content":{"rendered":"<p><span style=\"font-family: Verdana,sans-serif\"><span style=\"font-size: large\"><span style=\"color: red\"><b>CUANDO LOS QUE LUCHAN SE JUNTAN<\/b><\/span><\/span><span style=\"font-size: small\"><br \/><\/span><\/span><\/p>\n<div style=\"clear: both;text-align: center\"><span style=\"font-family: Verdana,sans-serif\"><a href=\"http:\/\/3.bp.blogspot.com\/-H-MubNLp8qU\/Vcm3BavGnsI\/AAAAAAAAF6I\/M0PhULoAohQ\/s1600\/ask-2.gif\" style=\"clear: left;float: left;margin-bottom: 1em;margin-right: 1em\"><img loading=\"lazy\" decoding=\"async\" border=\"0\" height=\"86\" src=\"http:\/\/3.bp.blogspot.com\/-H-MubNLp8qU\/Vcm3BavGnsI\/AAAAAAAAF6I\/M0PhULoAohQ\/s200\/ask-2.gif\" width=\"200\" \/><\/a><\/span><\/div>\n<p><span style=\"font-family: Verdana,sans-serif\"><span style=\"color: #0b5394\"><span style=\"font-size: small\"><span style=\"color: black\"><span style=\"font-size: small\"><span style=\"font-size: small\"><span style=\"font-size: small\"><span style=\"font-size: small\"><span style=\"font-size: small\">En <span style=\"color: red\"><b>MATEANDO EN EL RIACHUELO<\/b><\/span> nos contaron<\/span><\/span><\/span><\/span><\/span><\/span><\/span><\/span><span style=\"font-size: small\"><span style=\"font-size: small\"> la historia de la lucha del pueblo vasco, la situaci\u00f3n actual, su relaci\u00f3n con los estados franc<span style=\"font-size: small\">\u00e9<\/span>s y espa\u00f1ol.<\/span><\/span><\/span><br \/><span style=\"font-family: Verdana,sans-serif\"><span style=\"font-size: small\"><span style=\"font-size: small\"><span style=\"font-size: small\"><span style=\"font-size: small\">Aqu\u00ed p<span style=\"font-size: small\">od\u00e9s escuchar sus te<span style=\"font-size: small\">stimonios<\/span><\/span><\/span><\/span><\/span><\/span><\/span><br \/><span style=\"font-family: Verdana,sans-serif\"><span style=\"color: #0b5394\"><a href=\"http:\/\/www.mediafire.com\/listen\/jza8izrt9nuozuj\/20150810_EUNATE_-_HISTORIA_Y_ACTUALIDAD_GEOPOL%C3%8DTICA_DE_LAS_LUCHAS_DE_EUSKALERRIA%2C_EL_PA%C3%8DS_VASCO.mp3\" target=\"_blank\" rel=\"noopener\"><span style=\"font-size: small\"><b>EUNATE&nbsp;<\/b><\/span><\/a><span style=\"font-size: small\"><b> &#8211; <\/b><\/span><a href=\"http:\/\/www.mediafire.com\/listen\/x1fsht3wolbjcqq\/20150810_IRUNE_-_QUI%C3%89NES_SON_Y_CU%C3%81L_ES_SU_FUNCI%C3%93N.mp3\" target=\"_blank\" rel=\"noopener\"><span style=\"font-size: small\"><b>IRUNE<\/b><\/span><\/a><span style=\"font-size: small\"><b> &#8211; <a href=\"http:\/\/www.mediafire.com\/listen\/igcj9bfm106cyj1\/20150810_I%C3%91AKI_-_QUE_VISITO%2C_LA_COMUNICCION_LIBRE%2C_LA_POLICIA_Y_EL_JUICIO_CONTRA_ASKAPENA.mp3\" target=\"_blank\" rel=\"noopener\">I\u00d1AKI<\/a><\/b><\/span><\/span><\/span><br \/><span style=\"font-family: Verdana,sans-serif\"><span style=\"color: #0b5394\"><b><span style=\"color: black\">L<span style=\"font-size: small\">a Brigada Internacionalista Solidaria Ask<span style=\"font-size: small\">a<\/span>pena <span style=\"font-size: small\">de <\/span>Euskal Herr<span style=\"font-size: small\">i<\/span>a<span style=\"font-size: small\">, <\/span>el Pa\u00ecs Vasco<span style=\"font-size: small\"> <\/span><\/span><\/span><\/b><span style=\"font-size: small\"><span style=\"color: black\"><b>se encuentr<span style=\"font-size: small\">a<\/span> de visita en Buenos Aires.<\/b><span style=\"font-size: small\"><b> <\/b><span style=\"font-size: small\"><b><span style=\"font-size: small\">Ayer&nbsp;<\/span><\/b><span style=\"font-size: small\"><b>un grupo de j\u00f3venes militantes de dicha organizaci\u00f3n visit\u00f3 l<\/b><span style=\"font-size: small\"><b>a Organizaci\u00f3n Social y Pol\u00edtica Los Pibes y sus distintas herramient<\/b><span style=\"font-size: small\"><b>as.&nbsp;<\/b><\/span><\/span><\/span><\/span><\/span><\/span><\/span><\/span><\/span><span style=\"color: #0b5394\"><span style=\"font-size: small\"><b><a href=\"http:\/\/www.mediafire.com\/listen\/igcj9bfm106cyj1\/20150810_I%C3%91AKI_-_QUE_VISITO%2C_LA_COMUNICCION_LIBRE%2C_LA_POLICIA_Y_EL_JUICIO_CONTRA_ASKAPENA.mp3\" target=\"_blank\" rel=\"noopener\"><\/a><\/b><\/span><\/span><br \/><a name='more'><\/a><br \/><span style=\"font-family: Verdana,sans-serif\"><span style=\"font-size: small\"><span style=\"font-size: small\">M\u00e1s de 3 millones de vascos en los <span style=\"font-size: small\">\u00faltimos<\/span> 30 a\u00f1os han padec<span style=\"font-size: small\">i<span style=\"font-size: small\">do<\/span> <span style=\"font-size: small\">al estado espa\u00f1ol: <\/span>40.000 arrestados, 5.000 encarcelados, 500 presos pol<span style=\"font-size: small\">\u00ed<span style=\"font-size: small\">tic<span style=\"font-size: small\">os, 3000<span style=\"font-size: small\"> <span style=\"font-size: small\">refugi<span style=\"font-size: small\">ados, 4.<span style=\"font-size: small\">000 personas heridas por las polic\u00eda, 4 medios de comunicaci\u00f3n clausurados, <span style=\"font-size: small\">conforman un <span style=\"font-size: small\">r\u00e9cord<\/span> en la concentraci\u00f3n de fuerzas <span style=\"font-size: small\">represivas por <span style=\"font-size: small\">habitantes<\/span>.<\/span><\/span><\/span><\/span><\/span><\/span><\/span><\/span><\/span><\/span><\/span><\/span><\/span><\/p>\n<div style=\"clear: both;text-align: center\"><span style=\"font-family: Verdana,sans-serif\"><span style=\"font-size: small\"><span style=\"font-size: small\"><a href=\"http:\/\/1.bp.blogspot.com\/-3TI4Fkl4q5o\/Vcm3VQa_TrI\/AAAAAAAAF6Q\/jdD-dJtURz0\/s1600\/VASCOS-620x400.jpg\" style=\"clear: left;float: left;margin-bottom: 1em;margin-right: 1em\"><img loading=\"lazy\" decoding=\"async\" border=\"0\" height=\"131\" src=\"http:\/\/1.bp.blogspot.com\/-3TI4Fkl4q5o\/Vcm3VQa_TrI\/AAAAAAAAF6Q\/jdD-dJtURz0\/s320\/VASCOS-620x400.jpg\" width=\"320\" \/><\/a><\/span><\/span><\/span><\/div>\n<p><span style=\"font-family: Verdana,sans-serif\"><span style=\"font-size: small\"><span style=\"font-size: small\"><span style=\"font-size: small\"><span style=\"font-size: small\"><span style=\"font-size: small\"><span style=\"font-size: small\"><span style=\"font-size: small\"><span style=\"font-size: small\"><span style=\"font-size: small\"><span style=\"font-size: small\"><span style=\"font-size: small\"><span style=\"font-size: small\">El internacionalismo permite dar a conocer su problem\u00e1tica <span style=\"font-size: small\">e intercambiar <span style=\"font-size: small\">experiencias con otros<\/span> pueblos en lucha.<\/span><\/span><\/span><\/span><\/span><\/span><\/span><\/span><\/span><\/span><\/span><\/span><\/span><\/span><br \/><span style=\"font-family: Verdana,sans-serif\"><span style=\"color: #0b5394\"><span style=\"font-size: small\"><span style=\"color: black\"><span style=\"font-size: small\"><span style=\"font-size: small\">E<span style=\"font-size: small\">n el mes de Octubre se inicia el juicio a 5 militantes de<\/span> Askapena<span style=\"font-size: small\"><span style=\"font-size: small\"> <\/span>en una causa<span style=\"font-size: small\"><span style=\"font-size: small\"> arma<span style=\"font-size: small\">da por el Estado espa\u00f1ol para desalentar las luchas independentistas.<\/span><\/span><\/span><\/span><\/span><\/span><\/span><\/span><\/span><\/span><br \/><span style=\"font-family: Verdana,sans-serif\"><span style=\"font-size: x-small\"><span style=\"color: #0b5394\"><b>PRODUCCI\u00d3N RIACHUELO <\/b><\/span><\/span><\/span><br \/><span style=\"font-family: Verdana,sans-serif\"><span style=\"color: #0b5394\"><span style=\"font-size: small\"><b><span style=\"font-size: small\"><span style=\"font-size: small\"> <\/span><\/span><\/b><\/span><\/span><\/span><\/p>\n","protected":false},"excerpt":{"rendered":"<p>CUANDO LOS QUE LUCHAN SE JUNTAN En MATEANDO EN EL RIACHUELO nos contaron la historia de la lucha del pueblo vasco, la situaci\u00f3n actual, su relaci\u00f3n con los estados franc\u00e9s y espa\u00f1ol.Aqu\u00ed pod\u00e9s escuchar sus testimoniosEUNATE&nbsp; &#8211; IRUNE &#8211; I\u00d1AKILa Brigada Internacionalista Solidaria Askapena de Euskal Herria, el Pa\u00ecs Vasco se encuentra de visita en [&hellip;]<\/p>\n","protected":false},"author":4,"featured_media":0,"comment_status":"open","ping_status":"open","sticky":false,"template":"","format":"standard","meta":{"_monsterinsights_skip_tracking":false,"_monsterinsights_sitenote_active":false,"_monsterinsights_sitenote_note":"","_monsterinsights_sitenote_category":0,"jnews-multi-image_gallery":[],"jnews_single_post":{"format":"standard"},"jnews_primary_category":[],"_joinchat":[],"footnotes":""},"categories":[58],"tags":[72,167],"class_list":["post-18327","post","type-post","status-publish","format-standard","hentry","category-noticiariachuelo","tag-historia-de-la-lucha-de-los-pueblos","tag-politica-internacional"],"_links":{"self":[{"href":"http:\/\/fmriachuelo.it10.com.ar\/index.php\/wp-json\/wp\/v2\/posts\/18327","targetHints":{"allow":["GET"]}}],"collection":[{"href":"http:\/\/fmriachuelo.it10.com.ar\/index.php\/wp-json\/wp\/v2\/posts"}],"about":[{"href":"http:\/\/fmriachuelo.it10.com.ar\/index.php\/wp-json\/wp\/v2\/types\/post"}],"author":[{"embeddable":true,"href":"http:\/\/fmriachuelo.it10.com.ar\/index.php\/wp-json\/wp\/v2\/users\/4"}],"replies":[{"embeddable":true,"href":"http:\/\/fmriachuelo.it10.com.ar\/index.php\/wp-json\/wp\/v2\/comments?post=18327"}],"version-history":[{"count":1,"href":"http:\/\/fmriachuelo.it10.com.ar\/index.php\/wp-json\/wp\/v2\/posts\/18327\/revisions"}],"predecessor-version":[{"id":23912,"href":"http:\/\/fmriachuelo.it10.com.ar\/index.php\/wp-json\/wp\/v2\/posts\/18327\/revisions\/23912"}],"wp:attachment":[{"href":"http:\/\/fmriachuelo.it10.com.ar\/index.php\/wp-json\/wp\/v2\/media?parent=18327"}],"wp:term":[{"taxonomy":"category","embeddable":true,"href":"http:\/\/fmriachuelo.it10.com.ar\/index.php\/wp-json\/wp\/v2\/categories?post=18327"},{"taxonomy":"post_tag","embeddable":true,"href":"http:\/\/fmriachuelo.it10.com.ar\/index.php\/wp-json\/wp\/v2\/tags?post=18327"}],"curies":[{"name":"wp","href":"https:\/\/api.w.org\/{rel}","templated":true}]}}