{"id":18324,"date":"2015-08-12T13:23:00","date_gmt":"2015-08-12T13:23:00","guid":{"rendered":"http:\/\/fmriachuelo.observatorioess.org.ar\/index.php\/2015\/08\/12\/ecuador-organizaciones-sociales-marchan-para-respaldar-al-gobierno-de-correa\/"},"modified":"2025-05-09T13:42:59","modified_gmt":"2025-05-09T16:42:59","slug":"ecuador-organizaciones-sociales-marchan-para-respaldar-al-gobierno-de-correa","status":"publish","type":"post","link":"http:\/\/fmriachuelo.it10.com.ar\/index.php\/2015\/08\/12\/ecuador-organizaciones-sociales-marchan-para-respaldar-al-gobierno-de-correa\/","title":{"rendered":"ECUADOR: ORGANIZACIONES SOCIALES MARCHAN PARA RESPALDAR AL GOBIERNO DE CORREA"},"content":{"rendered":"<div style=\"text-align: left\"><span style=\"color: red;font-family: Verdana, sans-serif;font-size: large\"><b>EN DEFENSA DE LA DEMOCRACIA<\/b><\/span><\/div>\n<div style=\"text-align: justify\"><\/div>\n<div style=\"clear: both;text-align: justify\"><a href=\"http:\/\/4.bp.blogspot.com\/-QwwgANMx6DU\/VctIUGxCXmI\/AAAAAAAAF8U\/PN-sFs6UVak\/s1600\/correaapoyo_jpg_1718483346.jpg\" style=\"clear: left;float: left;margin-bottom: 1em;margin-right: 1em\"><img loading=\"lazy\" decoding=\"async\" border=\"0\" height=\"112\" src=\"http:\/\/4.bp.blogspot.com\/-QwwgANMx6DU\/VctIUGxCXmI\/AAAAAAAAF8U\/PN-sFs6UVak\/s200\/correaapoyo_jpg_1718483346.jpg\" width=\"200\" \/><\/a><span style=\"font-family: Verdana, sans-serif\"><b>Cientos de ciudadanos defender\u00e1n los logros de la Revoluci\u00f3n Ciudadana frente al Palacio de Carondolet (Quito).<\/b> Movimientos sociales e ind\u00edgenas, militantes de Alianza PA\u00cdS y organizaciones que respaldan la Revoluci\u00f3n Ciudadana en Ecuador marchan este mi\u00e9rcoles en Quito (capital), <b>en<\/b> <b>rechazo al paro nacional<\/b> convocado por sectores de oposici\u00f3n.  <\/span><\/div>\n<p><a name='more'><\/a><span style=\"font-family: Verdana, sans-serif\">La movilizaci\u00f3n comenzar\u00e1 en el Parque Itchimb\u00eda (centro-norte) y llegar\u00e1 a la Plaza Grande, situada frente al Palacio de Gobierno de Carondelet, donde los ciudadanos permanecer\u00e1n en vigilia ante los intentos de desestabilizaci\u00f3n de la derecha, explic\u00f3 el asamble\u00edsta de Alianza PAIS, Rodrigo Collaguazo. <\/span><\/p>\n<div style=\"text-align: justify\"><span style=\"font-family: Verdana, sans-serif;font-size: small\">Cientos de afectos al proyecto que impulsa el presidente Correa mostrar\u00e1n su indignaci\u00f3n frente a la violencia que promueve la oposici\u00f3n al invitar a una marcha contra el dignatario, y en rechazo a las acciones de algunos grupos ind\u00edgenas que se dirigen desde distintas provincias hacia Quito para pedir la salida del Presidente.  <br \/><span style=\"font-size: small\">\u201cLos movimientos sociales decidimos organizar la marcha para defender la Revoluci\u00f3n (Ciudadana) de una manera pac\u00edfica\u201d, exclam\u00f3 el diputado de Alianza PA\u00cdS.<\/span><\/span><span style=\"font-size: small\"><span style=\"font-family: Verdana,sans-serif\"><br \/>El Gobierno de Rafael Correa ha reiterado el llamado al di\u00e1logo con todos los sectores, incluso a la facci\u00f3n opositora de la Confederaci\u00f3n de Nacionalidades Ind\u00edgenas del Ecuador (Conaie) y al Frente Unitario de Trabajadores, pero estos se niegan a participar y se interesan llevar a cabo un golpe de Estado. <br \/>Integrantes de la etnia Montubios, una importante comunidad ecuatoriana que ha sido parte del desarrollo social, se sumaron el martes al di\u00e1logo nacional por equidad y la justicia. Las provincias de Guayas, Santa Elena, Los R\u00edos, Santo Domingo, Manab\u00ed, El Oro y Loja llegaron a Guayaquil (sureste) para exponer su postura.   <\/span><\/span><\/div>\n<div style=\"text-align: justify\">\n<div><span style=\"font-size: small\"><span style=\"font-family: Verdana,sans-serif\">En un acto encabezado por&nbsp;Ricardo Pati\u00f1o, quien ahora se enfoca en apoyar el proceso, l\u00edderes ind\u00edgenas y campesinos elogiaron la gesti\u00f3n de Correa.&nbsp;\u201cEn 8 a\u00f1os de Gobierno se ha hecho mucho, aunque a\u00fan falta. Pedimos tecnificaci\u00f3n de la tierra y semillas certificadas para producir m\u00e1s y mejor\u201d, enfatiz\u00f3 la&nbsp;representante de la Asociaci\u00f3n de Campesinos de Paj\u00e1n, Paulina Matute.                                                                                                                                                                                                                                                                                            <\/span><\/span><\/p>\n<div><span style=\"font-size: small\"><span style=\"font-family: Verdana,sans-serif\">\u201cAhora a mucha honra decimos somos montubios, tenemos identidad, eso es algo que nos ha devuelto este Gobierno\u201d, agreg\u00f3&nbsp;Matute, tras recordar que gracias a las pol\u00edticas sociales del Gobierno esta comunidad&nbsp;recuper\u00f3 su identidad.&nbsp;                                                                                                                                                                                                                                                                                            <\/span><\/span><\/p>\n<div><\/div>\n<\/div>\n<\/div>\n<\/div>\n<div style=\"text-align: justify\"><span style=\"font-family: Verdana, sans-serif\"><\/span><\/div>\n<div style=\"text-align: justify\"><\/div>\n<div style=\"text-align: justify\"><span style=\"font-family: Verdana, sans-serif\"><b>En Contexto<\/b>  <br \/>Desde junio la derecha ecuatoriana intenta desestabilizar con actos violentos en Quito y otras regiones del pa\u00eds en rechazo a la leyes de Herencias (Redistribuci\u00f3n de la Riquezas) y Plusval\u00eda (acumulaci\u00f3n de capitales), a\u00fan cuando Correa insiste en el di\u00e1logo y el debate pac\u00edfico de ambas normativas que solo afectan al dos por ciento de la poblaci\u00f3n y beneficia a la poblaci\u00f3n m\u00e1s pobre.  <br \/>Correa denunci\u00f3 recientemente que la ultraderecha del pa\u00eds pretende perpetrar un golpe de Estado bajo la excusa del rechazo a la ley de Herencias y recalc\u00f3 que cuenta con 60 por cierto de respaldo popular.&nbsp; <\/span><\/div>\n<div style=\"text-align: justify\"><span style=\"font-family: Verdana,sans-serif\"><span style=\"font-size: x-small\"><span style=\"color: #0b5394\"><b>TELESUR\/PRODUCCI\u00d3N RIACHUELO<\/b><\/span><\/span><\/span><\/div>\n","protected":false},"excerpt":{"rendered":"<p>EN DEFENSA DE LA DEMOCRACIA Cientos de ciudadanos defender\u00e1n los logros de la Revoluci\u00f3n Ciudadana frente al Palacio de Carondolet (Quito). Movimientos sociales e ind\u00edgenas, militantes de Alianza PA\u00cdS y organizaciones que respaldan la Revoluci\u00f3n Ciudadana en Ecuador marchan este mi\u00e9rcoles en Quito (capital), en rechazo al paro nacional convocado por sectores de oposici\u00f3n. La [&hellip;]<\/p>\n","protected":false},"author":4,"featured_media":0,"comment_status":"open","ping_status":"open","sticky":false,"template":"","format":"standard","meta":{"_monsterinsights_skip_tracking":false,"_monsterinsights_sitenote_active":false,"_monsterinsights_sitenote_note":"","_monsterinsights_sitenote_category":0,"jnews-multi-image_gallery":[],"jnews_single_post":{"format":"standard"},"jnews_primary_category":[],"_joinchat":[],"footnotes":""},"categories":[58],"tags":[70,65],"class_list":["post-18324","post","type-post","status-publish","format-standard","hentry","category-noticiariachuelo","tag-de-la-patria-grande","tag-soberania"],"_links":{"self":[{"href":"http:\/\/fmriachuelo.it10.com.ar\/index.php\/wp-json\/wp\/v2\/posts\/18324","targetHints":{"allow":["GET"]}}],"collection":[{"href":"http:\/\/fmriachuelo.it10.com.ar\/index.php\/wp-json\/wp\/v2\/posts"}],"about":[{"href":"http:\/\/fmriachuelo.it10.com.ar\/index.php\/wp-json\/wp\/v2\/types\/post"}],"author":[{"embeddable":true,"href":"http:\/\/fmriachuelo.it10.com.ar\/index.php\/wp-json\/wp\/v2\/users\/4"}],"replies":[{"embeddable":true,"href":"http:\/\/fmriachuelo.it10.com.ar\/index.php\/wp-json\/wp\/v2\/comments?post=18324"}],"version-history":[{"count":1,"href":"http:\/\/fmriachuelo.it10.com.ar\/index.php\/wp-json\/wp\/v2\/posts\/18324\/revisions"}],"predecessor-version":[{"id":23920,"href":"http:\/\/fmriachuelo.it10.com.ar\/index.php\/wp-json\/wp\/v2\/posts\/18324\/revisions\/23920"}],"wp:attachment":[{"href":"http:\/\/fmriachuelo.it10.com.ar\/index.php\/wp-json\/wp\/v2\/media?parent=18324"}],"wp:term":[{"taxonomy":"category","embeddable":true,"href":"http:\/\/fmriachuelo.it10.com.ar\/index.php\/wp-json\/wp\/v2\/categories?post=18324"},{"taxonomy":"post_tag","embeddable":true,"href":"http:\/\/fmriachuelo.it10.com.ar\/index.php\/wp-json\/wp\/v2\/tags?post=18324"}],"curies":[{"name":"wp","href":"https:\/\/api.w.org\/{rel}","templated":true}]}}