{"id":18322,"date":"2015-08-13T02:37:00","date_gmt":"2015-08-13T02:37:00","guid":{"rendered":"http:\/\/fmriachuelo.observatorioess.org.ar\/index.php\/2015\/08\/13\/caba-protesta-de-vendedores-senegaleses-contra-la-policia-metropolitana\/"},"modified":"2025-05-09T13:49:05","modified_gmt":"2025-05-09T16:49:05","slug":"caba-protesta-de-vendedores-senegaleses-contra-la-policia-metropolitana","status":"publish","type":"post","link":"http:\/\/fmriachuelo.it10.com.ar\/index.php\/2015\/08\/13\/caba-protesta-de-vendedores-senegaleses-contra-la-policia-metropolitana\/","title":{"rendered":"CABA: PROTESTA DE VENDEDORES SENEGALESES CONTRA LA POLICIA METROPOLITANA"},"content":{"rendered":"<div><span style=\"color: red;font-family: Verdana, sans-serif;font-size: large\"><b>ABUSOS CONTRA TRABAJADORES:<\/b><\/span><br \/><span style=\"color: red;font-family: Verdana, sans-serif;font-size: large\"><b>EN DEFENSA DE SUS DERECHOS<\/b><\/span><\/div>\n<p><span style=\"font-family: Verdana, sans-serif\">Escuch\u00e1 <a href=\"http:\/\/www.mediafire.com\/listen\/bakebkbhmhm8aiq\/08-11-2015_-_ABDOULAYE_GOTH%C3%83%C2%89_-_Referente_de_comunidad_Senegalesa_en_Arg._-_Marcha_contra_abuso_de_la_Metropolitana.mp3\" target=\"_blank\" rel=\"noopener\"><b><span style=\"color: #351c75\">AC\u00c1<\/span><\/b><\/a>&nbsp;el testimonio que&nbsp;relat\u00f3 Addoulay\u00e9 Goth\u00e9 un trabajador de la v\u00eda p\u00fablica sobre la situaci\u00f3n que est\u00e1n pasando.<\/span><\/p>\n<div style=\"clear: both;text-align: center\"><a href=\"http:\/\/4.bp.blogspot.com\/-w_579dE33zA\/Vcv-5HtQOAI\/AAAAAAAAF9A\/tfbY6h-I7oQ\/s1600\/senegaleses.jpg\" style=\"clear: left;float: left;margin-bottom: 1em;margin-right: 1em\"><img loading=\"lazy\" decoding=\"async\" border=\"0\" height=\"132\" src=\"http:\/\/4.bp.blogspot.com\/-w_579dE33zA\/Vcv-5HtQOAI\/AAAAAAAAF9A\/tfbY6h-I7oQ\/s200\/senegaleses.jpg\" width=\"200\" \/><\/a><\/div>\n<div style=\"text-align: justify\"><span style=\"font-family: Verdana, sans-serif\">Comunicado de prensa<br \/>Buenos Aires, 11\/8\/15<br \/>El mi\u00e9rcoles 12\/8\/15 a las&nbsp;10 hs &#8211; Rivadavia y Entre R\u00edos <br \/> Protesta de vendedores senegaleses contra los abusos de la Metropolitana<\/span><br \/><a name='more'><\/a><span style=\"font-family: Verdana, sans-serif\">Vendedores ambulantes senegaleses realizar\u00e1n una concentraci\u00f3n y marcha de protesta contra los abusos de la Polic\u00eda Metropolitana.<br \/>Abdoulaye Goth\u00e9, uno de sus voceros, explic\u00f3: \u00abEl abuso policial es permanente. En el operativo del 4 de agosto al hotel familiar de Corrientes al 3.000 actuaron con violencia, amenazas con armas, acusaciones falsas y a varios compa\u00f1eros les falt\u00f3 su dinero. Los inmigrantes venimos a la Argentina buscando una vida mejor y nos ganamos la vida trabajando, pero desde el Gobierno de la Ciudad s\u00f3lo recibimos una persecuci\u00f3n y maltrato constantes. Constantemente la Polic\u00eda Metropolitana invade las casas de estos trabajadores a las 6 de la ma\u00f1ana y tras revolver sus pertenencias, se quedan con algunas y en muchos casos plantan falsas pruebas para culpabilizarlos con otros fines, continu\u00f3 afirmando Goth\u00e9.<br \/><b><span style=\"font-size: x-small\">Contacto: Abdoulaye Goth\u00e9<br \/> (11) 3848-1888<\/span><\/b><\/span><\/div>\n<p><span style=\"color: #0b5394;font-family: Verdana;font-size: x-small\"><b>MINUTO UNO-ANRED\/PRODUCCI\u00d3N RIACHUELO<\/b><\/span><br \/><span style=\"font-family: Verdana, sans-serif\"><\/span><\/p>\n","protected":false},"excerpt":{"rendered":"<p>ABUSOS CONTRA TRABAJADORES:EN DEFENSA DE SUS DERECHOS Escuch\u00e1 AC\u00c1&nbsp;el testimonio que&nbsp;relat\u00f3 Addoulay\u00e9 Goth\u00e9 un trabajador de la v\u00eda p\u00fablica sobre la situaci\u00f3n que est\u00e1n pasando. Comunicado de prensaBuenos Aires, 11\/8\/15El mi\u00e9rcoles 12\/8\/15 a las&nbsp;10 hs &#8211; Rivadavia y Entre R\u00edos Protesta de vendedores senegaleses contra los abusos de la MetropolitanaVendedores ambulantes senegaleses realizar\u00e1n una concentraci\u00f3n [&hellip;]<\/p>\n","protected":false},"author":4,"featured_media":0,"comment_status":"open","ping_status":"open","sticky":false,"template":"","format":"standard","meta":{"_monsterinsights_skip_tracking":false,"_monsterinsights_sitenote_active":false,"_monsterinsights_sitenote_note":"","_monsterinsights_sitenote_category":0,"jnews-multi-image_gallery":[],"jnews_single_post":{"format":"standard"},"jnews_primary_category":[],"_joinchat":[],"footnotes":""},"categories":[58],"tags":[81,122,89],"class_list":["post-18322","post","type-post","status-publish","format-standard","hentry","category-noticiariachuelo","tag-aguafuertes-portenas","tag-derecho-a-la-protesta-social","tag-violencia-institucional"],"_links":{"self":[{"href":"http:\/\/fmriachuelo.it10.com.ar\/index.php\/wp-json\/wp\/v2\/posts\/18322","targetHints":{"allow":["GET"]}}],"collection":[{"href":"http:\/\/fmriachuelo.it10.com.ar\/index.php\/wp-json\/wp\/v2\/posts"}],"about":[{"href":"http:\/\/fmriachuelo.it10.com.ar\/index.php\/wp-json\/wp\/v2\/types\/post"}],"author":[{"embeddable":true,"href":"http:\/\/fmriachuelo.it10.com.ar\/index.php\/wp-json\/wp\/v2\/users\/4"}],"replies":[{"embeddable":true,"href":"http:\/\/fmriachuelo.it10.com.ar\/index.php\/wp-json\/wp\/v2\/comments?post=18322"}],"version-history":[{"count":1,"href":"http:\/\/fmriachuelo.it10.com.ar\/index.php\/wp-json\/wp\/v2\/posts\/18322\/revisions"}],"predecessor-version":[{"id":23926,"href":"http:\/\/fmriachuelo.it10.com.ar\/index.php\/wp-json\/wp\/v2\/posts\/18322\/revisions\/23926"}],"wp:attachment":[{"href":"http:\/\/fmriachuelo.it10.com.ar\/index.php\/wp-json\/wp\/v2\/media?parent=18322"}],"wp:term":[{"taxonomy":"category","embeddable":true,"href":"http:\/\/fmriachuelo.it10.com.ar\/index.php\/wp-json\/wp\/v2\/categories?post=18322"},{"taxonomy":"post_tag","embeddable":true,"href":"http:\/\/fmriachuelo.it10.com.ar\/index.php\/wp-json\/wp\/v2\/tags?post=18322"}],"curies":[{"name":"wp","href":"https:\/\/api.w.org\/{rel}","templated":true}]}}