{"id":18320,"date":"2015-08-04T14:00:00","date_gmt":"2015-08-04T14:00:00","guid":{"rendered":"http:\/\/fmriachuelo.observatorioess.org.ar\/index.php\/2015\/08\/04\/venezuela-nuevos-actos-que-buscan-la-desestabilizacion\/"},"modified":"2025-05-06T12:35:33","modified_gmt":"2025-05-06T15:35:33","slug":"venezuela-nuevos-actos-que-buscan-la-desestabilizacion","status":"publish","type":"post","link":"http:\/\/fmriachuelo.it10.com.ar\/index.php\/2015\/08\/04\/venezuela-nuevos-actos-que-buscan-la-desestabilizacion\/","title":{"rendered":"VENEZUELA: NUEVOS ACTOS QUE BUSCAN LA DESESTABILIZACI\u00d3N"},"content":{"rendered":"<div style=\"clear: both;text-align: justify\"><span style=\"color: red;font-family: Verdana, sans-serif;font-size: large\"><b>ANTIDEMOCR\u00c1TICOS<\/b><\/span>&nbsp;<\/div>\n<div style=\"clear: both;text-align: justify\"><span style=\"font-family: Verdana\">PLAN ESPECIAL DE INTELIGENCIA DESACTIV\u00d3 M\u00c1S DE 10 FOCOS VIOLENTOS PROMOVIDOS POR LA ULTRADERECHA<\/span><\/div>\n<div style=\"clear: both;text-align: justify\"><a href=\"http:\/\/3.bp.blogspot.com\/-MYv3FNhldgU\/VcDE05ys7RI\/AAAAAAAAFxo\/BZSLn2X_IpQ\/s1600\/saqueos-600x331.jpg\" style=\"clear: left;float: left;margin-bottom: 1em;margin-right: 1em\"><img loading=\"lazy\" decoding=\"async\" border=\"0\" height=\"110\" src=\"http:\/\/3.bp.blogspot.com\/-MYv3FNhldgU\/VcDE05ys7RI\/AAAAAAAAFxo\/BZSLn2X_IpQ\/s200\/saqueos-600x331.jpg\" width=\"200\" \/><\/a><span style=\"font-family: Verdana, sans-serif\">El presidente de la Rep\u00fablica Bolivariana de Venezuela, Nicol\u00e1s Maduro, inform\u00f3 que mediante un Plan especial de Inteligencia se logr\u00f3 desactivar m\u00e1s de 10 focos de violencia en el pa\u00eds, promovidos por sectores de la ultraderecha nacional e internacional.<\/span><\/div>\n<p><a name='more'><\/a><span style=\"font-family: Verdana, sans-serif\">Acot\u00f3 que la intenci\u00f3n de estos actos irregulares es crear un escenario de zozobra parecido al presentado el pasado viernes 31 de julio en San F\u00e9lix, estado Bol\u00edvar, donde falleci\u00f3 un ciudadano y varios negocios fueron saqueados.<br \/>\u201cEl mismo viernes desactivamos m\u00e1s de 10 lugares del pa\u00eds donde ellos pretend\u00edan hacer eso y el s\u00e1bado tambi\u00e9n, hay que estar alerta, llamo al pueblo a estar alerta y que nos convirtamos en millones de patriotas cooperantes para garantizar la paz del pa\u00eds , no a la violencia guarimbera\u201d, expres\u00f3.<\/span><br \/><span style=\"font-family: Verdana, sans-serif\">Durante encuentro con las y los candidatos del Gran Polo Patri\u00f3tico Sim\u00f3n Bol\u00edvar, en el Teatro Teresa Carre\u00f1o, el jefe de Estado indic\u00f3 que sectores de la ultraderecha pretenden desestabilizar el pa\u00eds con una lucha m\u00e1s f\u00e9rrea debido a las elecciones parlamentarias que se realizar\u00e1n el pr\u00f3ximo 6 de diciembre.<\/span><span style=\"font-family: Verdana, sans-serif\"><\/span><br \/><span style=\"font-family: Verdana, sans-serif\">\u201cEn el Pent\u00e1gono ahora se les meti\u00f3 la pepera que van a destruir a Venezuela en estos meses. Estoy en guardia, en alerta, hemos activado un plan especial de inteligencia, de prevenci\u00f3n, de los actos violentos que han estado planificando desde Miami con la quinta columna de la derecha venezolana\u201d, asegur\u00f3.<br \/>En relaci\u00f3n a los hechos violentos presentados en San F\u00e9lix, el Mandatario Nacional inform\u00f3 que 76 personas est\u00e1n detenidas y ya fueron pasadas a tribunales.<br \/>Asimismo, indic\u00f3 que ya est\u00e1 plenamente identificado el autor intelectual de este hecho y garantiz\u00f3 que todo el peso de la Ley les caer\u00e1 a quienes pretendan sembrar la violencia en el pa\u00eds.<br \/>\u201c76 personas pasaron a tribunales, tenemos identificado al autor intelectual, es cuesti\u00f3n de horas que lo capturemos, y que chille quien tenga que chille. El que venga a traer violencia importada y aprovechar problemas de nuestro pueblo para intentar sembrar la violencia en el pa\u00eds lo esperar\u00e1 la c\u00e1rcel, se lo dije cuando comenzaron las guarimbas y ahora est\u00e1n en manos de la justicia\u201d, enfatiz\u00f3.<\/span><br \/><b><span style=\"color: #0b5394;font-family: Verdana, sans-serif;font-size: x-small\">CORREO DEL ORINOCO\/PRODUCCI\u00d3N RIACHUELO<\/span><\/b><\/p>\n","protected":false},"excerpt":{"rendered":"<p>ANTIDEMOCR\u00c1TICOS&nbsp; PLAN ESPECIAL DE INTELIGENCIA DESACTIV\u00d3 M\u00c1S DE 10 FOCOS VIOLENTOS PROMOVIDOS POR LA ULTRADERECHA El presidente de la Rep\u00fablica Bolivariana de Venezuela, Nicol\u00e1s Maduro, inform\u00f3 que mediante un Plan especial de Inteligencia se logr\u00f3 desactivar m\u00e1s de 10 focos de violencia en el pa\u00eds, promovidos por sectores de la ultraderecha nacional e internacional. Acot\u00f3 [&hellip;]<\/p>\n","protected":false},"author":4,"featured_media":0,"comment_status":"open","ping_status":"open","sticky":false,"template":"","format":"standard","meta":{"_monsterinsights_skip_tracking":false,"_monsterinsights_sitenote_active":false,"_monsterinsights_sitenote_note":"","_monsterinsights_sitenote_category":0,"jnews-multi-image_gallery":[],"jnews_single_post":{"format":"standard"},"jnews_primary_category":[],"_joinchat":[],"footnotes":""},"categories":[58],"tags":[70],"class_list":["post-18320","post","type-post","status-publish","format-standard","hentry","category-noticiariachuelo","tag-de-la-patria-grande"],"_links":{"self":[{"href":"http:\/\/fmriachuelo.it10.com.ar\/index.php\/wp-json\/wp\/v2\/posts\/18320","targetHints":{"allow":["GET"]}}],"collection":[{"href":"http:\/\/fmriachuelo.it10.com.ar\/index.php\/wp-json\/wp\/v2\/posts"}],"about":[{"href":"http:\/\/fmriachuelo.it10.com.ar\/index.php\/wp-json\/wp\/v2\/types\/post"}],"author":[{"embeddable":true,"href":"http:\/\/fmriachuelo.it10.com.ar\/index.php\/wp-json\/wp\/v2\/users\/4"}],"replies":[{"embeddable":true,"href":"http:\/\/fmriachuelo.it10.com.ar\/index.php\/wp-json\/wp\/v2\/comments?post=18320"}],"version-history":[{"count":1,"href":"http:\/\/fmriachuelo.it10.com.ar\/index.php\/wp-json\/wp\/v2\/posts\/18320\/revisions"}],"predecessor-version":[{"id":23865,"href":"http:\/\/fmriachuelo.it10.com.ar\/index.php\/wp-json\/wp\/v2\/posts\/18320\/revisions\/23865"}],"wp:attachment":[{"href":"http:\/\/fmriachuelo.it10.com.ar\/index.php\/wp-json\/wp\/v2\/media?parent=18320"}],"wp:term":[{"taxonomy":"category","embeddable":true,"href":"http:\/\/fmriachuelo.it10.com.ar\/index.php\/wp-json\/wp\/v2\/categories?post=18320"},{"taxonomy":"post_tag","embeddable":true,"href":"http:\/\/fmriachuelo.it10.com.ar\/index.php\/wp-json\/wp\/v2\/tags?post=18320"}],"curies":[{"name":"wp","href":"https:\/\/api.w.org\/{rel}","templated":true}]}}