{"id":18319,"date":"2015-08-04T14:25:00","date_gmt":"2015-08-04T14:25:00","guid":{"rendered":"http:\/\/fmriachuelo.observatorioess.org.ar\/index.php\/2015\/08\/04\/entrevista-a-aleida-guevara\/"},"modified":"2025-05-06T12:47:26","modified_gmt":"2025-05-06T15:47:26","slug":"entrevista-a-aleida-guevara","status":"publish","type":"post","link":"http:\/\/fmriachuelo.it10.com.ar\/index.php\/2015\/08\/04\/entrevista-a-aleida-guevara\/","title":{"rendered":"ENTREVISTA A ALEIDA GUEVARA"},"content":{"rendered":"<p><span style=\"font-family: Verdana,sans-serif\"><span style=\"color: red;font-size: large\"><b>SOCIALISMO=SOLIDARIDAD<\/b><\/span><\/span><br \/><span style=\"font-family: Verdana,sans-serif\">ALEIDA GUEVARA, LA HIJA DEL CHE. \u00bfDE QU\u00c9 DEMOCRACIA HABLAN EN EUROPA?<\/span><\/p>\n<div style=\"clear: both;text-align: center\"><span style=\"font-family: Verdana,sans-serif\"><a href=\"http:\/\/1.bp.blogspot.com\/-GNyQSIBfTyo\/VcDKT8dG-JI\/AAAAAAAAFyA\/v8am4vUr6HA\/s1600\/ALEIDA.jpg\" style=\"clear: left;float: left;margin-bottom: 1em;margin-right: 1em\"><img loading=\"lazy\" decoding=\"async\" border=\"0\" height=\"131\" src=\"http:\/\/1.bp.blogspot.com\/-GNyQSIBfTyo\/VcDKT8dG-JI\/AAAAAAAAFyA\/v8am4vUr6HA\/s200\/ALEIDA.jpg\" width=\"200\" \/><\/a><\/span><\/div>\n<div style=\"text-align: justify\"><span style=\"font-family: Verdana,sans-serif\">Fue en una de las conferencias magistrales en el marco del VII Encuentro de Solidaridad Continental con Cuba que culmin\u00f3 el fin de semana en Caracas, Venezuela.<br \/>Guevara sostuvo que \u201csi Estados Unidos no quiere comerciar con nosotros, no nos importa, pero s\u00ed nos parece muy mal que no podamos comerciar con otros pa\u00edses\u201d. Dio ejemplos cotidianos que se convirtieron en un doloroso disparate, por el sadismo de los mandatarios de Washington en las \u00faltimas cinco d\u00e9cadas.<\/span><\/div>\n<p><a name='more'><\/a><span style=\"font-family: Verdana,sans-serif\">All\u00ed est\u00e1 el caso de que \u201cpor no poder comprar leche en polvo en Europa, pues el imperio presionaba a las empresas locales, tuvimos que ir a buscar ese importante elemento que alimenta a nuestros ni\u00f1os y ni\u00f1as en Nueva Zelanda, es decir, en el otro extremo del planeta\u201d. En ese mismo sentido, la hija del Che Guevara expres\u00f3 que no hay que olvidar que \u201ctodo barco que toque puerto cubano no puede volver a hacerlo en los de EEUU o cualquiera de sus aliados, durante los pr\u00f3ximos seis meses\u201d.<br \/>Evoc\u00f3 tambi\u00e9n cuando hubo que remover cielo y tierra por medicamentos para salvar vidas y las dificultades afrontadas. \u201cSi en aras de salvar la vida de un cubano o cubana que est\u00e9 enfermo tenemos que golpear las puertas de la Casa Blanca, lo har\u00edamos, pero sabemos que no mover\u00edan un dedo para facilitarnos la tarea, todo lo contrario\u201d, dijo.<br \/>Luego, Aleida embisti\u00f3 contra los gobiernos europeos: \u201c\u00bfDe qu\u00e9 democracia hablan los europeos? \u00bfCu\u00e1ndo se vio que se elija democr\u00e1ticamente a un rey, por ejemplo? \u00bfD\u00f3nde est\u00e1 la vieja Europa, que lo \u00fanico que hace es claudicar todo el tiempo y arrodillarse ante Estados Unidos\u201d, se pregunt\u00f3.<br \/>Por \u00faltimo defini\u00f3 algunos elementos de la necesaria solidaridad que es preciso aplicar con todos los pueblos que luchan contra el imperio y por la liberaci\u00f3n. Evoc\u00f3 aquellos tiempos en que el Che llamaba insistentemente para no dejar sola a Vietnam, igual que ahora hay que hacerlo con Iraq, Afganist\u00e1n y Palestina. Y culmin\u00f3: \u201cNo hay bloqueo que nos pueda vencer. La solidaridad es la ternura de los pueblos. Hag\u00e1mosla realidad\u201d.<br \/>Mantener la econom\u00eda socialista<br \/>Otro excelente aporte al Encuentro hizo el economista cubano Jos\u00e9 Angel P\u00e9rez,presidente del Centro de Investigaci\u00f3n de la Econom\u00eda Mundial (CIEM), quien abord\u00f3 los nuevos cambios que se est\u00e1n produciendo en Cuba. P\u00e9rez se\u00f1al\u00f3 que el actual modelo econ\u00f3mico cubano significa \u201cconsolidar la econom\u00eda socialista\u201d. Remarc\u00f3: \u201cQue nadie se equivoque: no es econom\u00eda de mercado ni econom\u00eda mixta, sino socialista\u201d.<br \/>Luego se pregunt\u00f3 por qu\u00e9 hubo que actualizar el modelo econ\u00f3mico: \u201cPorque ten\u00edamos ciertas desproporciones y disfuncionalidades en el cumplimiento de las leyes, todo esto en el marco de la crisis mundial que se vive hoy\u201d. No dud\u00f3 en definir que la primera causa es el bloqueo estadounidense, que \u201cha provocado hasta fines de 2012 m\u00e1s de un bill\u00f3n de millones de d\u00f3lares de p\u00e9rdida\u201d.<br \/>Insisti\u00f3 en que \u201chubo que actualizar en consecuencia el modelo econ\u00f3mico, y no es para regresar al capitalismo, tal cual que dicen nuestros enemigos\u201d. \u201cLo hacemos para garantizar la continuidad de nuestro modelo socialista\u201d, afirm\u00f3.<\/span><br \/><span style=\"font-family: Verdana,sans-serif\"><span style=\"font-size: x-small\"><span style=\"color: #0b5394\"><b>LIBRERED\/PRODUCCI\u00d3N RIACHUELO <\/b><\/span><\/span><\/span><br \/><span style=\"font-family: Verdana,sans-serif\"><\/span><\/p>\n","protected":false},"excerpt":{"rendered":"<p>SOCIALISMO=SOLIDARIDADALEIDA GUEVARA, LA HIJA DEL CHE. \u00bfDE QU\u00c9 DEMOCRACIA HABLAN EN EUROPA? Fue en una de las conferencias magistrales en el marco del VII Encuentro de Solidaridad Continental con Cuba que culmin\u00f3 el fin de semana en Caracas, Venezuela.Guevara sostuvo que \u201csi Estados Unidos no quiere comerciar con nosotros, no nos importa, pero s\u00ed nos [&hellip;]<\/p>\n","protected":false},"author":4,"featured_media":0,"comment_status":"open","ping_status":"open","sticky":false,"template":"","format":"standard","meta":{"_monsterinsights_skip_tracking":false,"_monsterinsights_sitenote_active":false,"_monsterinsights_sitenote_note":"","_monsterinsights_sitenote_category":0,"jnews-multi-image_gallery":[],"jnews_single_post":{"format":"standard"},"jnews_primary_category":[],"_joinchat":[],"footnotes":""},"categories":[58],"tags":[70,167],"class_list":["post-18319","post","type-post","status-publish","format-standard","hentry","category-noticiariachuelo","tag-de-la-patria-grande","tag-politica-internacional"],"_links":{"self":[{"href":"http:\/\/fmriachuelo.it10.com.ar\/index.php\/wp-json\/wp\/v2\/posts\/18319","targetHints":{"allow":["GET"]}}],"collection":[{"href":"http:\/\/fmriachuelo.it10.com.ar\/index.php\/wp-json\/wp\/v2\/posts"}],"about":[{"href":"http:\/\/fmriachuelo.it10.com.ar\/index.php\/wp-json\/wp\/v2\/types\/post"}],"author":[{"embeddable":true,"href":"http:\/\/fmriachuelo.it10.com.ar\/index.php\/wp-json\/wp\/v2\/users\/4"}],"replies":[{"embeddable":true,"href":"http:\/\/fmriachuelo.it10.com.ar\/index.php\/wp-json\/wp\/v2\/comments?post=18319"}],"version-history":[{"count":1,"href":"http:\/\/fmriachuelo.it10.com.ar\/index.php\/wp-json\/wp\/v2\/posts\/18319\/revisions"}],"predecessor-version":[{"id":23868,"href":"http:\/\/fmriachuelo.it10.com.ar\/index.php\/wp-json\/wp\/v2\/posts\/18319\/revisions\/23868"}],"wp:attachment":[{"href":"http:\/\/fmriachuelo.it10.com.ar\/index.php\/wp-json\/wp\/v2\/media?parent=18319"}],"wp:term":[{"taxonomy":"category","embeddable":true,"href":"http:\/\/fmriachuelo.it10.com.ar\/index.php\/wp-json\/wp\/v2\/categories?post=18319"},{"taxonomy":"post_tag","embeddable":true,"href":"http:\/\/fmriachuelo.it10.com.ar\/index.php\/wp-json\/wp\/v2\/tags?post=18319"}],"curies":[{"name":"wp","href":"https:\/\/api.w.org\/{rel}","templated":true}]}}