{"id":18317,"date":"2015-08-05T14:37:00","date_gmt":"2015-08-05T14:37:00","guid":{"rendered":"http:\/\/fmriachuelo.observatorioess.org.ar\/index.php\/2015\/08\/05\/jujuy-denuncian-caso-de-violencia-policial\/"},"modified":"2025-05-06T12:53:20","modified_gmt":"2025-05-06T15:53:20","slug":"jujuy-denuncian-caso-de-violencia-policial","status":"publish","type":"post","link":"http:\/\/fmriachuelo.it10.com.ar\/index.php\/2015\/08\/05\/jujuy-denuncian-caso-de-violencia-policial\/","title":{"rendered":"JUJUY: DENUNCIAN CASO DE VIOLENCIA POLICIAL"},"content":{"rendered":"<div style=\"clear: both;text-align: justify\"><span style=\"color: red;font-family: Verdana, sans-serif;font-size: large\"><strong>JOVEN Y POBRE&#8230;<\/strong><\/span><\/div>\n<div style=\"clear: both;text-align: justify\"><span style=\"font-family: Verdana, sans-serif\">APARECI\u00d3 \u00abSUICIDADO\u00bb EN COMISAR\u00cdA TRAS ARBITRARIA DETENCI\u00d3N<\/span><\/div>\n<div style=\"text-align: justify\"><a href=\"http:\/\/4.bp.blogspot.com\/-xuiK40lu0Ro\/VcIep3Zku4I\/AAAAAAAAFzE\/N7YABOkyx-0\/s1600\/EBERT-391x298.jpg\" style=\"clear: left;float: left;margin-bottom: 1em;margin-right: 1em\"><span style=\"font-family: Verdana, sans-serif\"><img loading=\"lazy\" decoding=\"async\" border=\"0\" height=\"151\" src=\"http:\/\/4.bp.blogspot.com\/-xuiK40lu0Ro\/VcIep3Zku4I\/AAAAAAAAFzE\/N7YABOkyx-0\/s200\/EBERT-391x298.jpg\" width=\"200\" \/><\/span><\/a><span style=\"font-family: Verdana, sans-serif\">(4 de Agosto) \u201cMi hijo no estaba ebrio, ellos dicen que estaba alcoholizado pero es mentira, hay algunos testigos que pueden dar fe de esto. A mi hijo lo llevaron a la comisar\u00eda dici\u00e9ndole que en un rato lo soltaban,  y me lo entregaron muerto\u201d, relat\u00f3 Juan, el padre de Elber.<\/span><br \/><a name='more'><\/a><span style=\"font-family: Verdana, sans-serif\">Lo llevaron a la seccional de polic\u00eda n\u00famero 14 de Tilcara. Su madre fue en la noche a llevarle algo para comer: \u201cLe dicen a mi mujer dej\u00e9 ah\u00ed la comida ya se la pasamos nosotros, mi se\u00f1ora se neg\u00f3 a eso y les dijo que ella quer\u00eda entreg\u00e1rsela, en ese momento la hicieron sentar y le tomaron los datos y ah\u00ed mismo le dijeron que mi hijo se hab\u00eda ahorcado y que estaba drog\u00e1ndose.  A mi se\u00f1ora no la dejaron pasar y ella empez\u00f3 a ver qu\u00e9 se  movilizaban las patrullas y lleg\u00f3 un patrullero de Humahuaca, de ah\u00ed bajaron un camilla con una bolsa negra, ah\u00ed le avisaron que mi hijo se hab\u00eda suicidado\u201d, cont\u00f3 el padre al portal Jujuy on line.<\/span><\/div>\n<p><span style=\"font-family: Verdana, sans-serif\"><\/span><br \/><span style=\"font-family: Verdana, sans-serif\">Elber ten\u00eda 24 a\u00f1os. Al d\u00eda siguiente, hubo una marcha de vecinos reclamando justicia desde la plaza del centro de Tilcara. Seg\u00fan relat\u00f3 Juliana Celle, para la comunitaria Radio Estaci\u00f3n Sur de La Plata, en la marcha se escucharon testimonios de otros muchachos y tambi\u00e9n de madres o hermanas que relataban abusos y maltratos sufridos a manos de la polic\u00eda. \u201cFue una postal escalofriante porque no s\u00f3lo estaba la polic\u00eda de Tilcara sino tambi\u00e9n de las localidades vecinas de Humauaca, Maimar\u00e1, y tambi\u00e9n la Infanter\u00eda. Hubo un importante despliegue policial desde temprano, desde antes que se hiciera la marcha\u201d. La marcha termin\u00f3 en la municipalidad en d\u00f3nde los vecinos fueron reprimidos con balas de goma. Al d\u00eda siguiente, mantuvieron cortada la ruta 9, que permite la entrada al pueblo, durante todo el viernes 31. Seg\u00fan los diarios locales, el corte se levant\u00f3 tras un acta firmada por el Ministro de Gobierno y Justicia de la provincia de Jujuy, Alberto Matuk, en la que se comprometi\u00f3 a \u201cremover a los polic\u00edas que se encontraban esa noche a cargo de la comisar\u00eda\u201d. Los vecinos y familiares pidieron tambi\u00e9n la remoci\u00f3n del fiscal Alejandro Maldonado que investiga el caso. Maldonado sali\u00f3 p\u00fablicamente en declaraciones a los medios diciendo \u201cno entiendo la actitud de la familia\u201d y que \u201creci\u00e9n se est\u00e1 investigando pero no veo ning\u00fan delito\u201d. Esperan a\u00fan resultados de la autopsia que fueron llevados a analizar a Salta, la provincia vecina.<br \/>S\u00f3lo hasta noviembre del a\u00f1o pasado, las fuerzas policiales en Argentina llevaban asesinadas 4278 personas desde la vuelta a la democracia en 1983. De ellos, 2800 fueron asesinados en los diez a\u00f1os de gesti\u00f3n kirchnerista, seg\u00fan la informaci\u00f3n recabada por Correpi, la Coordinadora contra la Represi\u00f3n Policial e Institucional.<\/span><br \/><span style=\"font-family: Verdana, sans-serif\"><strong><\/strong><\/span><\/p>\n<div><span style=\"color: #0b5394;font-family: Verdana, sans-serif;font-size: x-small\"><b>DESINFORM\u00c9MONOS\/PRODUCCI\u00d3N RIACHUELO<\/b><\/span><\/div>\n","protected":false},"excerpt":{"rendered":"<p>JOVEN Y POBRE&#8230; APARECI\u00d3 \u00abSUICIDADO\u00bb EN COMISAR\u00cdA TRAS ARBITRARIA DETENCI\u00d3N (4 de Agosto) \u201cMi hijo no estaba ebrio, ellos dicen que estaba alcoholizado pero es mentira, hay algunos testigos que pueden dar fe de esto. A mi hijo lo llevaron a la comisar\u00eda dici\u00e9ndole que en un rato lo soltaban, y me lo entregaron muerto\u201d, [&hellip;]<\/p>\n","protected":false},"author":4,"featured_media":0,"comment_status":"open","ping_status":"open","sticky":false,"template":"","format":"standard","meta":{"_monsterinsights_skip_tracking":false,"_monsterinsights_sitenote_active":false,"_monsterinsights_sitenote_note":"","_monsterinsights_sitenote_category":0,"jnews-multi-image_gallery":[],"jnews_single_post":{"format":"standard"},"jnews_primary_category":[],"_joinchat":[],"footnotes":""},"categories":[58],"tags":[89],"class_list":["post-18317","post","type-post","status-publish","format-standard","hentry","category-noticiariachuelo","tag-violencia-institucional"],"_links":{"self":[{"href":"http:\/\/fmriachuelo.it10.com.ar\/index.php\/wp-json\/wp\/v2\/posts\/18317","targetHints":{"allow":["GET"]}}],"collection":[{"href":"http:\/\/fmriachuelo.it10.com.ar\/index.php\/wp-json\/wp\/v2\/posts"}],"about":[{"href":"http:\/\/fmriachuelo.it10.com.ar\/index.php\/wp-json\/wp\/v2\/types\/post"}],"author":[{"embeddable":true,"href":"http:\/\/fmriachuelo.it10.com.ar\/index.php\/wp-json\/wp\/v2\/users\/4"}],"replies":[{"embeddable":true,"href":"http:\/\/fmriachuelo.it10.com.ar\/index.php\/wp-json\/wp\/v2\/comments?post=18317"}],"version-history":[{"count":1,"href":"http:\/\/fmriachuelo.it10.com.ar\/index.php\/wp-json\/wp\/v2\/posts\/18317\/revisions"}],"predecessor-version":[{"id":23874,"href":"http:\/\/fmriachuelo.it10.com.ar\/index.php\/wp-json\/wp\/v2\/posts\/18317\/revisions\/23874"}],"wp:attachment":[{"href":"http:\/\/fmriachuelo.it10.com.ar\/index.php\/wp-json\/wp\/v2\/media?parent=18317"}],"wp:term":[{"taxonomy":"category","embeddable":true,"href":"http:\/\/fmriachuelo.it10.com.ar\/index.php\/wp-json\/wp\/v2\/categories?post=18317"},{"taxonomy":"post_tag","embeddable":true,"href":"http:\/\/fmriachuelo.it10.com.ar\/index.php\/wp-json\/wp\/v2\/tags?post=18317"}],"curies":[{"name":"wp","href":"https:\/\/api.w.org\/{rel}","templated":true}]}}