{"id":18313,"date":"2015-07-31T06:00:00","date_gmt":"2015-07-31T06:00:00","guid":{"rendered":"http:\/\/fmriachuelo.observatorioess.org.ar\/index.php\/2015\/07\/31\/caba-salud-publica-amenazada\/"},"modified":"2025-05-06T12:03:00","modified_gmt":"2025-05-06T15:03:00","slug":"caba-salud-publica-amenazada","status":"publish","type":"post","link":"http:\/\/fmriachuelo.it10.com.ar\/index.php\/2015\/07\/31\/caba-salud-publica-amenazada\/","title":{"rendered":"CABA: SALUD P\u00daBLICA AMENAZADA"},"content":{"rendered":"<p><span style=\"font-family: Verdana, sans-serif\"><span style=\"font-size: large\"><span style=\"color: red\"><strong>EN PELIGRO DE<span style=\"background-color: white\"> EXTINCI\u00d3N<\/span><\/strong><\/span><\/span><\/span><br \/><a href=\"http:\/\/2.bp.blogspot.com\/-8lvl_aJXXxA\/VbpFQemjI8I\/AAAAAAAAFrQ\/6fHYg6ZaLdg\/s1600\/7411378-protesta_borda_390.jpg\" style=\"clear: left;float: left;margin-bottom: 1em;margin-right: 1em;text-align: center\"><img loading=\"lazy\" decoding=\"async\" border=\"0\" height=\"140\" src=\"http:\/\/2.bp.blogspot.com\/-8lvl_aJXXxA\/VbpFQemjI8I\/AAAAAAAAFrQ\/6fHYg6ZaLdg\/s200\/7411378-protesta_borda_390.jpg\" width=\"200\" \/><\/a><span style=\"font-family: Verdana, sans-serif\">PARO CONTRA EL VACIAMIENTO DEL HOSPITAL BORDA&nbsp;<\/span><br \/><span style=\"font-family: Verdana\"><strong>Actualizamos la informaci\u00f3n<\/strong><\/span><br \/><span style=\"font-family: Verdana\">Gabriel Catalano.&nbsp;Secretario de ATE Capital, &nbsp;nos dio su testimonio una vez finalizado el paro y movilizaci\u00f3n:<\/span><br \/><a href=\"http:\/\/www.mediafire.com\/listen\/b62xu1txj5yhj4b\/07-30-2015_-_DANIEL_CATALANO_-_SEC.ORG.ATE_CAPITAL_-_El_paro_fu%C3%83%C2%A9_un_%C3%83%C2%A9xito%2C_no_queremos_q_desguace_el_hospital_Borda.mp3\" target=\"_blank\" rel=\"noopener\"><span style=\"color: #134f5c;font-family: Verdana, sans-serif\"><strong>EL PARO FUE UN \u00c9XITO EN CONTRA DEL DESGUACE<\/strong><\/span><\/a><br \/><span style=\"font-family: Verdana, sans-serif\">Despu\u00e9s nos cont\u00f3 acerca de la causa judicial por la represi\u00f3n en el Hospital Borda, en donde quedaron imputados varios trabajadores<\/span><br \/><a href=\"http:\/\/www.mediafire.com\/listen\/vb563baa837yx2u\/07-30-2015_-_DANIEL_CATALANO_-_SECRET.ORG.ATE_CAPITAL_-_Soy_uno_de_los_procesados.mp3\" target=\"_blank\" rel=\"noopener\"><span style=\"color: #134f5c;font-family: Verdana, sans-serif\"><strong>EL ESTADO DE LA CAUSA<\/strong><\/span><\/a><br \/><span style=\"font-family: Verdana, sans-serif\">Escuch\u00e1<\/span> <span style=\"color: #0b5394\"><span style=\"font-family: Verdana, sans-serif\"><strong><a href=\"http:\/\/www.mediafire.com\/listen\/3a7igqc2u2rtu44\/07-29-2015_-_ENTREVISTA_COMPLETA_A_GABRIEL_CAVIA_-_Presid._Asoc._Prof_del_BORDA_-__Cese_de_actividades_contra_vaciamiento_de_Salud_P%C3%83%C2%BAblica.mp3\" target=\"_blank\" rel=\"noopener\">AC<\/a>\u00c1<\/strong><\/span>&nbsp;<\/span><span style=\"font-family: Verdana, sans-serif\">el testimonio del Lic. Gabriel Cavia que preside la Asociaci\u00f3n de Profesionales&nbsp; del Hospital Borda, que cuenta como el Gobierno de la Ciudad contin\u00faa desmantelando la Salud P\u00fablica de esta ciudad.<\/span><br \/><a name='more'><\/a><\/p>\n<p><span style=\"font-family: Verdana;text-align: justify\">Entre las 9 y las 12 de&nbsp;hoy se cumpli\u00f3 el paro convocado en el Hospital Neuropsiqui\u00e1trico Borda por la Asociaci\u00f3n de Profesionales y ATE, en repudio al cierre de servicios y lo que consideran una pol\u00edtica de vaciamiento.&nbsp;<\/span><span style=\"font-family: Verdana\"><\/span><\/p>\n<div style=\"text-align: justify\"><span style=\"font-family: Verdana, sans-serif\">La protesta de los trabajadores toma tres ejes:<\/span><\/div>\n<div style=\"text-align: justify\"><span style=\"font-family: Verdana, sans-serif\">-Cierre de servicios abiertos a la comunidad, tanto a pacientes internados como ambulatorios y sus familiares<\/span><\/div>\n<div style=\"text-align: justify\"><span style=\"font-family: Verdana, sans-serif\">-Paralizaci\u00f3n de las obras en contra del fallo de la justicia<\/span><\/div>\n<div style=\"text-align: justify\"><span style=\"font-family: Verdana, sans-serif\">-En contra del gerenciamiento del Ministerio de la Modernizaci\u00f3n, y la desaparici\u00f3n del Ministerio de Salud.<\/span><\/div>\n<p><span style=\"font-family: Verdana, sans-serif\"><\/span><br \/><span style=\"font-family: Verdana, sans-serif\">\u201cNosotros denunciamos el vaciamiento de los servicios de Cirug\u00eda, Laboratorio, Kinesiolog\u00eda y Orientaci\u00f3n Vocacional\u201d, cont\u00f3 el enfermero Daniel Taborda. \u201cSe jubilan compa\u00f1eros y no se los reemplaza, y la unificaci\u00f3n de \u00e1reas es una forma encubierta de vaciamiento\u201d, agreg\u00f3.<br \/>Al acto adhirieron los diputados Marcelo Ramal, del Frente de Izquierda y los Trabajadores, y Alejandro Bodart, del MST, adem\u00e1s de representantes de los Talleres Protegidos del Borda, del Hospital Franc\u00e9s y del Moyano.<br \/>El martes 4 de agosto est\u00e1 previsto un nuevo paro y una marcha hacia el Ministerio de Salud.<\/span><br \/><span style=\"font-family: Verdana\"><b><span style=\"color: #0b5394;font-size: x-small\">DIARIO Z-ROMP\u00c9 EL CERCO INFORMATIVO\/PRODUCCI\u00d3N RIACHUELO<\/span><\/b><\/span><\/p>\n","protected":false},"excerpt":{"rendered":"<p>EN PELIGRO DE EXTINCI\u00d3NPARO CONTRA EL VACIAMIENTO DEL HOSPITAL BORDA&nbsp;Actualizamos la informaci\u00f3nGabriel Catalano.&nbsp;Secretario de ATE Capital, &nbsp;nos dio su testimonio una vez finalizado el paro y movilizaci\u00f3n:EL PARO FUE UN \u00c9XITO EN CONTRA DEL DESGUACEDespu\u00e9s nos cont\u00f3 acerca de la causa judicial por la represi\u00f3n en el Hospital Borda, en donde quedaron imputados varios trabajadoresEL [&hellip;]<\/p>\n","protected":false},"author":4,"featured_media":0,"comment_status":"open","ping_status":"open","sticky":false,"template":"","format":"standard","meta":{"_monsterinsights_skip_tracking":false,"_monsterinsights_sitenote_active":false,"_monsterinsights_sitenote_note":"","_monsterinsights_sitenote_category":0,"jnews-multi-image_gallery":[],"jnews_single_post":{"format":"standard"},"jnews_primary_category":[],"_joinchat":[],"footnotes":""},"categories":[58],"tags":[68,69,148],"class_list":["post-18313","post","type-post","status-publish","format-standard","hentry","category-noticiariachuelo","tag-de-los-trabajadores","tag-salud","tag-trabajo"],"_links":{"self":[{"href":"http:\/\/fmriachuelo.it10.com.ar\/index.php\/wp-json\/wp\/v2\/posts\/18313","targetHints":{"allow":["GET"]}}],"collection":[{"href":"http:\/\/fmriachuelo.it10.com.ar\/index.php\/wp-json\/wp\/v2\/posts"}],"about":[{"href":"http:\/\/fmriachuelo.it10.com.ar\/index.php\/wp-json\/wp\/v2\/types\/post"}],"author":[{"embeddable":true,"href":"http:\/\/fmriachuelo.it10.com.ar\/index.php\/wp-json\/wp\/v2\/users\/4"}],"replies":[{"embeddable":true,"href":"http:\/\/fmriachuelo.it10.com.ar\/index.php\/wp-json\/wp\/v2\/comments?post=18313"}],"version-history":[{"count":1,"href":"http:\/\/fmriachuelo.it10.com.ar\/index.php\/wp-json\/wp\/v2\/posts\/18313\/revisions"}],"predecessor-version":[{"id":23842,"href":"http:\/\/fmriachuelo.it10.com.ar\/index.php\/wp-json\/wp\/v2\/posts\/18313\/revisions\/23842"}],"wp:attachment":[{"href":"http:\/\/fmriachuelo.it10.com.ar\/index.php\/wp-json\/wp\/v2\/media?parent=18313"}],"wp:term":[{"taxonomy":"category","embeddable":true,"href":"http:\/\/fmriachuelo.it10.com.ar\/index.php\/wp-json\/wp\/v2\/categories?post=18313"},{"taxonomy":"post_tag","embeddable":true,"href":"http:\/\/fmriachuelo.it10.com.ar\/index.php\/wp-json\/wp\/v2\/tags?post=18313"}],"curies":[{"name":"wp","href":"https:\/\/api.w.org\/{rel}","templated":true}]}}