{"id":18311,"date":"2015-08-01T18:17:00","date_gmt":"2015-08-01T18:17:00","guid":{"rendered":"http:\/\/fmriachuelo.observatorioess.org.ar\/index.php\/2015\/08\/01\/mnci-apoyo-al-ministerio-de-la-economia-popular\/"},"modified":"2025-05-06T12:11:42","modified_gmt":"2025-05-06T15:11:42","slug":"mnci-apoyo-al-ministerio-de-la-economia-popular","status":"publish","type":"post","link":"http:\/\/fmriachuelo.it10.com.ar\/index.php\/2015\/08\/01\/mnci-apoyo-al-ministerio-de-la-economia-popular\/","title":{"rendered":"MNCI: APOYO AL MINISTERIO DE LA ECONOM\u00cdA POPULAR"},"content":{"rendered":"<div style=\"clear: both;text-align: left\"><span style=\"color: red;font-family: Verdana, sans-serif;font-size: large\"><b>SOMOS TIERRA PARA ALIMENTAR A LOS PUEBLOS<\/b><\/span><\/div>\n<div style=\"clear: both;text-align: center\"><a href=\"http:\/\/1.bp.blogspot.com\/-Tj0Dy8wgot8\/Vb5eA8gFA0I\/AAAAAAAAFtM\/JGctPoKsmT8\/s1600\/comunicamep.jpg\" style=\"clear: left;float: left;margin-bottom: 1em;margin-right: 1em\"><img loading=\"lazy\" decoding=\"async\" border=\"0\" height=\"199\" src=\"http:\/\/1.bp.blogspot.com\/-Tj0Dy8wgot8\/Vb5eA8gFA0I\/AAAAAAAAFtM\/JGctPoKsmT8\/s320\/comunicamep.jpg\" width=\"320\" \/><\/a><\/div>\n<div style=\"text-align: justify\"><span style=\"font-family: Verdana, sans-serif\"><span style=\"font-size: large\"><b><span style=\"font-size: small\">El MNCI apoya y promueve un Ministerio de Econom\u00eda Popular para avanzar hacia la reforma agraria y la soberan\u00eda alimentaria.<\/span><\/b><\/span><br \/>En el marco de un proceso de construcci\u00f3n y unidad para fortalecer la Econom\u00eda Popular como alternativa para los excluidos de la econom\u00eda capitalista formal el Movimiento Nacional Campesino Ind\u00edgena- MNCI junto a otras organizaciones campesinas ind\u00edgenas y de la agricultura familiar participamos del acto en el cual el candidato a Presidente Daniel Scioli se comprometi\u00f3 con la creaci\u00f3n de un Ministerio de la Econom\u00eda Popular y con ponderar en su gesti\u00f3n en caso de ser electo presidente a los trabajadores informales y de la econom\u00eda popular de manera de, seg\u00fan sus propias declaraciones \u201c garantizar que cada campesino tenga su pedazo de tierra \u201c.<\/span><\/div>\n<p><span style=\"font-family: Verdana, sans-serif\"><\/span><br \/><a name='more'><\/a><span style=\"font-family: Verdana, sans-serif\">Desde el MNCI V\u00eda Campesina estamos convencidos de que las transformaciones agrarias son una necesidad no solo de los campesinos sino tambi\u00e9n de toda la clase trabajadora, y que s\u00f3lo ser\u00e1n posible en el marco de una acumulaci\u00f3n de fuerzas sociales y pol\u00edticas que logren integrar al campo popular en el campo y la ciudad. Es por esto que trabajamos fuertemente junto al resto de las organizaciones para construir la econom\u00eda popular como una alternativa al capitalismo financiero privatizador y saqueador.<br \/>Pensamos que un Ministerio de la Econom\u00eda Popular ser\u00e1 una potente herramienta como alternativa econ\u00f3mica inclusiva para acompa\u00f1ar los procesos productivos que nacen de la resistencia y la subsistencia de los sectores populares y promover\u00e1 el trabajo digno y la justicia social a trav\u00e9s de los programas universales conquistados en esta d\u00e9cada, que permitieron mejorar nuestras condiciones y sacar a millones de compa\u00f1eros y compa\u00f1eras de la miseria.<br \/>Como es una propuesta de la lucha que venimos construyendo con distintas organizaciones y movimientos del campo popular somos conscientes de que el Ministerio de la Econom\u00eda Popular ser\u00e1 una gran herramienta en la lucha por la Reforma Agraria y en la construcci\u00f3n de la Soberan\u00eda Alimentaria, y permitir\u00e1 no solo profundizar la lucha por la tierra para que dejen de existir desalojos, sino para avanzar en que no existan campesinos sin tierra.<br \/>Adem\u00e1s tendr\u00e1 la funci\u00f3n de potenciar y fortalecer los procesos productivos de nuestros territorios campesinos ind\u00edgenas, agregando valor en las propias comunidades y construyendo mecanismos de acceso a los mercados populares.<br \/><b>Somos tierra para alimentar a los pueblos.<\/b><\/span><br \/><span style=\"font-family: Verdana\"><\/span><br \/><span style=\"color: blue;font-family: Verdana\"><span style=\"font-family: Verdana,sans-serif\"><span style=\"font-size: x-small\"><b><span style=\"color: #0b5394\">MNCI\/PRODUCCI\u00d3N RIACHUELO<\/span><\/b><\/span><\/span><\/span><\/p>\n","protected":false},"excerpt":{"rendered":"<p>SOMOS TIERRA PARA ALIMENTAR A LOS PUEBLOS El MNCI apoya y promueve un Ministerio de Econom\u00eda Popular para avanzar hacia la reforma agraria y la soberan\u00eda alimentaria.En el marco de un proceso de construcci\u00f3n y unidad para fortalecer la Econom\u00eda Popular como alternativa para los excluidos de la econom\u00eda capitalista formal el Movimiento Nacional Campesino [&hellip;]<\/p>\n","protected":false},"author":4,"featured_media":0,"comment_status":"open","ping_status":"open","sticky":false,"template":"","format":"standard","meta":{"_monsterinsights_skip_tracking":false,"_monsterinsights_sitenote_active":false,"_monsterinsights_sitenote_note":"","_monsterinsights_sitenote_category":0,"jnews-multi-image_gallery":[],"jnews_single_post":{"format":"standard"},"jnews_primary_category":[],"_joinchat":[],"footnotes":""},"categories":[58],"tags":[71,64,94],"class_list":["post-18311","post","type-post","status-publish","format-standard","hentry","category-noticiariachuelo","tag-de-la-tierra","tag-economia-popular","tag-soberania-alimentaria"],"_links":{"self":[{"href":"http:\/\/fmriachuelo.it10.com.ar\/index.php\/wp-json\/wp\/v2\/posts\/18311","targetHints":{"allow":["GET"]}}],"collection":[{"href":"http:\/\/fmriachuelo.it10.com.ar\/index.php\/wp-json\/wp\/v2\/posts"}],"about":[{"href":"http:\/\/fmriachuelo.it10.com.ar\/index.php\/wp-json\/wp\/v2\/types\/post"}],"author":[{"embeddable":true,"href":"http:\/\/fmriachuelo.it10.com.ar\/index.php\/wp-json\/wp\/v2\/users\/4"}],"replies":[{"embeddable":true,"href":"http:\/\/fmriachuelo.it10.com.ar\/index.php\/wp-json\/wp\/v2\/comments?post=18311"}],"version-history":[{"count":1,"href":"http:\/\/fmriachuelo.it10.com.ar\/index.php\/wp-json\/wp\/v2\/posts\/18311\/revisions"}],"predecessor-version":[{"id":23847,"href":"http:\/\/fmriachuelo.it10.com.ar\/index.php\/wp-json\/wp\/v2\/posts\/18311\/revisions\/23847"}],"wp:attachment":[{"href":"http:\/\/fmriachuelo.it10.com.ar\/index.php\/wp-json\/wp\/v2\/media?parent=18311"}],"wp:term":[{"taxonomy":"category","embeddable":true,"href":"http:\/\/fmriachuelo.it10.com.ar\/index.php\/wp-json\/wp\/v2\/categories?post=18311"},{"taxonomy":"post_tag","embeddable":true,"href":"http:\/\/fmriachuelo.it10.com.ar\/index.php\/wp-json\/wp\/v2\/tags?post=18311"}],"curies":[{"name":"wp","href":"https:\/\/api.w.org\/{rel}","templated":true}]}}