{"id":18300,"date":"2015-08-04T13:54:00","date_gmt":"2015-08-04T13:54:00","guid":{"rendered":"http:\/\/fmriachuelo.observatorioess.org.ar\/index.php\/2015\/08\/04\/reabre-el-bar-la-robla\/"},"modified":"2025-05-06T12:34:09","modified_gmt":"2025-05-06T15:34:09","slug":"reabre-el-bar-la-robla","status":"publish","type":"post","link":"http:\/\/fmriachuelo.it10.com.ar\/index.php\/2015\/08\/04\/reabre-el-bar-la-robla\/","title":{"rendered":"REABRE EL BAR LA ROBLA"},"content":{"rendered":"<p><span style=\"color: red;font-family: Verdana, sans-serif;font-size: large\"><b>RECUPERADA<\/b><\/span><\/p>\n<div style=\"clear: both;text-align: justify\"><span><a href=\"http:\/\/3.bp.blogspot.com\/-ZCDM6_7cbjA\/VcDDmQ7Y89I\/AAAAAAAAFxc\/Ra3Lsc9T8QM\/s1600\/larobla.jpg\" style=\"clear: left;float: left;margin-bottom: 1em;margin-right: 1em\"><img loading=\"lazy\" decoding=\"async\" border=\"0\" height=\"132\" src=\"http:\/\/3.bp.blogspot.com\/-ZCDM6_7cbjA\/VcDDmQ7Y89I\/AAAAAAAAFxc\/Ra3Lsc9T8QM\/s200\/larobla.jpg\" width=\"200\" \/><\/a><\/span><\/div>\n<p><span><\/span><\/p>\n<div style=\"text-align: justify\"><span style=\"font-family: Verdana, sans-serif\">La cooperativa de trabajo que administra el bar recuperado La Robla vuelve a reabrir sus puertas luego de que los trabajadores fueran desalojados de su antiguo local. Ornella Nociti, abogada de la Confederaci\u00f3n de los Trabajadores de la Econom\u00eda Popular (CTEP) Capital y representante de los obreros del restaurante nos cuenta sobre la buena noticia.<br \/>Nociti explico que en tres semanas vuelve a abrir \u00abLa Robla\u00bb en Chacacubo 82 entre Yrigoyen y Avenida de Mayo, pleno centro. Esto es un triunfo de los trabajadores \u00abdentro de todo lo que tuvieron que pasar, porque pudieron lograrlo unidos\u00bb.<\/span><br \/><a name='more'><\/a><span style=\"font-family: Verdana, sans-serif\">La abogada record\u00f3 que fueron desalojados por un procedimiento llevado adelante a las 05.30 de la ma\u00f1ana \u00abtodav\u00eda de noche, fue todo muy violento\u00bb y que dentro del local anterior quedaron muchos bienes que los trabajadores quieren como parte de la indemnizaci\u00f3n y en compensaci\u00f3n de sus acreencias laborales. Esa noche, \u00abla polic\u00eda no respet\u00f3 los protocolos, no efect\u00fao el vallado que corresponde y fueron desalojados de manera intempestiva\u00bb explic\u00f3. <\/span><br \/><span style=\"font-family: Verdana, sans-serif\">\u00abLos trabajadores est\u00e1n dentro de una organizaci\u00f3n que los respalda en este proceso y esto ha generado las herramientas para que, sin perjuicio de su uni\u00f3n, pudieran reabrir\u00bb dijo la integrante de la CTEP.<br \/>Tambi\u00e9n habl\u00f3 del anunci\u00f3  del Ministerio de la Econom\u00eda Popular: \u00abno es un invento de Scioli sino que es producto de las luchas de las organizaciones que acompa\u00f1an esas luchas. Deber\u00e1n ser los trabajadores de la econom\u00eda popular quienes se encarguen de llevar adelante este proyecto y conformar este Ministerio\u00bb<\/span><\/div>\n<div style=\"text-align: justify\"><span style=\"font-family: Verdana, sans-serif\"><span style=\"font-size: x-small\"><span style=\"color: #0b5394\"><b>FM RA\u00cdCES\/PRODUCCI\u00d3N RIACHUELO <\/b><\/span><\/span><\/span><\/div>\n<p><span style=\"font-family: inherit\"> <\/span><\/p>\n","protected":false},"excerpt":{"rendered":"<p>RECUPERADA La cooperativa de trabajo que administra el bar recuperado La Robla vuelve a reabrir sus puertas luego de que los trabajadores fueran desalojados de su antiguo local. Ornella Nociti, abogada de la Confederaci\u00f3n de los Trabajadores de la Econom\u00eda Popular (CTEP) Capital y representante de los obreros del restaurante nos cuenta sobre la buena [&hellip;]<\/p>\n","protected":false},"author":4,"featured_media":0,"comment_status":"open","ping_status":"open","sticky":false,"template":"","format":"standard","meta":{"_monsterinsights_skip_tracking":false,"_monsterinsights_sitenote_active":false,"_monsterinsights_sitenote_note":"","_monsterinsights_sitenote_category":0,"jnews-multi-image_gallery":[],"jnews_single_post":{"format":"standard"},"jnews_primary_category":[],"_joinchat":[],"footnotes":""},"categories":[58],"tags":[68,64,148,89],"class_list":["post-18300","post","type-post","status-publish","format-standard","hentry","category-noticiariachuelo","tag-de-los-trabajadores","tag-economia-popular","tag-trabajo","tag-violencia-institucional"],"_links":{"self":[{"href":"http:\/\/fmriachuelo.it10.com.ar\/index.php\/wp-json\/wp\/v2\/posts\/18300","targetHints":{"allow":["GET"]}}],"collection":[{"href":"http:\/\/fmriachuelo.it10.com.ar\/index.php\/wp-json\/wp\/v2\/posts"}],"about":[{"href":"http:\/\/fmriachuelo.it10.com.ar\/index.php\/wp-json\/wp\/v2\/types\/post"}],"author":[{"embeddable":true,"href":"http:\/\/fmriachuelo.it10.com.ar\/index.php\/wp-json\/wp\/v2\/users\/4"}],"replies":[{"embeddable":true,"href":"http:\/\/fmriachuelo.it10.com.ar\/index.php\/wp-json\/wp\/v2\/comments?post=18300"}],"version-history":[{"count":1,"href":"http:\/\/fmriachuelo.it10.com.ar\/index.php\/wp-json\/wp\/v2\/posts\/18300\/revisions"}],"predecessor-version":[{"id":23863,"href":"http:\/\/fmriachuelo.it10.com.ar\/index.php\/wp-json\/wp\/v2\/posts\/18300\/revisions\/23863"}],"wp:attachment":[{"href":"http:\/\/fmriachuelo.it10.com.ar\/index.php\/wp-json\/wp\/v2\/media?parent=18300"}],"wp:term":[{"taxonomy":"category","embeddable":true,"href":"http:\/\/fmriachuelo.it10.com.ar\/index.php\/wp-json\/wp\/v2\/categories?post=18300"},{"taxonomy":"post_tag","embeddable":true,"href":"http:\/\/fmriachuelo.it10.com.ar\/index.php\/wp-json\/wp\/v2\/tags?post=18300"}],"curies":[{"name":"wp","href":"https:\/\/api.w.org\/{rel}","templated":true}]}}