{"id":18299,"date":"2015-07-24T20:30:00","date_gmt":"2015-07-24T20:30:00","guid":{"rendered":"http:\/\/fmriachuelo.observatorioess.org.ar\/index.php\/2015\/07\/24\/caba-la-boca-barrio-catalinas-sur-un-nuevo-caso-de-violencia-de-la-prefectura\/"},"modified":"2025-04-28T15:38:49","modified_gmt":"2025-04-28T18:38:49","slug":"caba-la-boca-barrio-catalinas-sur-un-nuevo-caso-de-violencia-de-la-prefectura","status":"publish","type":"post","link":"http:\/\/fmriachuelo.it10.com.ar\/index.php\/2015\/07\/24\/caba-la-boca-barrio-catalinas-sur-un-nuevo-caso-de-violencia-de-la-prefectura\/","title":{"rendered":"CABA, LA BOCA, BARRIO CATALINAS SUR: UN NUEVO CASO DE VIOLENCIA DE LA PREFECTURA"},"content":{"rendered":"<p><span style=\"font-family: Verdana, sans-serif\">\u00bfQUI\u00c9N PUEDE CUIDAR A NUESTROS PIBES?<br \/><b><span style=\"color: red;font-size: large\">FUERZAS DE INSEGURIDAD Y OCUPACI\u00d3N<\/span><\/b><br \/>CAMBIAR LA POBLACI\u00d3N ES SU MISI\u00d3N<\/span><\/p>\n<div style=\"clear: both;text-align: left\"><span style=\"font-family: Verdana,sans-serif\"><a href=\"http:\/\/1.bp.blogspot.com\/-B4xh3jkrQqM\/VbGg5EINdPI\/AAAAAAAAFlQ\/aZKops0P0rw\/s1600\/catalinas%2Bsur.jpg\" style=\"clear: left;float: left;margin-bottom: 1em;margin-right: 1em\"><img loading=\"lazy\" decoding=\"async\" border=\"0\" height=\"133\" src=\"http:\/\/1.bp.blogspot.com\/-B4xh3jkrQqM\/VbGg5EINdPI\/AAAAAAAAFlQ\/aZKops0P0rw\/s200\/catalinas%2Bsur.jpg\" width=\"200\" \/><\/a><\/span><\/div>\n<div style=\"color: black;margin: 0px;text-align: left\"><span style=\"font-family: Verdana,sans-serif\"><b>Escuch\u00e1 aqu\u00ed la entrevista de ayer en <span style=\"color: red\">ROMP\u00c9 EL CERCO INFORMATIVO<\/span><\/b><\/span><\/div>\n<div style=\"margin: 0px;text-align: left\"><span style=\"font-family: Verdana,sans-serif\"><a href=\"http:\/\/www.mediafire.com\/listen\/rbtd8gd46r2dyim\/07-23-2015_-_ENTREVISTA_A_GISELA%2C_hermana_de_EMILIANO%2C_Detenido_x_defender_a_pibes_q_eran_castigados_por_la_prefectura.mp3\" target=\"_blank\" rel=\"noopener\"><span style=\"color: #0b5394\"><b>GISELLA AGUIRRE &#8211; HERMANA DE EMILIANO<\/b><\/span><\/a><\/span><\/div>\n<div style=\"color: black;margin: 0px;text-align: left\"><span style=\"font-family: Verdana,sans-serif\"><\/span><\/div>\n<div style=\"text-align: left\"><span style=\"font-family: Verdana,sans-serif\"><b>y hoy en <span style=\"color: red\">MATEANDO EN EL RIACHUELO<\/span><\/b><\/span><br \/><span style=\"font-family: Verdana,sans-serif\"><a href=\"http:\/\/www.mediafire.com\/listen\/c1hd8o2ayor96ho\/Gisela_Aguirre_por_Emiliano_24-07-2015.mp3\" target=\"_blank\" rel=\"noopener\"><span style=\"color: #0b5394\"><b>GISELLA AGUIRRE &#8211; HERMANA DE EMILIANO<\/b><\/span><\/a>&nbsp;<\/span><\/div>\n<div style=\"text-align: justify\"><span style=\"font-family: Verdana,sans-serif\"><b><span style=\"font-size: small\">Un nuevo hecho de violencia por parte de la Prefectura Naval Argentina sobre un joven del barrio, una causa armada para encubrirla y la justicia c\u00f3mplice que sin pruebas retiene indebidamente a un menor, que no tiene medios para defenderse.<\/span><\/b><\/span><br \/><a name='more'><\/a><\/div>\n<p><span style=\"font-family: Verdana,sans-serif\"><span style=\"font-size: small\"><span style=\"font-size: small\">Hoy<span style=\"font-size: small\"> s<\/span>ali<span style=\"font-size: small\">\u00f3 <\/span>libre bajo fianza con una causa por robo que se tramita en el Juzgado de menores N\u00b0 3 Secretar\u00eda N\u00b0 9<span style=\"font-size: small\">. La familia <span style=\"font-size: small\">se encuentra preparando <span style=\"font-size: small\">una presentaci<span style=\"font-size: small\">\u00f3n en la Justicia para <span style=\"font-size: small\">denunciar<span style=\"font-size: small\"> este hecho de <\/span><\/span><\/span><\/span><\/span><\/span><\/span><\/span><\/span>violencia institucional.<br \/><span style=\"font-family: Verdana, sans-serif\">Reproducimos la cr\u00f3nica de un hecho que nunca debi\u00f3 haber ocurrido:<\/span><\/p>\n<div style=\"text-align: justify\"><span style=\"font-family: Verdana,sans-serif\">El lunes 20 de julio la <b>Prefectura Naval Argentina<\/b> realiz\u00f3 un procedimiento en la zona del Barrio Catalinas Sur, La Boca, jurisdicci\u00f3n del \u00abCintur\u00f3n Sur\u00bb de la Ciudad de Buenos Aires, bajo su responsabilidad operativa. De acuerdo a lo informado en Tribunales, el producto del operativo fue la detenci\u00f3n y procesamiento de \u00abcinco individuos\u00bb que fueron r\u00e1pidamente imputados por \u00abrobo y lesiones\u00bb con la antip\u00e1tica figura de \u00abresistencia a la autoridad\u00bb.<br \/>El retorno a la \u00abtranquilidad\u00bb de la zona se produce ahora sin la presencia de Emiliano Ulloa, un joven trabajador que se cri\u00f3 en el barrio y vive a pocas cuadras.<br \/>Emiliano est\u00e1 preso. Cuando llegaba del trabajo por el Camino de los Rusos y la v\u00eda, que viene de Puerto Madero, se encontr\u00f3 con un grupo de prefectos que pateaban a un pibito que ya ten\u00edan reducido. <br \/>\u00abEh, amigo, ya est\u00e1, ya lo ten\u00e9s, no le pegues m\u00e1s, dijo Emiliano. \u00abQue carajo te met\u00e9s, pendejo\u00bb contest\u00f3 con un tono que suena habitual, el m\u00e1s ensa\u00f1ado, mientras pisaba al pibito ya indefenso, en el piso. \u00abSi le segu\u00eds pegando, te filmo\u00bb insisti\u00f3 Emiliano.<br \/>No hubo ni un momento de reflexi\u00f3n. Miles de puteadas de autoritaria costumbre acompa\u00f1aron la r\u00e1pida y cobarde agresi\u00f3n.<br \/>Ya reducido y boca abajo, Emiliano fue arrastrado hasta la caseta que est\u00e1 en la esquina de av. Brasil, en la subida a la Autopista a La Plata. Le aplicaron impiadosas atadas en los test\u00edculos, golpes en el h\u00edgado y los ri\u00f1ones. <br \/>Emiliano sigue preso el dia de hoy, tras haber pasado por la base de la Prefectura en Arist\u00f3bulo del Valle y Caboto, la Comisar\u00eda 24\u00ba -que est\u00e1 en obra y no tiene lugar de detenci\u00f3n- y la Comisar\u00eda 30\u00ba, donde excedidos los plazos legales lo enviaron a la Alcald\u00eda de Tribunales. <br \/>Todo por una causa armada por la Prefectura para ocultar la paliza y su violento proceder con los pibes del barrio. <br \/>El Juzgado N\u00ba 3 de Menores, a cargo de Julia Morona Sanchiz, Secretar\u00eda 9, a cargo de Syra Loyola, todos doctores de derecho, y a la vista de una causa fraguada a m\u00e1s no poder, no dictaron una excarcelaci\u00f3n que debi\u00f3 ser autom\u00e1tica e inmediata.<br \/>Los tiempos judiciales, inmemoriales e irrespetuosos de la dignidad humana, tienen preso a Emiliano Andres Ulloa Aguirre. Tiene 26 a\u00f1os y fue a la Escuela N\u00ba 8. El \u00abD\u00eda del Amigo\u00bb ven\u00eda de su trabajo como ayudante de cocina con comida para compartir con sus amigos y sus primos, que son amigos de sus amigos. Iba en bicicleta. Par\u00f3 a ver como golpeaban a un pibito. Tarde o temprano lo van a largar. No hay motivo, no hay culpable, hay una causa armada. Hay una justicia c\u00f3mplice y clasista que tiene preso a un joven trabajador por nada y deber\u00e1 responder por su protecci\u00f3n al accionar de la fuerza de Inseguridad, que lleg\u00f3 como una esperanza y permanece en el barrio para llenarlo de miedo.<br \/>Estando preso una asistente social que lo visit\u00f3 le pregunt\u00f3 en que se hab\u00eda metido. \u00abPorque los principios no se negocian\u00bb dijo.<br \/>Hoy, jueves 23 de julio  es el cumplea\u00f1os de su mama, Stella Maris que dice: \u00abLe doy gracias a mi hijo por llevar en alto las banderas de la familia\u00bb. <br \/>Stella es parte del Grupo de Teatro Catalinas Sur, desde hace 15 a\u00f1os. La fiesta iba a ser el s\u00e1bado. Ahora ser\u00e1 cuando lo larguen a \u00abJuampi\u00bb como se llama el personaje que Emiliano hizo en \u00abEl Fulgor Argentino\u00bb, cuando todav\u00eda no hab\u00eda Prefectura en el barrio. <br \/>Las marcas de los golpes se van a ir, pero el esc\u00e1ndalo de ocultar tras una mentira el violento proceder de la Prefectura no lo vamos a olvidar. <br \/>Buscamos testigos de los hechos, en especial a las chicas que filmaron de lejos el episodio.<br \/>\u00abQueremos justicia\u00bb<\/span><br \/><span style=\"font-family: Verdana,sans-serif\"><span style=\"color: #0b5394\"><span style=\"font-size: x-small\"><b>FAMILIA DE EMILIANO ANDR\u00c9S\/PRODUCCI\u00d3N RIACHUELO <\/b><\/span><\/span><\/span><\/div>\n","protected":false},"excerpt":{"rendered":"<p>\u00bfQUI\u00c9N PUEDE CUIDAR A NUESTROS PIBES?FUERZAS DE INSEGURIDAD Y OCUPACI\u00d3NCAMBIAR LA POBLACI\u00d3N ES SU MISI\u00d3N Escuch\u00e1 aqu\u00ed la entrevista de ayer en ROMP\u00c9 EL CERCO INFORMATIVO GISELLA AGUIRRE &#8211; HERMANA DE EMILIANO y hoy en MATEANDO EN EL RIACHUELOGISELLA AGUIRRE &#8211; HERMANA DE EMILIANO&nbsp; Un nuevo hecho de violencia por parte de la Prefectura Naval [&hellip;]<\/p>\n","protected":false},"author":4,"featured_media":0,"comment_status":"open","ping_status":"open","sticky":false,"template":"","format":"standard","meta":{"_monsterinsights_skip_tracking":false,"_monsterinsights_sitenote_active":false,"_monsterinsights_sitenote_note":"","_monsterinsights_sitenote_category":0,"jnews-multi-image_gallery":[],"jnews_single_post":{"format":"standard"},"jnews_primary_category":[],"_joinchat":[],"footnotes":""},"categories":[58],"tags":[147,89],"class_list":["post-18299","post","type-post","status-publish","format-standard","hentry","category-noticiariachuelo","tag-habitat","tag-violencia-institucional"],"_links":{"self":[{"href":"http:\/\/fmriachuelo.it10.com.ar\/index.php\/wp-json\/wp\/v2\/posts\/18299","targetHints":{"allow":["GET"]}}],"collection":[{"href":"http:\/\/fmriachuelo.it10.com.ar\/index.php\/wp-json\/wp\/v2\/posts"}],"about":[{"href":"http:\/\/fmriachuelo.it10.com.ar\/index.php\/wp-json\/wp\/v2\/types\/post"}],"author":[{"embeddable":true,"href":"http:\/\/fmriachuelo.it10.com.ar\/index.php\/wp-json\/wp\/v2\/users\/4"}],"replies":[{"embeddable":true,"href":"http:\/\/fmriachuelo.it10.com.ar\/index.php\/wp-json\/wp\/v2\/comments?post=18299"}],"version-history":[{"count":1,"href":"http:\/\/fmriachuelo.it10.com.ar\/index.php\/wp-json\/wp\/v2\/posts\/18299\/revisions"}],"predecessor-version":[{"id":23814,"href":"http:\/\/fmriachuelo.it10.com.ar\/index.php\/wp-json\/wp\/v2\/posts\/18299\/revisions\/23814"}],"wp:attachment":[{"href":"http:\/\/fmriachuelo.it10.com.ar\/index.php\/wp-json\/wp\/v2\/media?parent=18299"}],"wp:term":[{"taxonomy":"category","embeddable":true,"href":"http:\/\/fmriachuelo.it10.com.ar\/index.php\/wp-json\/wp\/v2\/categories?post=18299"},{"taxonomy":"post_tag","embeddable":true,"href":"http:\/\/fmriachuelo.it10.com.ar\/index.php\/wp-json\/wp\/v2\/tags?post=18299"}],"curies":[{"name":"wp","href":"https:\/\/api.w.org\/{rel}","templated":true}]}}