{"id":18297,"date":"2015-07-26T14:00:00","date_gmt":"2015-07-26T14:00:00","guid":{"rendered":"http:\/\/fmriachuelo.observatorioess.org.ar\/index.php\/2015\/07\/26\/cuba-un-nuevo-aniversario-del-asalto-al-cuartel-de-la-moncada\/"},"modified":"2025-04-28T15:42:59","modified_gmt":"2025-04-28T18:42:59","slug":"cuba-un-nuevo-aniversario-del-asalto-al-cuartel-de-la-moncada","status":"publish","type":"post","link":"http:\/\/fmriachuelo.it10.com.ar\/index.php\/2015\/07\/26\/cuba-un-nuevo-aniversario-del-asalto-al-cuartel-de-la-moncada\/","title":{"rendered":"CUBA: UN NUEVO ANIVERSARIO DEL ASALTO AL CUARTEL DE LA MONCADA"},"content":{"rendered":"<p><span style=\"color: red;font-family: Verdana, sans-serif;font-size: large\"><b>GESTA HIST\u00d3RIC<span style=\"font-size: large\">A<\/span><\/b><\/span><br \/><span style=\"font-family: Verdana, sans-serif;font-size: small\">\u00abEL MONCADA NOS ENSE\u00d1\u00d3 A CONVERTIR LOS REVESES EN VICTORIAS\u00bb <\/span><br \/><span style=\"color: red;font-family: Verdana, sans-serif;font-size: large\"><b style=\"clear: left;float: left;margin-bottom: 1em;margin-right: 1em\"><img loading=\"lazy\" decoding=\"async\" border=\"0\" height=\"180\" src=\"http:\/\/4.bp.blogspot.com\/-AEljPTXuxDI\/VbTwbY7WUYI\/AAAAAAAAFmQ\/BP3IoZvMZC8\/s320\/moncada.jpg\" width=\"320\" \/><\/b><\/span><span style=\"font-family: Verdana, sans-serif\"><\/span><\/p>\n<div style=\"text-align: justify\"><span style=\"font-family: Verdana, sans-serif\">Los cubanos conmemoraron este domingo los 62 a\u00f1os del asalto al Cuartel Moncada con un gran evento que se realiz\u00f3 en Santiago de Cuba (provincia oriental) ese mismo lugar donde se desarroll\u00f3 la gesta hist\u00f3rica de la juventud cubana, la cual dio origen a la Revoluci\u00f3n.<\/span><\/p>\n<p><span style=\"font-family: Verdana, sans-serif\"><span style=\"font-family: Times New Roman\"> <\/span><\/span><\/div>\n<p><span style=\"font-family: Verdana, sans-serif\"><\/span><\/p>\n<div style=\"text-align: justify\"><span style=\"font-family: Verdana, sans-serif\">Fue una acci\u00f3n cuyo objetivo era desencadenar la lucha armada contra la dictadura de <\/span><span style=\"font-family: Verdana, sans-serif\">Fulgencio Batista<\/span><span style=\"font-family: Verdana, sans-serif\"> (<\/span><span style=\"font-family: Verdana, sans-serif\">1952<\/span><span style=\"font-family: Verdana, sans-serif\">&#8211;<\/span><span style=\"font-family: Verdana, sans-serif\">1958<\/span><span style=\"font-family: Verdana, sans-serif\">). Un grupo de j\u00f3venes, liderados por <\/span><span style=\"font-family: Verdana, sans-serif\">Fidel Castro<\/span><span style=\"font-family: Verdana, sans-serif\">, se colocaron a la vanguardia de la lucha por la verdadera independencia de <\/span><span style=\"font-family: Verdana, sans-serif\">Cuba<\/span><span style=\"font-family: Verdana, sans-serif\">. En el a\u00f1o del centenario del h\u00e9roe nacional <\/span><span style=\"font-family: Verdana, sans-serif\">Jos\u00e9 Mart\u00ed<\/span><span style=\"font-family: Verdana, sans-serif\">, el <\/span><span style=\"font-family: Verdana, sans-serif\">26 de julio<\/span><span style=\"font-family: Verdana, sans-serif\"> de <\/span><span style=\"font-family: Verdana, sans-serif\">1953<\/span><span style=\"font-family: Verdana, sans-serif\"> ellos protagonizaron el asalto a los Cuarteles <\/span><span style=\"font-family: Verdana, sans-serif\">Moncada<\/span><span style=\"font-family: Verdana, sans-serif\"> y <\/span><span style=\"font-family: Verdana, sans-serif\">Carlos Manuel de C\u00e9spedes<\/span><span style=\"font-family: Verdana, sans-serif\">, en <\/span><span style=\"font-family: Verdana, sans-serif\">Santiago de Cuba<\/span><span style=\"font-family: Verdana, sans-serif\"> y <\/span><span style=\"font-family: Verdana, sans-serif\">Bayamo<\/span><span style=\"font-family: Verdana, sans-serif\"> respectivamente.&nbsp; <\/span><br \/><a name='more'><\/a><span style=\"font-family: Verdana, sans-serif\">En la madrugada de ese d\u00eda, 135 combatientes, vestidos con uniformes del Ej\u00e9rcito y dirigidos por Fidel, precisaban el plan de ataque. Se organizaron en tres grupos, el primero de los cuales, con Fidel al frente, atacar\u00eda la fortaleza. Los otros dos grupos, mandados respectivamente por Abel Santamar\u00eda \u2014segundo jefe del movimiento\u2014 y <\/span><span style=\"font-family: Verdana, sans-serif\">Ra\u00fal Castro<\/span><span style=\"font-family: Verdana, sans-serif\">, tratar\u00edan de tomar dos importantes edificios contiguos al cuartel: el Hospital Civil, donde se atender\u00eda a los heridos, y el Palacio de Justicia, donde radicaba la Audiencia, desde cuya azotea apoyar\u00edan la acci\u00f3n principal.<br \/> A pesar de su derroche de valent\u00eda y dignidad, los asaltantes -inferiores en n\u00famero y armas- no pudieron tomar la fortaleza. La orden del dictador fue eliminar a diez revolucionarios por cada soldado del r\u00e9gimen muerto en combate. La masacre se generaliz\u00f3 y fueron asesinados la mayor\u00eda de los asaltantes. Los sobrevivientes fueron detenidos tras feroz cacer\u00eda, enjuiciados y condenados a prisi\u00f3n.<br \/>Los antecedentes de esta acci\u00f3n se encuentran en: <br \/>La  precaria situaci\u00f3n del pa\u00eds   en temas   vitales como la salud, la educaci\u00f3n y el trabajo. Las clases pobres no ten\u00edan acceso a los medios de vida indispensables y sufr\u00edan todo tipo de maltratos y vejaciones. Un triste panorama empa\u00f1aba la vida del cubano com\u00fan.&nbsp; <br \/>El control, la amenaza y la represi\u00f3n policial se hicieron sentir ante la m\u00e1s m\u00ednima intolerancia de la oposici\u00f3n, aun las que propugnaban soluciones pac\u00edficas. La crisis pol\u00edtica apuntaba aceleradamente a un callej\u00f3n sin salida.&nbsp; <br \/>Porque se hizo est\u00e1 acci\u00f3n en este lugar?<br \/>El cuartel Guillerm\u00f3n Moncada, en el a\u00f1o <\/span><span style=\"font-family: Verdana, sans-serif\">1953<\/span><span style=\"font-family: Verdana, sans-serif\"> era la sede del regimiento n\u00famero 1 de la \u00ab<\/span><span style=\"font-family: Verdana, sans-serif\">Antonio Maceo<\/span><span style=\"font-family: Verdana, sans-serif\">\u00bb en la ciudad de <\/span><span style=\"font-family: Verdana, sans-serif\">Santiago de Cuba<\/span><span style=\"font-family: Verdana, sans-serif\">, capital de la provincia de <\/span><span style=\"font-family: Verdana, sans-serif\">Oriente<\/span><span style=\"font-family: Verdana, sans-serif\">. Por su importancia, el Moncada era la segunda fortaleza militar del pa\u00eds, ocupada por unos mil hombres. Su lejan\u00eda de <\/span><span style=\"font-family: Verdana, sans-serif\">La Habana<\/span><span style=\"font-family: Verdana, sans-serif\"> dificultaba el env\u00edo de ayuda. Adem\u00e1s, Santiago se hallaba situada en la costa sur, junto al mar, y rodeada de monta\u00f1as.<br \/>El plan se elabor\u00f3 en absoluto secreto. Adem\u00e1s de Fidel, solamente lo conoc\u00edan dos compa\u00f1eros de la direcci\u00f3n del movimiento y su responsable en Santiago de Cuba. Los dem\u00e1s sab\u00edan que se iba a realizar un combate decisivo, pero ignoraban cual era exactamente \u00e9ste.<br \/>En su hist\u00f3rico alegato en el juicio por los asaltos a los cuarteles Moncada, y <\/span><span style=\"font-family: Verdana, sans-serif\">Carlos Manuel de C\u00e9spedes<\/span><span style=\"font-family: Verdana, sans-serif\">, <\/span><span style=\"font-family: Verdana, sans-serif\">Fidel Castro<\/span><span style=\"font-family: Verdana, sans-serif\"> se\u00f1alaba como razones para una revoluci\u00f3n en <\/span><span style=\"font-family: Verdana, sans-serif\">Cuba<\/span><span style=\"font-family: Verdana, sans-serif\">, la crisis de las instituciones pol\u00edticas y los grav\u00edsimos problemas sociales existentes, agravados todos por el ilegal golpe de estado del <\/span><span style=\"font-family: Verdana, sans-serif\">10 de marzo<\/span><span style=\"font-family: Verdana, sans-serif\"> de <\/span><span style=\"font-family: Verdana, sans-serif\">1952<\/span><span style=\"font-family: Verdana, sans-serif\">.<br \/>El asalto al cuartela Moncada termin\u00f3 en una derrota militar; sin embargo, tuvo una trascendencia extraordinaria para el pueblo cubano y para el movimiento de liberaci\u00f3n nacional que se iniciaba.<br \/>Como expres\u00f3 Fidel: \u201cEl Moncada nos ense\u00f1\u00f3 a convertir los reveses en victorias.\u201d<br \/>La Historia me absolver\u00e1 constituye el alegato de autodefensa de <\/span><span style=\"font-family: Verdana, sans-serif\">Fidel Castro<\/span><span style=\"font-family: Verdana, sans-serif\"> ante el juicio en su contra comenzado el <\/span><span style=\"font-family: Verdana, sans-serif\">16 de octubre<\/span><span style=\"font-family: Verdana, sans-serif\"> de <\/span><span style=\"font-family: Verdana, sans-serif\">1953<\/span><span style=\"font-family: Verdana, sans-serif\"> por los asaltos a los cuarteles <\/span><span style=\"font-family: Verdana, sans-serif\">Moncada<\/span><span style=\"font-family: Verdana, sans-serif\"> y <\/span><span style=\"font-family: Verdana, sans-serif\">Carlos Manuel de C\u00e9spedes<\/span><span style=\"font-family: Verdana, sans-serif\">, en <\/span><span style=\"font-family: Verdana, sans-serif\">Santiago de Cuba<\/span><span style=\"font-family: Verdana, sans-serif\"> y <\/span><span style=\"font-family: Verdana, sans-serif\">Bayamo<\/span><span style=\"font-family: Verdana, sans-serif\"> respectivamente, sucedidos el <\/span><span style=\"font-family: Verdana, sans-serif\">26 de julio<\/span><span style=\"font-family: Verdana, sans-serif\"> de ese mismo a\u00f1o. All\u00ed se lo escuch\u00f3 decir:<br \/>Se\u00f1ores magistrados:<br \/> Nunca un abogado ha tenido que ejercer su oficio en tan dif\u00edciles condiciones; nunca contra un acusado se hab\u00eda cometido tal c\u00famulo de abrumadoras irregularidades. Uno y otro, son en este caso la misma persona. Como abogado, no ha podido ni tan siquiera ver el sumario y, como acusado, hace hoy setenta y seis d\u00edas que est\u00e1 encerrado en una celda solitaria, total y absolutamente incomunicado, por encima de todas las prescripciones humanas y legales<\/span><br \/><span style=\"font-family: Verdana, sans-serif\"><\/span><\/p>\n<div style=\"text-align: justify\"><span style=\"font-family: Verdana, sans-serif\"><span style=\"font-family: Times New Roman\"> <\/span><\/span><\/div>\n<p><span style=\"font-family: Verdana, sans-serif\"><\/span><\/p>\n<div style=\"text-align: justify\"><span style=\"font-family: Verdana,sans-serif\"><span style=\"font-size: x-small\"><b><span style=\"color: #0b5394\">TELESUR-ECURED\/PRODUCCI\u00d3N RIACHUELO<\/span><\/b><\/span><\/span><\/div>\n<\/div>\n","protected":false},"excerpt":{"rendered":"<p>GESTA HIST\u00d3RICA\u00abEL MONCADA NOS ENSE\u00d1\u00d3 A CONVERTIR LOS REVESES EN VICTORIAS\u00bb Los cubanos conmemoraron este domingo los 62 a\u00f1os del asalto al Cuartel Moncada con un gran evento que se realiz\u00f3 en Santiago de Cuba (provincia oriental) ese mismo lugar donde se desarroll\u00f3 la gesta hist\u00f3rica de la juventud cubana, la cual dio origen a [&hellip;]<\/p>\n","protected":false},"author":4,"featured_media":0,"comment_status":"open","ping_status":"open","sticky":false,"template":"","format":"standard","meta":{"_monsterinsights_skip_tracking":false,"_monsterinsights_sitenote_active":false,"_monsterinsights_sitenote_note":"","_monsterinsights_sitenote_category":0,"jnews-multi-image_gallery":[],"jnews_single_post":{"format":"standard"},"jnews_primary_category":[],"_joinchat":[],"footnotes":""},"categories":[58],"tags":[70,72],"class_list":["post-18297","post","type-post","status-publish","format-standard","hentry","category-noticiariachuelo","tag-de-la-patria-grande","tag-historia-de-la-lucha-de-los-pueblos"],"_links":{"self":[{"href":"http:\/\/fmriachuelo.it10.com.ar\/index.php\/wp-json\/wp\/v2\/posts\/18297","targetHints":{"allow":["GET"]}}],"collection":[{"href":"http:\/\/fmriachuelo.it10.com.ar\/index.php\/wp-json\/wp\/v2\/posts"}],"about":[{"href":"http:\/\/fmriachuelo.it10.com.ar\/index.php\/wp-json\/wp\/v2\/types\/post"}],"author":[{"embeddable":true,"href":"http:\/\/fmriachuelo.it10.com.ar\/index.php\/wp-json\/wp\/v2\/users\/4"}],"replies":[{"embeddable":true,"href":"http:\/\/fmriachuelo.it10.com.ar\/index.php\/wp-json\/wp\/v2\/comments?post=18297"}],"version-history":[{"count":1,"href":"http:\/\/fmriachuelo.it10.com.ar\/index.php\/wp-json\/wp\/v2\/posts\/18297\/revisions"}],"predecessor-version":[{"id":23816,"href":"http:\/\/fmriachuelo.it10.com.ar\/index.php\/wp-json\/wp\/v2\/posts\/18297\/revisions\/23816"}],"wp:attachment":[{"href":"http:\/\/fmriachuelo.it10.com.ar\/index.php\/wp-json\/wp\/v2\/media?parent=18297"}],"wp:term":[{"taxonomy":"category","embeddable":true,"href":"http:\/\/fmriachuelo.it10.com.ar\/index.php\/wp-json\/wp\/v2\/categories?post=18297"},{"taxonomy":"post_tag","embeddable":true,"href":"http:\/\/fmriachuelo.it10.com.ar\/index.php\/wp-json\/wp\/v2\/tags?post=18297"}],"curies":[{"name":"wp","href":"https:\/\/api.w.org\/{rel}","templated":true}]}}