{"id":18296,"date":"2015-07-27T00:30:00","date_gmt":"2015-07-27T00:30:00","guid":{"rendered":"http:\/\/fmriachuelo.observatorioess.org.ar\/index.php\/2015\/07\/27\/masacre-de-curuguaty-manana-se-inicia-el-juicio-a-los-campesinos\/"},"modified":"2025-04-28T15:50:07","modified_gmt":"2025-04-28T18:50:07","slug":"masacre-de-curuguaty-manana-se-inicia-el-juicio-a-los-campesinos","status":"publish","type":"post","link":"http:\/\/fmriachuelo.it10.com.ar\/index.php\/2015\/07\/27\/masacre-de-curuguaty-manana-se-inicia-el-juicio-a-los-campesinos\/","title":{"rendered":"MASACRE DE CURUGUATY: MA\u00d1ANA SE INICIA EL JUICIO A LOS CAMPESINOS"},"content":{"rendered":"<p><span style=\"font-size: large\"><span style=\"color: red\"><b><span style=\"font-family: Verdana,sans-serif\">\u00bfSER\u00c1 JUSTICIA?<\/span><\/b><\/span><\/span><br \/><span style=\"font-size: small\"><span style=\"font-family: Verdana,sans-serif\">DIFUNDIMOS COMUNICADO DEL SERPAJ PARAGUAY<\/span><\/span><span style=\"color: red;font-family: Verdana, sans-serif;font-size: large\"><b><br \/><\/b><\/span><\/p>\n<table align=\"center\" cellpadding=\"0\" cellspacing=\"0\" style=\"float: left;margin-right: 1em;text-align: left\">\n<tbody>\n<tr>\n<td style=\"text-align: center\"><a href=\"http:\/\/2.bp.blogspot.com\/-QzQQxXZDT-4\/VbV6yJcSI_I\/AAAAAAAAFmk\/1QZ6SqYrqiE\/s1600\/procesados.jpg\" style=\"margin-left: auto;margin-right: auto\"><img loading=\"lazy\" decoding=\"async\" border=\"0\" height=\"48\" src=\"http:\/\/2.bp.blogspot.com\/-QzQQxXZDT-4\/VbV6yJcSI_I\/AAAAAAAAFmk\/1QZ6SqYrqiE\/s200\/procesados.jpg\" width=\"200\" \/><\/a><\/td>\n<\/tr>\n<tr align=\"left\">\n<td><span style=\"font-family: Verdana, sans-serif\">Campesinos procesados<\/span><\/td>\n<\/tr>\n<\/tbody>\n<\/table>\n<div style=\"text-align: justify\"><span style=\"font-family: Verdana, sans-serif\">S\u00f3lo restan horas para el inicio del Juicio Oral y P\u00fablico a los campesinos y campesinas \u00fanicos procesados por la masacre de Curuguaty que deriv\u00f3 en la muerte de 17 compatriotas, 11 campesinos y 6 polic\u00edas.<\/span><br \/><a name='more'><\/a><span style=\"font-family: Verdana, sans-serif\">Ante dicho acontecimiento, el Servicio Paz y Justicia Paraguay, comprometido profundamente con los principios y pr\u00e1cticas de la cultura de paz, de la noviolencia activa, la democracia y los derechos humanos, reclama y exige a las autoridades responsables de llevar adelante el juicio oral y p\u00fablico:<\/span><br \/><span style=\"font-family: Verdana, sans-serif\">Desarrollar un juicio claro, imparcial y justo mediante la aplicaci\u00f3n puntual de las distintas normas constitucionales y penales que apuntan a prevenir tanto la violencia social y privada, como la violencia abusiva y discrecional del Estado. <br \/>Direccionar la intervenci\u00f3n estatal al cumplimiento objetivo de reglas y derechos que aseguren una sanci\u00f3n penal que se caracterice por su legitimidad y racionalidad. Hasta ahora la acusaci\u00f3n se ha caracterizado por errores estructurales, tanto en el procedimiento efectuado para la investigaci\u00f3n del hecho como en vicios que afectan aspectos sustanciales del debido proceso que no garantizan un juicio justo. <\/span><br \/><span style=\"font-family: Verdana, sans-serif\">Valorar con perspectiva de derechos la trascendencia de la decisi\u00f3n considerando que fuera de los l\u00edmites planteados por disposiciones claras y concretas de las normativas en vigor, la violencia penal no s\u00f3lo se vuelve ileg\u00edtima, abusiva e injustificable sino que impide instaurar una comunidad de derecho e imposibilita avanzar hacia una cultura de paz. No hay futuro de paz cuando prevalece la impunidad, el olvido y la legitimaci\u00f3n de la violencia como fundamento de un r\u00e9gimen pol\u00edtico. <br \/>Apostar por una decidida y firme convicci\u00f3n de que la plena vigencia de los principios y valores de la democracia, los derechos humanos y la cultura de paz, es el camino v\u00e1lido para sostener una sociedad donde el reconocimiento de la dignidad de la vida se constituya en el fundamento del contrato social. Este contrato es, al mismo tiempo, fr\u00e1gil y fuerte; el Derecho aporta a su fortalecimiento cuando se rige por la palabra justa; su perversi\u00f3n por la impunidad, disgrega el tejido social y habilita al crimen impune para que instaure su l\u00f3gica. En la decisi\u00f3n sobre el caso Marina Kue se juega el porvenir de nuestros mejores sue\u00f1os democr\u00e1ticos y por ello el Servicio Paz y Justicia, Paraguay insiste y reitera a las autoridades responsables a que el juicio sea claro, imparcial y justo.&nbsp; <br \/>Desde estos reclamos y exigencias, el Servicio Paz y Justicia Paraguay, se une a todas las personas y organizaciones, tanto locales como internacionales que se constituyen en una solidaria red por la verdad y la justicia en torno al caso de la masacre en Marina Kue.<br \/>SERVICIO PAZ Y JUSTICIA PARAGUAY<\/span><\/div>\n<div style=\"text-align: justify\"><span style=\"font-family: Verdana\">Lee la info de la situaci\u00f3n en nuestro enlace:<\/span><\/div>\n<div style=\"text-align: justify\"><a href=\"http:\/\/www.fmriachuelo.com.ar\/2015\/07\/paraguay-masacre-de-curuguaty.html\"><span style=\"font-family: Verdana, sans-serif\">http:\/\/www.fmriachuelo.com.ar\/2015\/07\/paraguay-masacre-de-curuguaty.html<\/span><\/a><\/div>\n","protected":false},"excerpt":{"rendered":"<p>\u00bfSER\u00c1 JUSTICIA?DIFUNDIMOS COMUNICADO DEL SERPAJ PARAGUAY Campesinos procesados S\u00f3lo restan horas para el inicio del Juicio Oral y P\u00fablico a los campesinos y campesinas \u00fanicos procesados por la masacre de Curuguaty que deriv\u00f3 en la muerte de 17 compatriotas, 11 campesinos y 6 polic\u00edas.Ante dicho acontecimiento, el Servicio Paz y Justicia Paraguay, comprometido profundamente con [&hellip;]<\/p>\n","protected":false},"author":4,"featured_media":0,"comment_status":"open","ping_status":"open","sticky":false,"template":"","format":"standard","meta":{"_monsterinsights_skip_tracking":false,"_monsterinsights_sitenote_active":false,"_monsterinsights_sitenote_note":"","_monsterinsights_sitenote_category":0,"jnews-multi-image_gallery":[],"jnews_single_post":{"format":"standard"},"jnews_primary_category":[],"_joinchat":[],"footnotes":""},"categories":[58],"tags":[174,70,71],"class_list":["post-18296","post","type-post","status-publish","format-standard","hentry","category-noticiariachuelo","tag-cultura-originaria","tag-de-la-patria-grande","tag-de-la-tierra"],"_links":{"self":[{"href":"http:\/\/fmriachuelo.it10.com.ar\/index.php\/wp-json\/wp\/v2\/posts\/18296","targetHints":{"allow":["GET"]}}],"collection":[{"href":"http:\/\/fmriachuelo.it10.com.ar\/index.php\/wp-json\/wp\/v2\/posts"}],"about":[{"href":"http:\/\/fmriachuelo.it10.com.ar\/index.php\/wp-json\/wp\/v2\/types\/post"}],"author":[{"embeddable":true,"href":"http:\/\/fmriachuelo.it10.com.ar\/index.php\/wp-json\/wp\/v2\/users\/4"}],"replies":[{"embeddable":true,"href":"http:\/\/fmriachuelo.it10.com.ar\/index.php\/wp-json\/wp\/v2\/comments?post=18296"}],"version-history":[{"count":1,"href":"http:\/\/fmriachuelo.it10.com.ar\/index.php\/wp-json\/wp\/v2\/posts\/18296\/revisions"}],"predecessor-version":[{"id":23817,"href":"http:\/\/fmriachuelo.it10.com.ar\/index.php\/wp-json\/wp\/v2\/posts\/18296\/revisions\/23817"}],"wp:attachment":[{"href":"http:\/\/fmriachuelo.it10.com.ar\/index.php\/wp-json\/wp\/v2\/media?parent=18296"}],"wp:term":[{"taxonomy":"category","embeddable":true,"href":"http:\/\/fmriachuelo.it10.com.ar\/index.php\/wp-json\/wp\/v2\/categories?post=18296"},{"taxonomy":"post_tag","embeddable":true,"href":"http:\/\/fmriachuelo.it10.com.ar\/index.php\/wp-json\/wp\/v2\/tags?post=18296"}],"curies":[{"name":"wp","href":"https:\/\/api.w.org\/{rel}","templated":true}]}}