{"id":18294,"date":"2015-07-27T17:12:00","date_gmt":"2015-07-27T17:12:00","guid":{"rendered":"http:\/\/fmriachuelo.observatorioess.org.ar\/index.php\/2015\/07\/27\/se-firmo-acta-de-compromiso-para-la-creacion-del-ministerio-de-la-economia-popular\/"},"modified":"2025-04-28T15:46:22","modified_gmt":"2025-04-28T18:46:22","slug":"se-firmo-acta-de-compromiso-para-la-creacion-del-ministerio-de-la-economia-popular","status":"publish","type":"post","link":"http:\/\/fmriachuelo.it10.com.ar\/index.php\/2015\/07\/27\/se-firmo-acta-de-compromiso-para-la-creacion-del-ministerio-de-la-economia-popular\/","title":{"rendered":"SE FIRM\u00d3 ACTA DE COMPROMISO PARA LA CREACI\u00d3N DEL MINISTERIO DE LA ECONOM\u00cdA POPULAR"},"content":{"rendered":"<div style=\"text-align: center\">\n<div style=\"text-align: left\">\n<div style=\"text-align: justify\"><span style=\"font-family: Verdana, sans-serif\">ACTA COMPROMISO ENTRE SCIOLI Y LAS ORGANIZACIONES POPULARES<\/span><\/div>\n<\/div>\n<div style=\"text-align: left\">\n<div style=\"text-align: justify\"><strong><span style=\"color: red;font-family: Verdana, sans-serif;font-size: large\">MINISTERIO DE LA ECONOM\u00cdA POPULAR<\/span><\/strong><\/div>\n<\/div>\n<\/div>\n<div style=\"clear: both;text-align: left\"><a href=\"http:\/\/3.bp.blogspot.com\/-okCmx6UiJQ8\/VbZhmGG4ywI\/AAAAAAAAFm8\/YfCjDn7A7L8\/s1600\/scioli.jpg\" style=\"clear: left;float: left;margin-bottom: 1em;margin-right: 1em;text-align: justify\"><span style=\"font-family: Verdana, sans-serif\"><img loading=\"lazy\" decoding=\"async\" border=\"0\" height=\"116\" src=\"http:\/\/3.bp.blogspot.com\/-okCmx6UiJQ8\/VbZhmGG4ywI\/AAAAAAAAFm8\/YfCjDn7A7L8\/s200\/scioli.jpg\" width=\"200\" \/><\/span><\/a><\/div>\n<div style=\"text-align: left\"><b style=\"color: #0b5394\"><span style=\"font-family: Verdana, sans-serif\">ESCUCH\u00c1 AQU\u00cd A:<\/span><\/b><\/div>\n<div style=\"margin: 0cm 0cm 10pt\">\n<div style=\"text-align: left\">\n<div style=\"text-align: left\">\n<div style=\"text-align: left\"><span style=\"color: #0b5394;font-family: Verdana, sans-serif\"><b><a href=\"http:\/\/www.mediafire.com\/listen\/hoo6b2sodqpzqad\/MURUA_-_ACTA_COMPROMISO_CON_SCIOLI_POR_MINISTERIO_DE_LA_ECONOM%C3%8DA_POPULAR%282%29.mp3\">EDUARDO MUR\u00daA &#8211; EMPRESA RECUPERADA IMPA<\/a><\/b><\/span><\/div>\n<\/div>\n<div style=\"text-align: left\">\n<div style=\"text-align: left\"><span style=\"color: #0b5394;font-family: Verdana, sans-serif\"><b><a href=\"http:\/\/www.mediafire.com\/listen\/1xq9jmry2ys682q\/LITO_BORELLO_-_ACTA_COMPROMISO_CON_SCIOLI_POR_MINISTERIO_DE_LA_ECONOM%C3%8DA_POPULAR.mp3\">LITO BORELLO &#8211; OSyP LOS PIBES\/VIVIENDA Y H\u00c1BITAT POPULAR CTEP<\/a><\/b><\/span><\/div>\n<\/div>\n<div style=\"text-align: left\">\n<div style=\"text-align: left\"><span style=\"color: #0b5394;font-family: Verdana, sans-serif\"><b><a href=\"http:\/\/www.mediafire.com\/listen\/8y55gqgbgmz8hjh\/SCIOLI_-_ACTA_COMPROMISO_POR_MINISTERIO_DE_LA_ECONOM%C3%8DA_POPULAR.mp3\">DANIEL SCIOLI<\/a><\/b><\/span><\/div>\n<\/div>\n<\/div>\n<div style=\"color: #222222;text-align: center\">\n<div style=\"text-align: left\"><span style=\"text-align: justify\"><span style=\"font-family: Verdana, sans-serif\"><b>[FMR Lunes 27\/7\/15] El candidato a presidente del Frente para la Victoria, Daniel Scioli, firm\u00f3 un ACTA COMPROMISO con un conjunto de m\u00e1s de 200 delegados de organizaciones populares de todo el pa\u00eds. <\/b>El documento implica una serie de transformaciones en la composici\u00f3n futura del gabinete nacional dentro de las cuales se crear\u00eda<b> el MINISTERIO DE LA ECONOM\u00cdA POPULAR <\/b>a cargo de<b> Emilio P\u00e9rsico.<\/b><\/span><\/span><br \/><a name='more'><\/a><span style=\"color: #0b5394;font-family: Verdana, sans-serif\"><\/span><\/div>\n<p><span style=\"color: #0b5394;font-family: Verdana, sans-serif\"><\/span><\/div>\n<div style=\"color: #222222;text-align: left\">\n<div style=\"text-align: justify\"><span style=\"font-family: Verdana, sans-serif\">En la emblem\u00e1tica f\u00e1brica recuperada IMPA, un \u00edcono de las recuperadas en el barrio de Almagro, Emilio P\u00e9rsico en representaci\u00f3n de las organizaciones de la econom\u00eda popular, firm\u00f3 el acuerdo con el candidato del FpV. El compromiso gener\u00f3 gran&nbsp;expectativa&nbsp;en el sector, del cual participan desde recicladores y emprendimientos de la agricultura familiar hasta las empresas recuperadas, quienes inmediatamente asumieron el rol de custodios del cumplimiento de dicha acta.<\/span><\/div>\n<\/div>\n<div style=\"text-align: left\">\n<div style=\"text-align: left\">\n<div style=\"text-align: justify\"><span style=\"color: #0b5394;font-family: Verdana, sans-serif\"><b><a href=\"http:\/\/www.mediafire.com\/listen\/hoo6b2sodqpzqad\/MURUA_-_ACTA_COMPROMISO_CON_SCIOLI_POR_MINISTERIO_DE_LA_ECONOM%C3%8DA_POPULAR%282%29.mp3\" style=\"background-color: white\">EDUARDO MUR\u00daA &#8211; EMPRESA RECUPERADA IMPA<\/a><\/b><\/span><\/div>\n<\/div>\n<div style=\"text-align: left\">\n<div style=\"text-align: justify\"><span style=\"color: #0b5394;font-family: Verdana, sans-serif\"><b><a href=\"http:\/\/www.mediafire.com\/listen\/1xq9jmry2ys682q\/LITO_BORELLO_-_ACTA_COMPROMISO_CON_SCIOLI_POR_MINISTERIO_DE_LA_ECONOM%C3%8DA_POPULAR.mp3\" style=\"background-color: white\">LITO BORELLO &#8211; OSyP LOS PIBES\/VIVIENDA Y H\u00c1BITAT POPULAR CTEP<\/a><\/b><\/span><\/div>\n<\/div>\n<div style=\"text-align: left\">\n<div style=\"text-align: justify\"><span style=\"color: #0b5394;font-family: Verdana, sans-serif\"><b><a href=\"http:\/\/www.mediafire.com\/listen\/8y55gqgbgmz8hjh\/SCIOLI_-_ACTA_COMPROMISO_POR_MINISTERIO_DE_LA_ECONOM%C3%8DA_POPULAR.mp3\" style=\"background-color: white\">DANIEL SCIOLI<\/a><\/b><\/span><\/div>\n<\/div>\n<\/div>\n<div style=\"text-align: center\">\n<div style=\"text-align: left\">\n<div style=\"text-align: justify\"><span style=\"font-family: Verdana, sans-serif\">Una multitud de&nbsp;representantes de un amplio arco de organizaciones sociales y pol\u00edticas del campo popular&nbsp;se hicieron presentes en la firma del acta de compromiso para la creaci\u00f3n del Ministerio de la Econom\u00eda Popular. El hecho renueva las esperanzas y fortalece a un <\/span><span style=\"font-family: Verdana, sans-serif\">sector<span style=\"background-color: #9d1811\"><\/span><\/span><span style=\"font-family: Verdana, sans-serif\"> que viene de participar en un hecho hist\u00f3rico, el 2\u00b0 EMMP, en Bolivia con Evo Morales y el Papa Francisco, en donde se debatieron los ejes: &nbsp;Tierra, Techo y Trabajo (3T). All\u00ed se remarc\u00f3&nbsp;la funci\u00f3n social de la econom\u00eda:&nbsp;debe estar al servicio del pueblo.&nbsp;La creaci\u00f3n del&nbsp;Ministerio de la Econom\u00eda Popular permitir\u00e1 el fortalecimiento de los sectores populares.&nbsp;Reproducimos las&nbsp;expresiones, m\u00e1s destacadas por los participantes:<\/span><\/div>\n<\/div>\n<\/div>\n<\/div>\n<div style=\"text-align: justify\">\n<div style=\"text-align: left\">\n<div style=\"text-align: justify\"><span style=\"font-family: Verdana, sans-serif\">Los&nbsp;&nbsp;delegados&nbsp;de las organizaciones de la econom\u00eda popular&nbsp;desde hace d\u00e9cadas vienen&nbsp;demandando y construyendo&nbsp;la pr\u00e1ctica, cotidiana, &nbsp;de una econom\u00eda al servicio de los pueblos,&nbsp;tal&nbsp;el sentido que el Papa Francisco&nbsp;resalt\u00f3. Por lo tanto, &nbsp;&nbsp;asumen la necesidad y&nbsp;responsabilidad de hacerse garantes de este compromiso, &nbsp;para que esta promesa se formalice y se&nbsp;haga realidad en los primeros d\u00edas en los que el pr\u00f3ximo gobierno comience a ejercer su mandato.<\/span><\/div>\n<\/div>\n<\/div>\n<div style=\"text-align: justify\">\n<div style=\"text-align: left\">\n<div style=\"text-align: justify\"><span style=\"font-family: Verdana, sans-serif\"><strong>Escuch\u00e1<\/strong> <span style=\"background-color: white\"><b><span style=\"color: #0b5394\"><a href=\"http:\/\/www.mediafire.com\/listen\/0jop742bvec9idm\/01-_LITO_BORELLO_-_QUE_SIGNIFICA_LA_FIRMA_DE_ESTA_ACTA.mp3\" target=\"_blank\" rel=\"noopener\">AC<\/a>\u00c1&nbsp;<\/span><\/b><\/span><strong>las expresiones de Lito Borello, Secretario de Vivienda y Habitat de la CTEP&nbsp;sobre lo que significa la firma de este acta.<\/strong><\/span><\/div>\n<\/div>\n<\/div>\n<div style=\"text-align: justify\">\n<div style=\"clear: both;text-align: left\"><span style=\"clear: left;float: left;font-family: Verdana, sans-serif;margin-bottom: 1em;margin-right: 1em;text-align: justify\"><img loading=\"lazy\" decoding=\"async\" border=\"0\" height=\"239\" src=\"http:\/\/1.bp.blogspot.com\/-QeeN5l_VKZo\/VbZh7X7Zo8I\/AAAAAAAAFnM\/axakUnv7Zv4\/s320\/CONVENIO6.jpg\" width=\"320\" \/><\/span><\/div>\n<\/div>\n<div style=\"text-align: justify\">\n<div style=\"text-align: left\">\n<div style=\"text-align: justify\"><span style=\"font-family: Verdana, sans-serif\">En este&nbsp;hecho significativo, para&nbsp;los presentes, se&nbsp;reconoce la importancia de la constituci\u00f3n de un Ministerio de la Econom\u00eda Popular, por su valor de afianzar una nueva&nbsp;econom\u00eda&nbsp;&nbsp;nacida de la lucha&nbsp; y de la subsistencia. La misma que&nbsp;hoy logra dinamizar la econom\u00eda de un pa\u00eds y crear&nbsp;nuevas relaciones de intercambio, y m\u00e1s justas, &nbsp;entre el productor y el consumidor.<\/span><\/div>\n<\/div>\n<\/div>\n<div style=\"text-align: justify\">\n<div style=\"text-align: left\">\n<div style=\"text-align: justify\"><b><span style=\"font-family: Verdana, sans-serif\">Escuch\u00e1 <span style=\"color: #0b5394\"><a href=\"http:\/\/www.mediafire.com\/listen\/i1qfa4f7vm2vakd\/05-LITO_BORELLO-QUE_ES_EL_MIN_DE_EC_POP.mp3\" target=\"_blank\" rel=\"noopener\">AC<\/a>\u00c1&nbsp;&nbsp;<\/span>Lito Borello y que es el Ministerio de la Econom\u00eda Popular&nbsp;<\/span><span style=\"font-family: Verdana, sans-serif\">y<\/span><span style=\"font-family: Verdana, sans-serif\"> <\/span><span style=\"color: #0b5394;font-family: Verdana, sans-serif\"><a href=\"http:\/\/www.mediafire.com\/listen\/87d1jrophwgd48w\/06-LITO_BORELLO-QUE_ESTRUCTURA_TENDRIA.mp3\" target=\"_blank\" rel=\"noopener\">AC<\/a>\u00c1<\/span><span style=\"font-family: Verdana, sans-serif\"><span style=\"color: #0b5394\">&nbsp;<\/span>sobre la estructura del Ministerio.<\/span><\/b><\/div>\n<\/div>\n<\/div>\n<div style=\"text-align: justify\">\n<div style=\"text-align: left\">\n<div style=\"text-align: justify\"><span style=\"font-family: Verdana, sans-serif\">La&nbsp;firma de este convenio y compromiso encarna la posibilidad de profundizar el proceso de conquistas para los sectores populares, en un momento en que la regi\u00f3n se halla amenazada por una contraofensiva de los poderes que intentan consolidar sus privilegios a costa del retroceso de los sectores del campo popular.&nbsp; El Ministerio de la Econom\u00eda Popular concentrar\u00eda las distintas \u00e1reas dispersas entre los ministerios para poder dinamizarlas y le dar\u00eda protagonismo real a las organizaciones populares ya que estar\u00eda conducido por uno de sus representantes. <\/span><\/div>\n<\/div>\n<\/div>\n<div style=\"text-align: justify\">\n<div style=\"clear: both;text-align: justify\"><span style=\"clear: left;float: left;font-family: Verdana, sans-serif;margin-bottom: 1em;margin-right: 1em\"><img loading=\"lazy\" decoding=\"async\" border=\"0\" height=\"213\" src=\"http:\/\/4.bp.blogspot.com\/-mKicY_9LC3o\/VbZiWGHkLAI\/AAAAAAAAFnU\/xNfzRhOWlaA\/s320\/los%2Bpibes.jpg\" width=\"320\" \/><\/span><\/div>\n<div style=\"text-align: justify\">\n<div style=\"text-align: left\">\n<div style=\"text-align: left\"><b><span style=\"font-family: Verdana, sans-serif\">Escuch\u00e1 <\/span><span style=\"color: #0b5394\"><span style=\"font-family: Verdana, sans-serif\"><a href=\"http:\/\/www.mediafire.com\/listen\/o3ldjrq63daugbv\/03-QUE_ESPECTATIVAS_GERENA_EL_ACTA.mp3\" style=\"font-family: Verdana, sans-serif\" target=\"_blank\" rel=\"noopener\">AC<\/a>\u00c1<\/span><span style=\"font-family: Verdana, sans-serif\">&nbsp;<\/span><\/span><span style=\"font-family: Verdana, sans-serif\">sobre las expectativas abre este<\/span><span style=\"font-family: Verdana, sans-serif\"> <\/span><span style=\"font-family: Verdana, sans-serif\">convenio.<\/span><\/b><\/div>\n<\/div>\n<\/div>\n<\/div>\n<div style=\"text-align: justify\">\n<div style=\"text-align: left\">\n<div style=\"text-align: left\"><span style=\"font-family: Verdana, sans-serif;text-align: justify\">La Confederaci\u00f3n de Trabajadores de la Econom\u00eda Popular y sus organizaciones de base son parte de la firma de este compromiso as\u00ed como muchas unidades productivas que no tienen representaci\u00f3n a nivel nacional.<\/span><\/div>\n<\/div>\n<\/div>\n<div style=\"text-align: justify\">\n<div style=\"text-align: left\">\n<div style=\"text-align: justify\"><strong style=\"font-family: Verdana, sans-serif;text-align: left\">Escuch\u00e1<\/strong><span style=\"font-family: Verdana, sans-serif;text-align: left\"> <\/span><span style=\"color: #0b5394;font-family: Verdana, sans-serif;text-align: left\"><strong><a href=\"http:\/\/www.mediafire.com\/listen\/bbqef7odawy155t\/02-LITO_BORELLO_-_PORQUE_LA_CTEP_ESTA_PRESENTE.mp3\" target=\"_blank\" rel=\"noopener\">AC<\/a>\u00c1<\/strong>&nbsp;<\/span><strong style=\"font-family: Verdana, sans-serif;text-align: left\">a Lito Borello sobre la presencia de la CTEP.<\/strong><span style=\"font-family: Verdana, sans-serif;text-align: left\">&nbsp;<\/span><\/div>\n<\/div>\n<\/div>\n<div style=\"text-align: justify\">\n<div style=\"text-align: left\">\n<div style=\"text-align: left\"><span style=\"font-family: Verdana, sans-serif\"><span style=\"color: #134f5c\"><span style=\"color: black\"><strong>Escuch\u00e1<\/strong><\/span> <\/span><span style=\"color: #0b5394\"><strong><a href=\"http:\/\/www.mediafire.com\/listen\/cttd32rpubgoy0o\/04-LITO_BORELLO_-_NO_ES_UN_CHEQUE_EN_BLANCO-PERSICO_FUTURO_MINISTRO.mp3\" target=\"_blank\" rel=\"noopener\">AC<\/a>\u00c1<\/strong>&nbsp;<\/span><strong>a<\/strong> <strong>Lito Borello<\/strong>: \u00ab<strong>esta firma no es un cheque en blanco\u00bb.<\/strong><\/span><\/div>\n<\/div>\n<\/div>\n<div style=\"text-align: justify\"><\/div>\n<div style=\"margin: 0cm 0cm 10pt\"><\/div>\n","protected":false},"excerpt":{"rendered":"<p>ACTA COMPROMISO ENTRE SCIOLI Y LAS ORGANIZACIONES POPULARES MINISTERIO DE LA ECONOM\u00cdA POPULAR ESCUCH\u00c1 AQU\u00cd A: EDUARDO MUR\u00daA &#8211; EMPRESA RECUPERADA IMPA LITO BORELLO &#8211; OSyP LOS PIBES\/VIVIENDA Y H\u00c1BITAT POPULAR CTEP DANIEL SCIOLI [FMR Lunes 27\/7\/15] El candidato a presidente del Frente para la Victoria, Daniel Scioli, firm\u00f3 un ACTA COMPROMISO con un conjunto [&hellip;]<\/p>\n","protected":false},"author":4,"featured_media":0,"comment_status":"open","ping_status":"open","sticky":false,"template":"","format":"standard","meta":{"_monsterinsights_skip_tracking":false,"_monsterinsights_sitenote_active":false,"_monsterinsights_sitenote_note":"","_monsterinsights_sitenote_category":0,"jnews-multi-image_gallery":[],"jnews_single_post":{"format":"standard"},"jnews_primary_category":[],"_joinchat":[],"footnotes":""},"categories":[58],"tags":[64,103],"class_list":["post-18294","post","type-post","status-publish","format-standard","hentry","category-noticiariachuelo","tag-economia-popular","tag-movimientos-populares"],"_links":{"self":[{"href":"http:\/\/fmriachuelo.it10.com.ar\/index.php\/wp-json\/wp\/v2\/posts\/18294","targetHints":{"allow":["GET"]}}],"collection":[{"href":"http:\/\/fmriachuelo.it10.com.ar\/index.php\/wp-json\/wp\/v2\/posts"}],"about":[{"href":"http:\/\/fmriachuelo.it10.com.ar\/index.php\/wp-json\/wp\/v2\/types\/post"}],"author":[{"embeddable":true,"href":"http:\/\/fmriachuelo.it10.com.ar\/index.php\/wp-json\/wp\/v2\/users\/4"}],"replies":[{"embeddable":true,"href":"http:\/\/fmriachuelo.it10.com.ar\/index.php\/wp-json\/wp\/v2\/comments?post=18294"}],"version-history":[{"count":1,"href":"http:\/\/fmriachuelo.it10.com.ar\/index.php\/wp-json\/wp\/v2\/posts\/18294\/revisions"}],"predecessor-version":[{"id":23820,"href":"http:\/\/fmriachuelo.it10.com.ar\/index.php\/wp-json\/wp\/v2\/posts\/18294\/revisions\/23820"}],"wp:attachment":[{"href":"http:\/\/fmriachuelo.it10.com.ar\/index.php\/wp-json\/wp\/v2\/media?parent=18294"}],"wp:term":[{"taxonomy":"category","embeddable":true,"href":"http:\/\/fmriachuelo.it10.com.ar\/index.php\/wp-json\/wp\/v2\/categories?post=18294"},{"taxonomy":"post_tag","embeddable":true,"href":"http:\/\/fmriachuelo.it10.com.ar\/index.php\/wp-json\/wp\/v2\/tags?post=18294"}],"curies":[{"name":"wp","href":"https:\/\/api.w.org\/{rel}","templated":true}]}}