{"id":18293,"date":"2015-07-28T03:08:00","date_gmt":"2015-07-28T03:08:00","guid":{"rendered":"http:\/\/fmriachuelo.observatorioess.org.ar\/index.php\/2015\/07\/28\/se-firmo-un-acta-de-compromiso-entre-el-candidato-a-presidente-del-fpv-y-las-organizaciones-de-la-economia-popular\/"},"modified":"2025-04-28T15:47:38","modified_gmt":"2025-04-28T18:47:38","slug":"se-firmo-un-acta-de-compromiso-entre-el-candidato-a-presidente-del-fpv-y-las-organizaciones-de-la-economia-popular","status":"publish","type":"post","link":"http:\/\/fmriachuelo.it10.com.ar\/index.php\/2015\/07\/28\/se-firmo-un-acta-de-compromiso-entre-el-candidato-a-presidente-del-fpv-y-las-organizaciones-de-la-economia-popular\/","title":{"rendered":"SE FIRM\u00d3 UN ACTA DE COMPROMISO ENTRE EL CANDIDATO A PRESIDENTE DEL FPV Y LAS ORGANIZACIONES DE LA ECONOM\u00cdA POPULAR"},"content":{"rendered":"<p><span style=\"color: red;font-family: Verdana, sans-serif;font-size: large\"><strong>REPERCUSIONES<\/strong><\/span><br \/><a href=\"http:\/\/1.bp.blogspot.com\/-yfsi0fcJ9hs\/Vbbo43UDt-I\/AAAAAAAAFn0\/wh1woVEK2q0\/s1600\/convenio1.jpg\" style=\"clear: left;float: left;margin-bottom: 1em;margin-right: 1em;text-align: center\"><img loading=\"lazy\" decoding=\"async\" border=\"0\" height=\"149\" src=\"http:\/\/1.bp.blogspot.com\/-yfsi0fcJ9hs\/Vbbo43UDt-I\/AAAAAAAAFn0\/wh1woVEK2q0\/s200\/convenio1.jpg\" width=\"200\" \/><\/a><span style=\"font-family: Verdana, sans-serif\"><b>Escuch\u00e1 a la representante de la organizaci\u00f3n DE FRENTE, de M\u00e1ximo Paz,<span style=\"color: #0b5394\">&nbsp;<\/span><\/b><\/span><span style=\"font-family: Verdana, sans-serif\"><a href=\"http:\/\/www.mediafire.com\/listen\/51iaaq1kt4m0gt4\/MARTA_FERRARO_SOBRE_EL_ACTA_COMPROMISO.mp3\" style=\"color: #0b5394;font-weight: bold\" target=\"_blank\" rel=\"noopener\">MARTA FERRARO<\/a><b>&nbsp;y a los<\/b><\/span><span style=\"font-family: Verdana, sans-serif\"><b>&nbsp;testimonios &nbsp;del representante de Coopechas&nbsp;<\/b><\/span><strong style=\"color: #0b5394;font-family: Verdana, sans-serif\"><a href=\"http:\/\/www.mediafire.com\/listen\/0tngwh7k1uwpz2o\/NEGRO_COOPECHAS_SOBRE_ACTA_COMPROMISO.mp3\" target=\"_blank\" rel=\"noopener\">RODOLFO MORALES<\/a>&nbsp;y <\/strong><b><span style=\"font-family: Verdana, sans-serif\">del Secretario de Vivienda y H\u00e1bitat Popular de la CTEP, <\/span><span style=\"font-family: Verdana, sans-serif\"><span style=\"color: #0b5394\"><a href=\"http:\/\/www.mediafire.com\/listen\/ly91mwhx23v3bem\/BORELLO_SOBRE_EL_ACTA_COMPROMISO.mp3\" target=\"_blank\" rel=\"noopener\">LITO BORELLO<\/a>.<\/span><\/span><\/b><br \/><span style=\"font-family: Verdana, sans-serif\"><\/span><\/p>\n<div style=\"text-align: justify\"><span style=\"font-family: Verdana, sans-serif\"><b>[FMR Lunes 27\/7\/15] Al finalizar la firma del acta de compromiso para la creaci\u00f3n del Ministerio de la Econom\u00eda Popular, cuya conducci\u00f3n estar\u00eda a cargo de Emilio P\u00e9rsico, varios referentes de unidades productivas ligadas a la Confederaci\u00f3n de Trabajadores de la Econom\u00eda Popular y en particular a la Secretar\u00eda de Vivienda y H\u00e1bitat, manifestaron su acuerdo.<\/b><\/span><br \/><a name='more'><\/a><\/div>\n<p><span style=\"font-family: Verdana, sans-serif\"><\/p>\n<div style=\"text-align: justify\">Los m\u00e1s de 400 representantes de la econom\u00eda popular organizada, reunidos en IMPA, responden a la diversidad de la pertenencia partidaria de un amplio arco pol\u00edtico,   y se hicieron presentes al verse reconocidos en el llamamiento&nbsp;a la firma de un compromiso que rescata la necesidad de regular y trabajar junto a un sector que viene creciendo y necesita de la regulaci\u00f3n y el impulso de leyes que les permita el pleno ejercicio de sus derechos, que a\u00fan no ha podido concretarse.<\/div>\n<div style=\"text-align: justify\">Esta convocatoria se vi\u00f3 alentada por la confluencia, de esta gran masa de trabajadores,  hace pocos d\u00edas en Santa Cruz de la Sierra, Bolivia, en el 2\u00ba Encuentro de Mundial de Movimientos Populares, en donde los trabajadores de la econom\u00eda popular vieron reconocidos sus trabajos y esfuerzos por el Papa Francisco, que tambi\u00e9n coincidi\u00f3 en la necesidad de alentar al sector y de organizar una econom\u00eda m\u00e1s justa para los sectores populares.<\/div>\n<p><\/span><\/p>\n<div style=\"text-align: justify\"><span style=\"font-family: Verdana, sans-serif\">El Papa Francisco dijo: <em>\u00abLos gobiernos que asumen como propia la tarea de poner la econom\u00eda al servicio de los pueblos deben promover el fortalecimiento, mejoramiento, coordinaci\u00f3n y expansi\u00f3n de estas formas de econom\u00eda popular y producci\u00f3n comunitaria.&nbsp; Cuando Estado y organizaciones sociales asumen juntos la misi\u00f3n de las \u00ablas tres T\u00bb se activan los principios de solidaridad y subsidariedad que permiten edificar el bien com\u00fan en una democracia plena y participativa\u00bb.<\/em><\/span><br \/><strong style=\"font-family: Verdana, sans-serif\"><span style=\"color: #0b5394;font-size: x-small\">PRODUCCI\u00d3N RIACHUELO<\/span><\/strong><\/div>\n","protected":false},"excerpt":{"rendered":"<p>REPERCUSIONESEscuch\u00e1 a la representante de la organizaci\u00f3n DE FRENTE, de M\u00e1ximo Paz,&nbsp;MARTA FERRARO&nbsp;y a los&nbsp;testimonios &nbsp;del representante de Coopechas&nbsp;RODOLFO MORALES&nbsp;y del Secretario de Vivienda y H\u00e1bitat Popular de la CTEP, LITO BORELLO. [FMR Lunes 27\/7\/15] Al finalizar la firma del acta de compromiso para la creaci\u00f3n del Ministerio de la Econom\u00eda Popular, cuya conducci\u00f3n estar\u00eda [&hellip;]<\/p>\n","protected":false},"author":4,"featured_media":0,"comment_status":"open","ping_status":"open","sticky":false,"template":"","format":"standard","meta":{"_monsterinsights_skip_tracking":false,"_monsterinsights_sitenote_active":false,"_monsterinsights_sitenote_note":"","_monsterinsights_sitenote_category":0,"jnews-multi-image_gallery":[],"jnews_single_post":{"format":"standard"},"jnews_primary_category":[],"_joinchat":[],"footnotes":""},"categories":[58],"tags":[64],"class_list":["post-18293","post","type-post","status-publish","format-standard","hentry","category-noticiariachuelo","tag-economia-popular"],"_links":{"self":[{"href":"http:\/\/fmriachuelo.it10.com.ar\/index.php\/wp-json\/wp\/v2\/posts\/18293","targetHints":{"allow":["GET"]}}],"collection":[{"href":"http:\/\/fmriachuelo.it10.com.ar\/index.php\/wp-json\/wp\/v2\/posts"}],"about":[{"href":"http:\/\/fmriachuelo.it10.com.ar\/index.php\/wp-json\/wp\/v2\/types\/post"}],"author":[{"embeddable":true,"href":"http:\/\/fmriachuelo.it10.com.ar\/index.php\/wp-json\/wp\/v2\/users\/4"}],"replies":[{"embeddable":true,"href":"http:\/\/fmriachuelo.it10.com.ar\/index.php\/wp-json\/wp\/v2\/comments?post=18293"}],"version-history":[{"count":1,"href":"http:\/\/fmriachuelo.it10.com.ar\/index.php\/wp-json\/wp\/v2\/posts\/18293\/revisions"}],"predecessor-version":[{"id":23822,"href":"http:\/\/fmriachuelo.it10.com.ar\/index.php\/wp-json\/wp\/v2\/posts\/18293\/revisions\/23822"}],"wp:attachment":[{"href":"http:\/\/fmriachuelo.it10.com.ar\/index.php\/wp-json\/wp\/v2\/media?parent=18293"}],"wp:term":[{"taxonomy":"category","embeddable":true,"href":"http:\/\/fmriachuelo.it10.com.ar\/index.php\/wp-json\/wp\/v2\/categories?post=18293"},{"taxonomy":"post_tag","embeddable":true,"href":"http:\/\/fmriachuelo.it10.com.ar\/index.php\/wp-json\/wp\/v2\/tags?post=18293"}],"curies":[{"name":"wp","href":"https:\/\/api.w.org\/{rel}","templated":true}]}}