{"id":18292,"date":"2015-07-28T21:11:00","date_gmt":"2015-07-28T21:11:00","guid":{"rendered":"http:\/\/fmriachuelo.observatorioess.org.ar\/index.php\/2015\/07\/28\/curuguaty-se-inicio-el-juicio-a-los-campesinos-con-la-presencia-de-observadores-internacionales\/"},"modified":"2025-04-28T15:48:13","modified_gmt":"2025-04-28T18:48:13","slug":"curuguaty-se-inicio-el-juicio-a-los-campesinos-con-la-presencia-de-observadores-internacionales","status":"publish","type":"post","link":"http:\/\/fmriachuelo.it10.com.ar\/index.php\/2015\/07\/28\/curuguaty-se-inicio-el-juicio-a-los-campesinos-con-la-presencia-de-observadores-internacionales\/","title":{"rendered":"CURUGUATY: SE INICI\u00d3 EL JUICIO A LOS CAMPESINOS CON LA PRESENCIA DE OBSERVADORES INTERNACIONALES"},"content":{"rendered":"<p><span style=\"color: red;font-family: Verdana, sans-serif;font-size: large\"><strong>\u00a1JUSTICIA PARA LOS CAMPESINOS!<\/strong><\/span><br \/><a href=\"http:\/\/1.bp.blogspot.com\/-vdD7QGopcAU\/Vbftm5G0heI\/AAAAAAAAFog\/wWn9xp6ods0\/s1600\/CURU.jpg\" style=\"clear: left;float: left;margin-bottom: 1em;margin-right: 1em;text-align: center\"><img loading=\"lazy\" decoding=\"async\" border=\"0\" height=\"200\" src=\"http:\/\/1.bp.blogspot.com\/-vdD7QGopcAU\/Vbftm5G0heI\/AAAAAAAAFog\/wWn9xp6ods0\/s200\/CURU.jpg\" width=\"93\" \/><\/a><\/p>\n<div style=\"text-align: justify\"><span style=\"font-family: Verdana, sans-serif\">En <strong>FM Riachuelo <\/strong>entrevistamos a<strong> Cristina Coronel<\/strong>&nbsp; representante de Servicio de Paz y Justicia de Paraguay,  SERPAJ PY, que est\u00e1 interviniendo en el caso para garantizar el acceso pleno al derecho. Escuch\u00e1 <\/span><span style=\"color: #0b5394;font-family: Verdana, sans-serif;font-size: large\"><strong><a href=\"http:\/\/www.mediafire.com\/listen\/x4m1522z8t479kg\/CRISTINA_CORONEL_-_SERPAJ_PARAJUAY.mp3\">AC<\/a>\u00c1<\/strong><\/span><span style=\"font-family: Verdana, sans-serif\"><span style=\"color: #0b5394;font-size: large\">&nbsp;<\/span>el testimonio que nos di\u00f3&nbsp;horas antes de iniciarse el juicio.<\/span><br \/><a name='more'><\/a><span style=\"font-family: Verdana, sans-serif\"> <\/span><\/div>\n<p><span style=\"font-family: Verdana, sans-serif;text-align: justify\">En el d\u00eda de ayer, lunes 27 de julio, se inici\u00f3 finalmente el juicio por la Masacre de Curuguaty, en el que solo se hallan imputados campesinos. La jornada se inici\u00f3 con la decisi\u00f3n de los imputados de cambiar de abogados defensores, lo que result\u00f3 la mayor novedad de la jornada.&nbsp;&nbsp;&nbsp;<\/span><span style=\"font-family: Verdana, sans-serif;text-align: justify\">Un abogado particular se present\u00f3 como defensor de los once acusados por el caso de la matanza de Curuguaty y se solicit\u00f3 la suspensi\u00f3n del juicio oral, pedido al que los magistrados se allanaron. La diligencia se retomar\u00e1 el lunes 3 de agosto.<\/span><span style=\"font-family: Verdana\"><\/span><\/p>\n<div style=\"text-align: justify\"><span style=\"font-family: Verdana, sans-serif\">El tribunal, presidido por Ram\u00f3n Trinidad Zelaya e integrado por Benito Gonz\u00e1lez y Samuel Silvero, no se opuso al pedido y luego llam\u00f3 a un cuarto intermedio para saber por cu\u00e1ntos d\u00edas se va a suspender el juicio. Al reanudarse la diligancia, se anunci\u00f3 que el proceso se retomar\u00e1 el lunes 3, a las 08:00.<br \/>El abogado V\u00edctor Azuaga present\u00f3 un escrito en el que se hac\u00eda cargo de la defensa t\u00e9cnica de los once acusados que ayer pidieron cambio de defensor. Tambi\u00e9n el letrado solicit\u00f3 la suspensi\u00f3n del juicio hasta la semana pr\u00f3xima para interiorizarse del expediente y pidi\u00f3 una copia del mismo.<br \/>Este pedido del abogado Azuaga fue ratificado por los defensores p\u00fablicos, quienes quedan como coayudantes del defensor Joaqu\u00edn D\u00edaz. La fiscala Liliana Alcaraz, en representaci\u00f3n del Ministerio P\u00fablico, no se opuso al pedido de aplazamiento del juicio, pero pidi\u00f3 que se respeten los plazos procesales.<br \/>Aparte del abogado Azuaga, tambi\u00e9n se nombr\u00f3 a los defensores p\u00fablicos como coayudantes de los imputados; esto es para que el d\u00eda de ma\u00f1ana en caso que se d\u00e9 una nueva renuncia masiva los acusados no queden en indefensi\u00f3n.<\/span><\/p>\n<\/div>\n<div style=\"text-align: justify\"><span style=\"font-family: Verdana, sans-serif\"><strong>Antecedentes<\/strong><\/span><br \/><span style=\"font-family: Verdana, sans-serif\">El lunes 22 de junio de 2015, al cumplirse tres a\u00f1os del golpe parlamentario que derroc\u00f3 al presidente Fernando Lugo, debi\u00f3 comenzar el juicio a los campesinos acusados de ser los responsables de las 17 muertes ocurridas en Marina Kue como consecuencia de un \u201cdesalojo\u201d realizado por miembros de fuerzas policiales fuertemente armadas a partir de una orden de \u201callanamiento\u201d realizada por un juez.<br \/>La Masacre de Curuguaty, que dejo un saldo de 11 campesinos y 6 polic\u00edas muertos, se dio en un proceso que d\u00edas despu\u00e9s, el 22 de junio, culmin\u00f3 con el golpe de Estado al entonces presidente Fernando Lugo, y que le permiti\u00f3 al gran capital sojero dar un mayor impulso a la concentraci\u00f3n de la tierra y seguir condenando a todo aquel que se le enfrente. Hay que tener en cuenta que en Curuguaty, Monsanto y otras empresas sojeras contin\u00faan operando.<\/span><\/div>\n<p><span style=\"font-family: Verdana, sans-serif\">Lo que se conoce como la \u201cmasacre de Curuguaty\u201d se produjo en  tierras que deb\u00edan formar parte de la reforma agraria dictaminada a favor de los campesinos en la d\u00e9cada de 1960 pero que terminaron siendo cedidas a terratenientes cercanos al Partido Colorado y al General Alfredo Stroessner, y que a\u00fan hoy contin\u00faan siendo reclamadas por los campesinos. En total  son 8 millones de hect\u00e1reas las tierras malhabidas que disputan los campesinos a los grandes propietarios y al Estado paraguayo<\/span><br \/><span style=\"font-family: Verdana, sans-serif\">Pero por tercera vez en dos a\u00f1os el juicio fue nuevamente postergado, negando a las v\u00edctimas el derecho al debido proceso, las cuales despu\u00e9s de 60 d\u00edas de huelga de hambre en el a\u00f1o 2014 lograron la prisi\u00f3n domiciliaria ante la mirada indiferente de la justicia. Excepto por uno de los acusados, Rub\u00e9n Villalba, que cumple su condena a 7 a\u00f1os con prisi\u00f3n efectiva en la c\u00e1rcel de Tacumb\u00fa, procesado en otra causa igual de injusta que la que atraviesan los campesinos en Paraguay.<br \/>Los movimientos sociales, pol\u00edticos y de defensa de los Derechos Humanos iniciaron una campa\u00f1a para dar visibilidad al juicio, ya que existen sobrados indicios de la intenci\u00f3n de la justicia paraguaya de condenar a los campesinos sin pruebas (al igual que la destituci\u00f3n de Lugo que no las necesit\u00f3 \u201cporque eran de p\u00fablico conocimiento\u201d). Para el d\u00eda del juicio se espera la presencia en el Palacio de Justicia no s\u00f3lo de estos movimientos, sino de observadores provenientes de distintas partes de Paraguay, as\u00ed como de diferentes pa\u00edses para fiscalizar la transparencia del proceso. La movilizaci\u00f3n que no ocurri\u00f3 durante el golpe a Lugo se desplegar\u00e1 ahora, tal vez como una revancha hist\u00f3rica de un pueblo que pudo leer cu\u00e1l era la clave de la matanza de Curuguaty.<br \/>La masacre de Curuguaty, el golpe a Lugo y la tercera suspensi\u00f3n del juicio deben entenderse en el contexto de una matriz econ\u00f3mica ligada al agronegocio, que halla en Paraguay el terreno m\u00e1s f\u00e9rtil para asegurar su rentabilidad, a trav\u00e9s de la concentraci\u00f3n de la tierra y la continua expulsi\u00f3n de campesinos. \u2013&nbsp; <\/p>\n<p><strong>Tras la masacre, las condiciones sociales se agravan<\/strong><br \/>Luego de esta masacre, destituido Lugo y tras la asunci\u00f3n temporal del liberal Federico Franco, se procedi\u00f3 a habilitar la semilla transg\u00e9nica de Monsanto y dar concesiones a empresas Estadounidenses como Dahava Petr\u00f3leos. Con la asunci\u00f3n del actual presidente Horacio Cartes, el modelo extractivista se profundiz\u00f3 con leyes privatistas como la de Alianza P\u00fablico-Privada, la ley de Seguridad Interna, permitiendo usar a las Fuerzas Armadas, sin la aprobaci\u00f3n del Congreso, para militarizar m\u00e1s el pa\u00eds con el apoyo de la Asociaci\u00f3n Rural de Paraguay, adem\u00e1s de seguir cobr\u00e1ndoles impuestos a campesinos y escasamente a grandes empresarios, y fomentando relaciones con la USAID e impulsando la instalaci\u00f3n de bases militares[13].<br \/>Hoy en d\u00eda Paraguay tiene un 92% de su tierra destinada a cultivos exportables con ma\u00edz y soja transg\u00e9nica y el 2,6% de los empresarios posee el 85% de la tierra cultivable.<br \/>Adem\u00e1s, sigue habiendo corrupci\u00f3n en el Estado y el Instituto Nacional de Desarrollo Rural y de la Tierra (INDERT) contin\u00faa otorgando tierras a grandes empresarios, en vez de a campesinos[15]. Tambi\u00e9n se sigue desalojando a campesinos, como el anunciado para el 16 de junio, donde la Organizaci\u00f3n de Lucha por la Tierra (OTL) pretenden resistir en cercan\u00edas a Curuguaty frente a otra empresa (Perfecta S.A) beneficiada por la dictadura de Stroessner, que se adue\u00f1\u00f3 ilegalmente de tierras del Estado.<br \/>Curuguaty<\/strong> fue Fundada el 15 de mayo de 1712 por Juan Gregorio de Baz\u00e1n y Pedraza. Antigua capital de Paraguay en 1.870. Municipio de car\u00e1cter urbano, con un crecimiento demogr\u00e1fico considerable en los \u00faltimos 5 a\u00f1os desde la construcci\u00f3n de la ruta pavimentada.<br \/>Ubicaci\u00f3n geogr\u00e1fica: Ubicado al Noreste de la Regi\u00f3n Oriental, en el Departamento de Canindey\u00fa.<br \/>Distancia Asunci\u00f3n-Curuguaty: 240 km.Tiempo de trayecto en veh\u00edculo propio: 2,5 horas.<br \/>En Omnibus desde estaci\u00f3n central de Asunci\u00f3n: 4 horas (incluida parada de 1 hora). Comunicaci\u00f3n regular con la capital, varios horarios al d\u00eda de llegada. <br \/>Habitantes:   Alrededor de 80.000 en la actualidad<\/span><br \/><span style=\"color: #0b5394;font-family: Verdana, sans-serif;font-size: x-small\"><b>SERPAJ PY-RESUMEN LATINOAMERICANO\/PRODUCCI\u00d3N RIACHUELO<\/b><\/span><\/p>\n","protected":false},"excerpt":{"rendered":"<p>\u00a1JUSTICIA PARA LOS CAMPESINOS! En FM Riachuelo entrevistamos a Cristina Coronel&nbsp; representante de Servicio de Paz y Justicia de Paraguay, SERPAJ PY, que est\u00e1 interviniendo en el caso para garantizar el acceso pleno al derecho. Escuch\u00e1 AC\u00c1&nbsp;el testimonio que nos di\u00f3&nbsp;horas antes de iniciarse el juicio. En el d\u00eda de ayer, lunes 27 de julio, [&hellip;]<\/p>\n","protected":false},"author":4,"featured_media":0,"comment_status":"open","ping_status":"open","sticky":false,"template":"","format":"standard","meta":{"_monsterinsights_skip_tracking":false,"_monsterinsights_sitenote_active":false,"_monsterinsights_sitenote_note":"","_monsterinsights_sitenote_category":0,"jnews-multi-image_gallery":[],"jnews_single_post":{"format":"standard"},"jnews_primary_category":[],"_joinchat":[],"footnotes":""},"categories":[58],"tags":[70,71],"class_list":["post-18292","post","type-post","status-publish","format-standard","hentry","category-noticiariachuelo","tag-de-la-patria-grande","tag-de-la-tierra"],"_links":{"self":[{"href":"http:\/\/fmriachuelo.it10.com.ar\/index.php\/wp-json\/wp\/v2\/posts\/18292","targetHints":{"allow":["GET"]}}],"collection":[{"href":"http:\/\/fmriachuelo.it10.com.ar\/index.php\/wp-json\/wp\/v2\/posts"}],"about":[{"href":"http:\/\/fmriachuelo.it10.com.ar\/index.php\/wp-json\/wp\/v2\/types\/post"}],"author":[{"embeddable":true,"href":"http:\/\/fmriachuelo.it10.com.ar\/index.php\/wp-json\/wp\/v2\/users\/4"}],"replies":[{"embeddable":true,"href":"http:\/\/fmriachuelo.it10.com.ar\/index.php\/wp-json\/wp\/v2\/comments?post=18292"}],"version-history":[{"count":1,"href":"http:\/\/fmriachuelo.it10.com.ar\/index.php\/wp-json\/wp\/v2\/posts\/18292\/revisions"}],"predecessor-version":[{"id":23823,"href":"http:\/\/fmriachuelo.it10.com.ar\/index.php\/wp-json\/wp\/v2\/posts\/18292\/revisions\/23823"}],"wp:attachment":[{"href":"http:\/\/fmriachuelo.it10.com.ar\/index.php\/wp-json\/wp\/v2\/media?parent=18292"}],"wp:term":[{"taxonomy":"category","embeddable":true,"href":"http:\/\/fmriachuelo.it10.com.ar\/index.php\/wp-json\/wp\/v2\/categories?post=18292"},{"taxonomy":"post_tag","embeddable":true,"href":"http:\/\/fmriachuelo.it10.com.ar\/index.php\/wp-json\/wp\/v2\/tags?post=18292"}],"curies":[{"name":"wp","href":"https:\/\/api.w.org\/{rel}","templated":true}]}}