{"id":18291,"date":"2015-07-28T21:24:00","date_gmt":"2015-07-28T21:24:00","guid":{"rendered":"http:\/\/fmriachuelo.observatorioess.org.ar\/index.php\/2015\/07\/28\/paraguay-dirigentes-campesinos-presos-y-la-carta-al-papa-francisco\/"},"modified":"2025-04-28T15:49:41","modified_gmt":"2025-04-28T18:49:41","slug":"paraguay-dirigentes-campesinos-presos-y-la-carta-al-papa-francisco","status":"publish","type":"post","link":"http:\/\/fmriachuelo.it10.com.ar\/index.php\/2015\/07\/28\/paraguay-dirigentes-campesinos-presos-y-la-carta-al-papa-francisco\/","title":{"rendered":"PARAGUAY:  DIRIGENTES CAMPESINOS PRESOS Y LA CARTA AL PAPA FRANCISCO"},"content":{"rendered":"<div style=\"text-align: justify\">\n<div style=\"text-align: left\"><span style=\"color: red;font-family: Verdana, sans-serif;font-size: large\"><strong> CAMPESINOS PRESOS POL\u00cdTICOS EN PARAGUAY<\/strong><\/span><\/div>\n<\/div>\n<div style=\"clear: both;text-align: center\"><a href=\"http:\/\/3.bp.blogspot.com\/-ZwqfmXVJvoY\/Vbfxvn6fkHI\/AAAAAAAAFos\/dq1K2r4SnMk\/s1600\/LIBERTAD.jpg\" style=\"clear: left;float: left;margin-bottom: 1em;margin-right: 1em;text-align: left\"><span style=\"font-family: Verdana, sans-serif\"><img loading=\"lazy\" decoding=\"async\" border=\"0\" height=\"45\" src=\"http:\/\/3.bp.blogspot.com\/-ZwqfmXVJvoY\/Vbfxvn6fkHI\/AAAAAAAAFos\/dq1K2r4SnMk\/s200\/LIBERTAD.jpg\" width=\"200\" \/><\/span><\/a><\/div>\n<p><span style=\"font-family: Verdana, sans-serif\">El caso de los campesinos paraguayos fue bastante invisibilizado y a\u00fan contin\u00faa si\u00e9ndolo. Sabemos bastante poco, por no decir casi nada del hecho. Los campesinos presos por luchar por condiciones dignas de vida le enviaron una carta al Papa Francisco, previa a su viaje a Paraguay.<\/span><br \/><a name='more'><\/a><\/p>\n<div><span style=\"font-family: Verdana, sans-serif\"><b>Reproducimos y nos solidarizamos con los dirigentes presos<\/b><\/span><br \/><span style=\"font-family: Verdana, sans-serif\">Asunci\u00f3n, 04 de julio de 2015<br \/>Querido Papa Francisco<\/span><\/div>\n<div><span style=\"font-family: Verdana, sans-serif\">Un cordial saludo y un abrazo fraterno de parte de los seis dirigentes campesinos presos pol\u00edticos desde la c\u00e1rcel de Tacumb\u00fa. <br \/>Volvemos a escribirle movidos por nuestra fe en Dios y saludamos su pr\u00f3xima visita al Paraguay, nosotros somos laicos comprometidos que venimos de los asentamientos campesinos, nos sentimos identificados con Jesucristo en su opci\u00f3n por los pobres. <br \/>Somos dirigentes campesinos y esto nos trajo a la c\u00e1rcel, en el Paraguay la lucha por la tierra es cruenta, demasiado injusta con nosotros los campesinos pobres. <br \/>Desde 1989 hasta hoy fueron asesinados 174 campesinos en la lucha por la tierra, por matones y efectivos policiales. <br \/>Lo injusto de todo esto es que nadie investiga estas muertes, nadie est\u00e1 preso por haber matado a estos compa\u00f1eros nuestros, la justicia est\u00e1 al servicio de la clase pudiente de nuestro pa\u00eds. <br \/>Desde esa realidad debemos mirar nuestra injusta prisi\u00f3n, que llevamos m\u00e1s de nueve a\u00f1os de prisi\u00f3n preventiva y diez a\u00f1os que fuimos procesados en abierta violaci\u00f3n al derecho positivo, todos nuestros derechos han sido vulnerados y siguen siendo vulnerados.<\/span><\/div>\n<div><span style=\"font-family: Verdana, sans-serif\">Somos perseguidos pol\u00edticos por nuestra pertenencia a la clase campesina, fuimos procesados por nuestra participaci\u00f3n en reuniones de un partido pol\u00edtico.<\/span><\/div>\n<div><span style=\"font-family: Verdana, sans-serif\">En nuestro caso han violado m\u00e1s de cuarenta art\u00edculos del C\u00f3digo Procesal penal, para darnos una condena pol\u00edtica.<\/span><\/div>\n<div><span style=\"font-family: Verdana, sans-serif\">Podemos decir que somos el rostro visible del Paraguay verdadero, que sufre en carne propia las injusticias a diario. Desde esta triste realidad le escribimos pidiendo su oraci\u00f3n a Dios en su visita al Paraguay.<\/span><\/div>\n<div><span style=\"font-family: Verdana, sans-serif\">Santo padre, le pedimos adem\u00e1s haga un llamado a los paraguayos pobres a la unidad y la fe puesta en Cristo Jes\u00fas para superar tantas injusticias en las que vivimos.&nbsp;<\/span><\/div>\n<div><span style=\"font-family: Verdana, sans-serif\">Desde estas oscuras celdas donde nos trajo nuestro compromiso cristiano a ejemplo de Jes\u00fas en su opci\u00f3n por los pobres, pedimos justicia desde nuestra injusta prisi\u00f3n y elevamos nuestra oraci\u00f3n pidiendo a Dios por usted para que tenga la infinita capacidad y sabidur\u00eda para guiar a la Iglesia tras los pasos de Jes\u00fas.<\/span><\/div>\n<div><span style=\"font-family: Verdana, sans-serif\">Le dejamos todo nuestro cari\u00f1o, nuestro afecto, confiados en que sabr\u00e1 entender nuestro sufrimiento y dolor por tanta injusticia.<\/span><\/div>\n<div><span style=\"font-family: Verdana, sans-serif\">Atentamente, los seis dirigentes campesinos&nbsp;<\/span><\/div>\n<div><i><span style=\"font-family: Verdana, sans-serif\">Agust\u00edn Acosta&nbsp;<\/span><\/i><\/div>\n<div><span style=\"font-family: Verdana, sans-serif\"><i>Roque Rodr\u00edguez <br \/>Basiliano Cardozo <br \/>Gustavo Lezcano <br \/>Ar\u00edstides Vera <br \/>Sime\u00f3n Bord\u00f3n <\/i><\/span><\/div>\n<div><b><span style=\"font-family: Verdana, sans-serif\">Rese\u00f1a:<\/span><\/b><\/div>\n<div><span style=\"font-family: Verdana, sans-serif\">En 2005, Agust\u00edn Acosta, Roque Rodr\u00edguez, Sim\u00f3n Bord\u00f3n, Ar\u00edstides Vera, Basiliano Cardozo y Gustavo Lezcano fueron acusados de ser los autores del secuestro y posterior asesinato de Cecilia Cubas, hija del ex presidente de la Naci\u00f3n Ra\u00fal Cubas Grau.<\/span><\/div>\n<div><span style=\"font-family: Verdana, sans-serif\">Ante la persecuci\u00f3n que sufr\u00edan en su propio pa\u00eds, los campesinos resolvieron viajar a la Argentina para pedir asilo pol\u00edtico. Para ello cruzaron la frontera y se acercaron a Puerto Iguaz\u00fa, donde les dieron un refugio por tres d\u00edas. Luego les informaron que deb\u00edan presentarse r\u00e1pidamente ante el CEPARE (Comit\u00e9 de Elegibilidad para los Refugiados), donde deb\u00edan pedir el refugio permanente. Lo hicieron el 2 de mayo de 2006 pero all\u00ed los esperaban efectivos de la Polic\u00eda Federal e Interpol. De all\u00ed los llevaron a la c\u00e1rcel de Devoto y luego a Marcos Paz.<br \/>En diciembre de 2008 fueron extraditados por pedido de los gobiernos paraguayo y argentino a trav\u00e9s de una resoluci\u00f3n del juez Ariel Lijo, y encerrados en la c\u00e1rcel de Tacumb\u00fa en Asunci\u00f3n. <br \/><span style=\"color: #0b5394;font-size: x-small\"><b>ASOCIACI\u00d3N GREMIAL DE ABOGADOS\/PRODUCCI\u00d3N RIACHUELO<\/b><\/span><\/span><\/div>\n","protected":false},"excerpt":{"rendered":"<p>CAMPESINOS PRESOS POL\u00cdTICOS EN PARAGUAY El caso de los campesinos paraguayos fue bastante invisibilizado y a\u00fan contin\u00faa si\u00e9ndolo. Sabemos bastante poco, por no decir casi nada del hecho. Los campesinos presos por luchar por condiciones dignas de vida le enviaron una carta al Papa Francisco, previa a su viaje a Paraguay. Reproducimos y nos solidarizamos [&hellip;]<\/p>\n","protected":false},"author":4,"featured_media":0,"comment_status":"open","ping_status":"open","sticky":false,"template":"","format":"standard","meta":{"_monsterinsights_skip_tracking":false,"_monsterinsights_sitenote_active":false,"_monsterinsights_sitenote_note":"","_monsterinsights_sitenote_category":0,"jnews-multi-image_gallery":[],"jnews_single_post":{"format":"standard"},"jnews_primary_category":[],"_joinchat":[],"footnotes":""},"categories":[58],"tags":[174,70,122],"class_list":["post-18291","post","type-post","status-publish","format-standard","hentry","category-noticiariachuelo","tag-cultura-originaria","tag-de-la-patria-grande","tag-derecho-a-la-protesta-social"],"_links":{"self":[{"href":"http:\/\/fmriachuelo.it10.com.ar\/index.php\/wp-json\/wp\/v2\/posts\/18291","targetHints":{"allow":["GET"]}}],"collection":[{"href":"http:\/\/fmriachuelo.it10.com.ar\/index.php\/wp-json\/wp\/v2\/posts"}],"about":[{"href":"http:\/\/fmriachuelo.it10.com.ar\/index.php\/wp-json\/wp\/v2\/types\/post"}],"author":[{"embeddable":true,"href":"http:\/\/fmriachuelo.it10.com.ar\/index.php\/wp-json\/wp\/v2\/users\/4"}],"replies":[{"embeddable":true,"href":"http:\/\/fmriachuelo.it10.com.ar\/index.php\/wp-json\/wp\/v2\/comments?post=18291"}],"version-history":[{"count":1,"href":"http:\/\/fmriachuelo.it10.com.ar\/index.php\/wp-json\/wp\/v2\/posts\/18291\/revisions"}],"predecessor-version":[{"id":23824,"href":"http:\/\/fmriachuelo.it10.com.ar\/index.php\/wp-json\/wp\/v2\/posts\/18291\/revisions\/23824"}],"wp:attachment":[{"href":"http:\/\/fmriachuelo.it10.com.ar\/index.php\/wp-json\/wp\/v2\/media?parent=18291"}],"wp:term":[{"taxonomy":"category","embeddable":true,"href":"http:\/\/fmriachuelo.it10.com.ar\/index.php\/wp-json\/wp\/v2\/categories?post=18291"},{"taxonomy":"post_tag","embeddable":true,"href":"http:\/\/fmriachuelo.it10.com.ar\/index.php\/wp-json\/wp\/v2\/tags?post=18291"}],"curies":[{"name":"wp","href":"https:\/\/api.w.org\/{rel}","templated":true}]}}