{"id":18290,"date":"2015-07-28T21:30:00","date_gmt":"2015-07-28T21:30:00","guid":{"rendered":"http:\/\/fmriachuelo.observatorioess.org.ar\/index.php\/2015\/07\/28\/frente-electoral-una-lectura-de-los-resultados-de-la-caba-de-cara-a-las-paso-nacionales\/"},"modified":"2025-04-28T15:51:06","modified_gmt":"2025-04-28T18:51:06","slug":"frente-electoral-una-lectura-de-los-resultados-de-la-caba-de-cara-a-las-paso-nacionales","status":"publish","type":"post","link":"http:\/\/fmriachuelo.it10.com.ar\/index.php\/2015\/07\/28\/frente-electoral-una-lectura-de-los-resultados-de-la-caba-de-cara-a-las-paso-nacionales\/","title":{"rendered":"FRENTE ELECTORAL: UNA LECTURA DE LOS RESULTADOS DE LA CABA DE CARA A LAS PASO NACIONALES"},"content":{"rendered":"<div><span style=\"font-family: Verdana, sans-serif\"><span style=\"color: red;font-size: large\"><b>LA REPRESENTACI\u00d3N EN CRISIS<\/b><\/span><\/span><\/div>\n<div><span style=\"font-family: Verdana, sans-serif\">3 DATOS DUROS DE LAS \u00daLTIMAS ELECCIONES EN LA CABA<\/span><\/div>\n<div style=\"clear: both;text-align: center\"><a href=\"http:\/\/4.bp.blogspot.com\/-I7UDcwCEMPw\/VbcU-p_HLRI\/AAAAAAAAFoI\/AoMrBFdm4bU\/s1600\/55acc64919ffa_510x365.jpg\" style=\"clear: left;float: left;margin-bottom: 1em;margin-right: 1em\"><img loading=\"lazy\" decoding=\"async\" border=\"0\" height=\"143\" src=\"http:\/\/4.bp.blogspot.com\/-I7UDcwCEMPw\/VbcU-p_HLRI\/AAAAAAAAFoI\/AoMrBFdm4bU\/s200\/55acc64919ffa_510x365.jpg\" width=\"200\" \/><\/a><\/div>\n<div align=\"justify\" style=\"text-align: left\"><span style=\"font-family: Verdana, sans-serif\"><b>En camino: desde las elecciones de la Ciudad hasta las PASO nacionales, que se realizaran en pocos d\u00edas. Un an\u00e1lisis posible.<\/b><\/span><\/div>\n<div style=\"text-align: justify\"><span style=\"font-family: Verdana, sans-serif\">En nuestro programa diario <\/span><b style=\"font-family: Verdana, sans-serif\">ROMPE EL CERCO INFORMATIVO<\/b><span style=\"font-family: Verdana, sans-serif\"> compartimos esta reflexi\u00f3n con <\/span><b style=\"font-family: Verdana, sans-serif\"><span style=\"color: #0b5394\">Lito Borello, Coordinador Nacional de la Organizaci\u00f3n Social y Pol\u00edtica Los Pibes,<\/span><\/b><span style=\"font-family: Verdana, sans-serif\"> quien nos brindo el siguiente testimonio.<\/span><\/div>\n<div>\n<div style=\"text-align: justify\"><b style=\"color: #0b5394;font-family: Verdana, sans-serif\"><a href=\"http:\/\/www.mediafire.com\/listen\/tahctw520qxnx52\/BORELLO_Y_ELECCIONES_PORTE%C3%91AS.mp3\" target=\"_blank\" rel=\"noopener\">LITO BORELLO &#8211; OSyP LOS PIBES<\/a><\/b><\/div>\n<\/div>\n<p><span style=\"font-family: Verdana, sans-serif;text-align: justify\">El escrutinio pasado, en el que se dirimi\u00f3 la Jefatura del Gobierno de la CABA, confirm\u00f3 adem\u00e1s la distancia que hay entre la clase pol\u00edtica y lo que dice representar: el pueblo.<\/span><\/p>\n<div align=\"justify\" style=\"text-align: left\">\n<div style=\"text-align: justify\"><a name='more'><\/a><span style=\"font-family: Verdana, sans-serif\"><span style=\"font-family: Verdana, sans-serif\">Los resultados se\u00f1alan los siguiente:<\/span><\/span><\/div>\n<div style=\"text-align: justify\"><span style=\"font-family: Verdana, sans-serif\"><b style=\"font-family: Verdana, sans-serif;text-align: justify\">1. Larreta <\/b><span style=\"font-family: Verdana, sans-serif;text-align: justify\">pas\u00f3 de cautivar&nbsp;<\/span><b style=\"font-family: Verdana, sans-serif;text-align: justify\">830.000<\/b><span style=\"font-family: Verdana, sans-serif;text-align: justify\">&nbsp;voluntades en la primera vuelta a<\/span><b style=\"font-family: Verdana, sans-serif;text-align: justify\"> 860.000<\/b><span style=\"font-family: Verdana, sans-serif;text-align: justify\"> en la segunda.&nbsp;<\/span><b style=\"font-family: Verdana, sans-serif;text-align: justify\">S\u00f3lo 30.000 votos m\u00e1s.<\/b><\/span><\/div>\n<div style=\"text-align: justify\"><span style=\"font-family: Verdana, sans-serif\"><span style=\"font-family: Verdana, sans-serif;text-align: justify\">2. El escaso crecimiento de los <\/span><b style=\"font-family: Verdana, sans-serif;text-align: justify\">votos en blanco, de 1.9% a 5.3%,<\/b><span style=\"font-family: Verdana, sans-serif;text-align: justify\"> muestra que los votantes\/militantes de la izquierda no se sienten representados por sus dirigentes. Y tampoco los kirchneristas. No olvidemos la convocatoria al voto en blanco de muchos funcionarios,&nbsp;<\/span><span style=\"font-family: Verdana, sans-serif;text-align: justify\">que viven en la CABA y cobran en Naci\u00f3n<\/span><span style=\"text-align: justify\"><span style=\"font-family: Verdana, sans-serif\">. Incluido el propio Recalde, que se declar\u00f3 prescindente, al definir al balotage como una interna del macrismo.<\/span><\/span><\/span><\/div>\n<div style=\"text-align: justify\"><span style=\"font-family: Verdana, sans-serif\"><span style=\"font-family: Verdana, sans-serif;text-align: justify\">3. Y la tercera y m\u00e1s rotunda: <\/span><b style=\"font-family: Verdana, sans-serif;text-align: justify\">menos del 70% del padr\u00f3n electoral vot\u00f3 el domingo 19.<\/b><span style=\"font-family: Verdana, sans-serif;text-align: justify\"> Eso transforma al <\/span><b style=\"font-family: Verdana, sans-serif;text-align: justify\">52% que vot\u00f3 por Larreta <\/b><span style=\"font-family: Verdana, sans-serif;text-align: justify\">en la segunda vuelta en el&nbsp;<\/span><b style=\"font-family: Verdana, sans-serif;text-align: justify\">36% DEL PADR\u00d3N ELECTORAL.<\/b><\/span><\/div>\n<div style=\"text-align: justify\"><span style=\"font-family: Verdana, sans-serif\"><span style=\"font-family: Verdana, sans-serif;text-align: justify\">\u00bfNo tendr\u00edamos que pensar seriamente en la crisis de la democracia representativa?&nbsp;<\/span><span style=\"font-family: Verdana, sans-serif;text-align: justify\">\u00bfNo tendr\u00edamos que insistir en la democracia paticipativa y protag\u00f3nica?&nbsp;<\/span><span style=\"font-family: Verdana, sans-serif;text-align: justify\">Seguramente esta lectura de los datos, que est\u00e1n disponibles en la web del gobierno de la ciudad son le\u00eddos de otro modo m\u00e1s conveniente.<\/span><\/span><\/div>\n<div style=\"text-align: justify\"><span style=\"font-family: Verdana, sans-serif\"><br \/><\/span><\/div>\n<div style=\"text-align: justify\"><span style=\"font-family: Verdana, sans-serif\"><span style=\"font-family: Verdana, sans-serif\">\u00bfPara qui\u00e9n?<\/span><\/span><\/div>\n<p><span style=\"font-family: Verdana, sans-serif\"><span style=\"font-family: Verdana, sans-serif\"><\/span><\/span><br \/><span style=\"font-family: Verdana, sans-serif;text-align: justify\">Para el ganador, que as\u00ed nos oculta una realidad. Para los poderes econ\u00f3micos que siempre ganan, porque est\u00e1n aliados con los ganadores, que los favorecen.<\/span><br \/><span style=\"font-family: Verdana, sans-serif;text-align: justify\">De cara a las elecciones nacionales, una vez m\u00e1s los discursos de las campa\u00f1as parecen haberse sensibilizados. El macrismo habla de conservar las transformaciones realizadas por el kirchnerismo. Scioli se re\u00fane con Ra\u00fal Castro y habla de Econom\u00eda Popular. <b>\u00bfEntender\u00e1n que la mal llamada econom\u00eda informal no es una econom\u00eda evasiva de impuestos si no la econom\u00eda que los trabajadores, -que son expulsados de un sistema productivo que agoniza en el mundo, en manos del capitalismo financiero y la tecnocracia-, han creado para vivir dignamente?<\/b><\/span><\/p>\n<div><span style=\"font-family: Verdana, sans-serif;text-align: justify\">Otra realidad se abre paso, aunque los medios se empe\u00f1en en esconderla. Una realidad que conocemos los sectores populares. Venimos del Encuentro Mundial de Movimientos Populares en donde la realidad de los pueblos organizados para conquistar los derechos a la dignidad de la vida marca la agenda pol\u00edtica de estos tiempos: Tierra, Techo y Trabajo. Tal el reconocimiento del discurso del Papa Francisco como emergente de la lectura de las luchas populares. Un discurso que viene a mostrarle a los poderes f\u00e1cticos que este sistema no da para m\u00e1s.<\/span><\/div>\n<div>\n<div style=\"text-align: justify\"><span style=\"font-family: Verdana, sans-serif\"><b style=\"color: #0b5394;font-family: Verdana, sans-serif\"><span style=\"font-size: x-small\">PRODUCCI\u00d3N RIACHUELO<\/span><\/b><\/span><\/div>\n<\/div>\n<\/div>\n<div style=\"text-align: left\"><\/div>\n","protected":false},"excerpt":{"rendered":"<p>LA REPRESENTACI\u00d3N EN CRISIS 3 DATOS DUROS DE LAS \u00daLTIMAS ELECCIONES EN LA CABA En camino: desde las elecciones de la Ciudad hasta las PASO nacionales, que se realizaran en pocos d\u00edas. Un an\u00e1lisis posible. En nuestro programa diario ROMPE EL CERCO INFORMATIVO compartimos esta reflexi\u00f3n con Lito Borello, Coordinador Nacional de la Organizaci\u00f3n Social [&hellip;]<\/p>\n","protected":false},"author":4,"featured_media":0,"comment_status":"open","ping_status":"open","sticky":false,"template":"","format":"standard","meta":{"_monsterinsights_skip_tracking":false,"_monsterinsights_sitenote_active":false,"_monsterinsights_sitenote_note":"","_monsterinsights_sitenote_category":0,"jnews-multi-image_gallery":[],"jnews_single_post":{"format":"standard"},"jnews_primary_category":[],"_joinchat":[],"footnotes":""},"categories":[58],"tags":[81],"class_list":["post-18290","post","type-post","status-publish","format-standard","hentry","category-noticiariachuelo","tag-aguafuertes-portenas"],"_links":{"self":[{"href":"http:\/\/fmriachuelo.it10.com.ar\/index.php\/wp-json\/wp\/v2\/posts\/18290","targetHints":{"allow":["GET"]}}],"collection":[{"href":"http:\/\/fmriachuelo.it10.com.ar\/index.php\/wp-json\/wp\/v2\/posts"}],"about":[{"href":"http:\/\/fmriachuelo.it10.com.ar\/index.php\/wp-json\/wp\/v2\/types\/post"}],"author":[{"embeddable":true,"href":"http:\/\/fmriachuelo.it10.com.ar\/index.php\/wp-json\/wp\/v2\/users\/4"}],"replies":[{"embeddable":true,"href":"http:\/\/fmriachuelo.it10.com.ar\/index.php\/wp-json\/wp\/v2\/comments?post=18290"}],"version-history":[{"count":1,"href":"http:\/\/fmriachuelo.it10.com.ar\/index.php\/wp-json\/wp\/v2\/posts\/18290\/revisions"}],"predecessor-version":[{"id":23825,"href":"http:\/\/fmriachuelo.it10.com.ar\/index.php\/wp-json\/wp\/v2\/posts\/18290\/revisions\/23825"}],"wp:attachment":[{"href":"http:\/\/fmriachuelo.it10.com.ar\/index.php\/wp-json\/wp\/v2\/media?parent=18290"}],"wp:term":[{"taxonomy":"category","embeddable":true,"href":"http:\/\/fmriachuelo.it10.com.ar\/index.php\/wp-json\/wp\/v2\/categories?post=18290"},{"taxonomy":"post_tag","embeddable":true,"href":"http:\/\/fmriachuelo.it10.com.ar\/index.php\/wp-json\/wp\/v2\/tags?post=18290"}],"curies":[{"name":"wp","href":"https:\/\/api.w.org\/{rel}","templated":true}]}}