{"id":18289,"date":"2015-07-28T21:34:00","date_gmt":"2015-07-28T21:34:00","guid":{"rendered":"http:\/\/fmriachuelo.observatorioess.org.ar\/index.php\/2015\/07\/28\/peru-un-nuevo-aniversario-de-la-independencia\/"},"modified":"2025-05-06T11:41:11","modified_gmt":"2025-05-06T14:41:11","slug":"peru-un-nuevo-aniversario-de-la-independencia","status":"publish","type":"post","link":"http:\/\/fmriachuelo.it10.com.ar\/index.php\/2015\/07\/28\/peru-un-nuevo-aniversario-de-la-independencia\/","title":{"rendered":"PER\u00da: UN NUEVO ANIVERSARIO DE LA INDEPENDENCIA"},"content":{"rendered":"<p><a href=\"http:\/\/4.bp.blogspot.com\/-PMIj6kiJtBA\/Vbf0DlcJCKI\/AAAAAAAAFo4\/Y7Xj03oTUmQ\/s1600\/Proclamaci%25C3%2583%25C2%25B3n-Independencia.JPG\" style=\"clear: left;float: left;margin-bottom: 1em;margin-right: 1em;text-align: center\"><img loading=\"lazy\" decoding=\"async\" border=\"0\" height=\"200\" src=\"http:\/\/4.bp.blogspot.com\/-PMIj6kiJtBA\/Vbf0DlcJCKI\/AAAAAAAAFo4\/Y7Xj03oTUmQ\/s200\/Proclamaci%25C3%2583%25C2%25B3n-Independencia.JPG\" width=\"152\" \/><\/a><span style=\"color: red;font-family: Verdana, sans-serif;font-size: large\"><strong>\u00a1FELICES FIESTAS PATRIAS!<\/strong><\/span><br \/><span style=\"font-family: Verdana, sans-serif\">PROCLAMACION DE LA INDEPENDENCIA DEL PERU<\/span><\/p>\n<div style=\"text-align: justify\"><span style=\"font-family: Verdana, sans-serif\">La Proclamaci\u00f3n de la Independencia del Per\u00fa fue realizada por don Jos\u00e9 de San Mart\u00edn el 28 de julio de 1821 en la Plaza Mayor de Lima. En la ceremonia, San Mart\u00edn pronunci\u00f3 sus c\u00e9lebres palabras: \u00abDesde este momento el Per\u00fa es libre e independiente por la voluntad general de los pueblos y por la justicia de su causa que Dios defiende. \u00a1Viva la patria, viva la libertad, viva la independencia!\u00bb.<\/span><\/div>\n<div style=\"text-align: justify\"><strong style=\"font-family: Verdana, sans-serif\"><\/strong><br \/><strong style=\"font-family: Verdana, sans-serif\"><\/strong><br \/><a name='more'><\/a><strong style=\"font-family: Verdana, sans-serif\">Antecedentes&nbsp;<\/strong><\/div>\n<div style=\"text-align: justify\"><span style=\"font-family: Verdana, sans-serif\"> Durante el siglo XVIII la Corona espa\u00f1ola provoc\u00f3 el descontento de muchos peruanos al discriminar a los criollos en los empleos p\u00fablicos y endurecer la explotaci\u00f3n a los ind\u00edgenas. En 1780, <\/span><span style=\"font-family: Verdana, sans-serif\">T\u00fapac Amaru II<\/span><span style=\"font-family: Verdana, sans-serif\"> lider\u00f3 una gran rebeli\u00f3n que fue reprimida a sangre y fuego. <br \/> La invasi\u00f3n de <\/span><span style=\"font-family: Verdana, sans-serif\">Napole\u00f3n<\/span><span style=\"font-family: Verdana, sans-serif\"> a Espa\u00f1a (1808) debilit\u00f3 a la Corona espa\u00f1ola, lo que fue aprovechado por los criollos de Latinoam\u00e9rica para organizar conspiraciones y rebeliones independentistas. En Per\u00fa estos movimientos fueron derrotados por el virrey Abascal entre 1811 y 1815. <\/span><\/div>\n<p><span style=\"font-family: Verdana, sans-serif\"><\/span><br \/><span style=\"font-family: Verdana, sans-serif\"><strong>Campa\u00f1a de Jos\u00e9 de San Mart\u00edn <\/strong><br \/> Los argentinos hab\u00eda logrado independizarse en 1810 y desde entonces enviaron tropas contra el Virreinato del Per\u00fa para asegurar su libertad. En 1817, enviaron un ej\u00e9rcito al mando del general <\/span><span style=\"font-family: Verdana, sans-serif\">Jos\u00e9 de San Mart\u00edn<\/span><span style=\"font-family: Verdana, sans-serif\"> que independiz\u00f3 Chile en 1818. Luego, San Mart\u00edn prepar\u00f3 su expedici\u00f3n al Per\u00fa. En setiembre de 1820, desembarc\u00f3 en Paracas y se instal\u00f3 en Pisco. Poco despu\u00e9s se traslad\u00f3 a Huaura. <br \/>Al comenzar 1821, varias ciudades del norte del Per\u00fa se adhirieron a los patriotas. Mientras tanto el general Jos\u00e9 de La Serna dio un golpe de estado contra el virrey Pezuela (29-1-1821). La Serna negoci\u00f3 el retiro de San Mart\u00edn en la Conferencia de Punchauca (2-6-1821), sin lograr su cometido. Entonces San Mart\u00edn siti\u00f3 Lima, provocando que La Serna y sus tropas huyeran rumbo al Cusco. San Mart\u00edn ingres\u00f3 a Lima y proclam\u00f3 la Independencia del Per\u00fa el 28 de julio de 1821. <br \/>Don Jos\u00e9 de San Mart\u00edn gobern\u00f3 Per\u00fa con el t\u00edtulo de Protector hasta setiembre de 1822, pero no logr\u00f3 derrotar al ej\u00e9rcito realista de la sierra sur. Al retirarse, el Congreso peruano nombr\u00f3 una Junta Gubernativa, cuyas tropas fueron derrotadas por el virrey La Serna. En febrero de 1823, asumi\u00f3 la presidencia don <\/span><span style=\"font-family: Verdana, sans-serif\">Jos\u00e9 de la Riva Ag\u00fcero<\/span><span style=\"font-family: Verdana, sans-serif\">, quien en junio de 1823, fue reemplazado por don Bernardo de Tagle. Ninguno pudo completar la Independencia. <\/p>\n<p><b>Campa\u00f1a de Sim\u00f3n Bol\u00edvar <\/b><\/span><span style=\"font-family: Verdana, sans-serif\">Sim\u00f3n Bol\u00edvar<\/span><span style=\"font-family: Verdana, sans-serif\"> hab\u00eda liderado exitosamente la lucha por la independencia de Nueva Granada (Colombia, Venezuela y Ecuador). Lleg\u00f3 al Per\u00fa en setiembre de 1823 y fue proclamado Dictador en febrero de 1824. Se instal\u00f3 en Trujillo y organiz\u00f3 el Ej\u00e9rcito Unido Libertador, que el 6 de agost\u00f3 venci\u00f3 a los realistas en la batalla de Jun\u00edn y el 9 de diciembre en la batalla de Ayacucho. Aqu\u00ed se firm\u00f3 la Capitulaci\u00f3n de Ayacucho, el documento que sell\u00f3 la Independencia del Per\u00fa. <br \/>El \u00faltimo foco de resistencia realista fue la fortaleza de Real Felipe (Callao), pero el general espa\u00f1ol Ram\u00f3n Rodil la entreg\u00f3 a las fuerzas de Bol\u00edvar el 23 de enero de 1826.<\/span><br \/><b><span style=\"color: #0b5394;font-family: Verdana, sans-serif;font-size: x-small\">PRODUCCI\u00d3N RIACHUELO<\/span><\/b><span style=\"font-family: Verdana\"><\/span><\/p>\n","protected":false},"excerpt":{"rendered":"<p>\u00a1FELICES FIESTAS PATRIAS!PROCLAMACION DE LA INDEPENDENCIA DEL PERU La Proclamaci\u00f3n de la Independencia del Per\u00fa fue realizada por don Jos\u00e9 de San Mart\u00edn el 28 de julio de 1821 en la Plaza Mayor de Lima. En la ceremonia, San Mart\u00edn pronunci\u00f3 sus c\u00e9lebres palabras: \u00abDesde este momento el Per\u00fa es libre e independiente por la [&hellip;]<\/p>\n","protected":false},"author":4,"featured_media":0,"comment_status":"open","ping_status":"open","sticky":false,"template":"","format":"standard","meta":{"_monsterinsights_skip_tracking":false,"_monsterinsights_sitenote_active":false,"_monsterinsights_sitenote_note":"","_monsterinsights_sitenote_category":0,"jnews-multi-image_gallery":[],"jnews_single_post":{"format":"standard"},"jnews_primary_category":[],"_joinchat":[],"footnotes":""},"categories":[58],"tags":[70,72],"class_list":["post-18289","post","type-post","status-publish","format-standard","hentry","category-noticiariachuelo","tag-de-la-patria-grande","tag-historia-de-la-lucha-de-los-pueblos"],"_links":{"self":[{"href":"http:\/\/fmriachuelo.it10.com.ar\/index.php\/wp-json\/wp\/v2\/posts\/18289","targetHints":{"allow":["GET"]}}],"collection":[{"href":"http:\/\/fmriachuelo.it10.com.ar\/index.php\/wp-json\/wp\/v2\/posts"}],"about":[{"href":"http:\/\/fmriachuelo.it10.com.ar\/index.php\/wp-json\/wp\/v2\/types\/post"}],"author":[{"embeddable":true,"href":"http:\/\/fmriachuelo.it10.com.ar\/index.php\/wp-json\/wp\/v2\/users\/4"}],"replies":[{"embeddable":true,"href":"http:\/\/fmriachuelo.it10.com.ar\/index.php\/wp-json\/wp\/v2\/comments?post=18289"}],"version-history":[{"count":1,"href":"http:\/\/fmriachuelo.it10.com.ar\/index.php\/wp-json\/wp\/v2\/posts\/18289\/revisions"}],"predecessor-version":[{"id":23827,"href":"http:\/\/fmriachuelo.it10.com.ar\/index.php\/wp-json\/wp\/v2\/posts\/18289\/revisions\/23827"}],"wp:attachment":[{"href":"http:\/\/fmriachuelo.it10.com.ar\/index.php\/wp-json\/wp\/v2\/media?parent=18289"}],"wp:term":[{"taxonomy":"category","embeddable":true,"href":"http:\/\/fmriachuelo.it10.com.ar\/index.php\/wp-json\/wp\/v2\/categories?post=18289"},{"taxonomy":"post_tag","embeddable":true,"href":"http:\/\/fmriachuelo.it10.com.ar\/index.php\/wp-json\/wp\/v2\/tags?post=18289"}],"curies":[{"name":"wp","href":"https:\/\/api.w.org\/{rel}","templated":true}]}}