{"id":18287,"date":"2015-07-29T13:41:00","date_gmt":"2015-07-29T13:41:00","guid":{"rendered":"http:\/\/fmriachuelo.observatorioess.org.ar\/index.php\/2015\/07\/29\/patrocinio-legal-para-las-familias-sin-recursos-economicos-para-querellar\/"},"modified":"2025-05-06T11:47:12","modified_gmt":"2025-05-06T14:47:12","slug":"patrocinio-legal-para-las-familias-sin-recursos-economicos-para-querellar","status":"publish","type":"post","link":"http:\/\/fmriachuelo.it10.com.ar\/index.php\/2015\/07\/29\/patrocinio-legal-para-las-familias-sin-recursos-economicos-para-querellar\/","title":{"rendered":"PATROCINIO LEGAL PARA LAS FAMILIAS SIN RECURSOS ECON\u00d3MICOS PARA QUERELLAR"},"content":{"rendered":"<div><span style=\"color: red;font-family: Verdana, sans-serif;font-size: large\"><strong>BUENAS NOTICIAS PARA EL PUEBLO<\/strong><\/span><\/div>\n<p><span style=\"font-family: Verdana, sans-serif\">DAR\u00c1N ASESORAMIENTO JUR\u00cdDICO GRATUITO A V\u00cdCTIMAS DE VIOLENCIA INSTITUCIONAL<\/span><\/p>\n<div style=\"clear: both;text-align: center\"><span style=\"font-family: Verdana, sans-serif\"><a href=\"http:\/\/1.bp.blogspot.com\/-7YqfMoz-XpI\/VbjXeOu_CtI\/AAAAAAAAFqE\/AQ-yd9s0M7I\/s1600\/infojus.jpg\" style=\"clear: left;float: left;margin-bottom: 1em;margin-right: 1em\"><strong><img loading=\"lazy\" decoding=\"async\" border=\"0\" height=\"133\" src=\"http:\/\/1.bp.blogspot.com\/-7YqfMoz-XpI\/VbjXeOu_CtI\/AAAAAAAAFqE\/AQ-yd9s0M7I\/s200\/infojus.jpg\" width=\"200\" \/><\/strong><\/a><\/span><\/div>\n<p><span style=\"font-family: Verdana, sans-serif\"><\/span><\/p>\n<div style=\"text-align: justify\"><span style=\"font-family: Verdana, sans-serif\"><span style=\"font-family: Verdana, sans-serif\">Es a partir de un convenio que firmaron hoy la defensora general de la Naci\u00f3n, Stella Maris Mart\u00ednez, y el secretario de Derechos Humanos de la Naci\u00f3n, Mart\u00edn Fresneda. Ante casos de apremios ilegales, torturas, desaparici\u00f3n forzosa o ejecuciones sumarias, familiares de v\u00edctimas podr\u00e1n intervenir como querellantes con el patrocinio de abogados de la Defensor\u00eda.<\/span><\/span><br \/><a name='more'><\/a><\/div>\n<p><span style=\"font-family: Verdana, sans-serif\"><\/p>\n<div align=\"justify\"><\/div>\n<div align=\"justify\">Desde hoy las v\u00edctimas de violencia institucional cuentan con un servicio de patrocinio y asesoramiento jur\u00eddico gratuito para seguir el rumbo de las causas en los tribunales. Ante autoridades y familiares de v\u00edctimas de la violencia estatal, el secretario de Derechos Humanos de la Naci\u00f3n, Mart\u00edn Fresneda, firm\u00f3 un convenio con la defensora General de la Naci\u00f3n, Stella Maris Mart\u00ednez, para poner en marcha el programa. \u201cEsto es posible gracias al compromiso de personas que han perdido mucho en la vida y que sin embargo no se han quedado en sus casas, sino que salieron a la calle a sostener estos \u2018Nunca m\u00e1s\u2019 que nos quedan pendientes. Hablo de todas ustedes\u201d, dijo Fresneda. En la primera fila lo escuchaba un grupo de mujeres integrantes de \u201cMadres en Lucha\u201d.<br \/>\u201cCuando prescribe la acci\u00f3n penal, cuando se acaba ese tiempo, caen los derechos de las personas. Y cuantas familias han visto caer sus derechos por no contar con los recursos para formar parte de la causa\u201d, dijo el funcionario. \u201cEste convenio hace honor a la memoria, mejora el servicio de justicia e irrumpe en las estrategias judiciales de quienes quieren mantener la impunidad\u201d, agreg\u00f3.<\/div>\n<p><\/span><span style=\"font-family: Verdana, sans-serif\">Adem\u00e1s de Mart\u00ednez y Fresneda, del acto participaron autoridades de diversas \u00e1reas de la Secretar\u00eda de Derechos Humanos: Ana Oberlin, directora nacional de Asuntos Jur\u00eddicos; Sandra Furio, coordinadora del Programa Nacional de Lucha contra la Impunidad (ProNaLCI); Lucas Ciarniello, coordinador de la Unidad de Registro de Casos de Violencia Institucional, y Julieta Calmels, directora del Centro de Asistencia a V\u00edctimas de Violaciones de Derechos Humanos \u201cDr. Fernando Ulloa\u201d.  <\/span><span style=\"font-family: Verdana, sans-serif\">\u201cEstamos de acuerdo en que todos tienen derecho a la defensa. Pero tambi\u00e9n las v\u00edctimas tenemos derecho a acceder a la justicia. Y era eso lo que faltaba. Yo he visto familias vender y empe\u00f1ar lo poco que ten\u00edan para exigir justicia\u201d, cont\u00f3 a <strong><strong>Infojus Noticias<\/strong><\/strong> Rosa Bru, madre de Miguel Bru, estudiante desaparecido hace 21 a\u00f1os en La Plata.<br \/> Desde ahora, ante casos de apremios ilegales, torturas, desaparici\u00f3n forzosa o ejecuciones sumarias por parte de fuerzas de seguridad federal, o casos en los que intervenga la Justicia Federal, las familias podr\u00e1n intervenir como querellantes con el patrocinio de los abogados de la Defensor\u00eda General de la Naci\u00f3n.<\/span><\/p>\n<div><span style=\"color: #0b5394;font-family: Verdana, sans-serif;font-size: x-small\"><b>INFOJUS\/PRODUCCI\u00d3N RIACHUELO<\/b><\/span><\/div>\n","protected":false},"excerpt":{"rendered":"<p>BUENAS NOTICIAS PARA EL PUEBLO DAR\u00c1N ASESORAMIENTO JUR\u00cdDICO GRATUITO A V\u00cdCTIMAS DE VIOLENCIA INSTITUCIONAL Es a partir de un convenio que firmaron hoy la defensora general de la Naci\u00f3n, Stella Maris Mart\u00ednez, y el secretario de Derechos Humanos de la Naci\u00f3n, Mart\u00edn Fresneda. Ante casos de apremios ilegales, torturas, desaparici\u00f3n forzosa o ejecuciones sumarias, familiares [&hellip;]<\/p>\n","protected":false},"author":4,"featured_media":0,"comment_status":"open","ping_status":"open","sticky":false,"template":"","format":"standard","meta":{"_monsterinsights_skip_tracking":false,"_monsterinsights_sitenote_active":false,"_monsterinsights_sitenote_note":"","_monsterinsights_sitenote_category":0,"jnews-multi-image_gallery":[],"jnews_single_post":{"format":"standard"},"jnews_primary_category":[],"_joinchat":[],"footnotes":""},"categories":[58],"tags":[89],"class_list":["post-18287","post","type-post","status-publish","format-standard","hentry","category-noticiariachuelo","tag-violencia-institucional"],"_links":{"self":[{"href":"http:\/\/fmriachuelo.it10.com.ar\/index.php\/wp-json\/wp\/v2\/posts\/18287","targetHints":{"allow":["GET"]}}],"collection":[{"href":"http:\/\/fmriachuelo.it10.com.ar\/index.php\/wp-json\/wp\/v2\/posts"}],"about":[{"href":"http:\/\/fmriachuelo.it10.com.ar\/index.php\/wp-json\/wp\/v2\/types\/post"}],"author":[{"embeddable":true,"href":"http:\/\/fmriachuelo.it10.com.ar\/index.php\/wp-json\/wp\/v2\/users\/4"}],"replies":[{"embeddable":true,"href":"http:\/\/fmriachuelo.it10.com.ar\/index.php\/wp-json\/wp\/v2\/comments?post=18287"}],"version-history":[{"count":1,"href":"http:\/\/fmriachuelo.it10.com.ar\/index.php\/wp-json\/wp\/v2\/posts\/18287\/revisions"}],"predecessor-version":[{"id":23833,"href":"http:\/\/fmriachuelo.it10.com.ar\/index.php\/wp-json\/wp\/v2\/posts\/18287\/revisions\/23833"}],"wp:attachment":[{"href":"http:\/\/fmriachuelo.it10.com.ar\/index.php\/wp-json\/wp\/v2\/media?parent=18287"}],"wp:term":[{"taxonomy":"category","embeddable":true,"href":"http:\/\/fmriachuelo.it10.com.ar\/index.php\/wp-json\/wp\/v2\/categories?post=18287"},{"taxonomy":"post_tag","embeddable":true,"href":"http:\/\/fmriachuelo.it10.com.ar\/index.php\/wp-json\/wp\/v2\/tags?post=18287"}],"curies":[{"name":"wp","href":"https:\/\/api.w.org\/{rel}","templated":true}]}}