{"id":18286,"date":"2015-07-30T13:48:00","date_gmt":"2015-07-30T13:48:00","guid":{"rendered":"http:\/\/fmriachuelo.observatorioess.org.ar\/index.php\/2015\/07\/30\/neuquen-triunfo-de-asamblea-vecinal-de-las-coloradas\/"},"modified":"2025-05-06T11:55:21","modified_gmt":"2025-05-06T14:55:21","slug":"neuquen-triunfo-de-asamblea-vecinal-de-las-coloradas","status":"publish","type":"post","link":"http:\/\/fmriachuelo.it10.com.ar\/index.php\/2015\/07\/30\/neuquen-triunfo-de-asamblea-vecinal-de-las-coloradas\/","title":{"rendered":"NEUQU\u00c9N: TRIUNFO DE ASAMBLEA VECINAL DE LAS COLORADAS"},"content":{"rendered":"<p><span style=\"color: red;font-family: Verdana, sans-serif;font-size: large\"><strong>SUSPENDEN AUDIENCIA P\u00daBLICA<\/strong><\/span><br \/><span style=\"font-family: Verdana, sans-serif\">VECIN@S DE LAS COLORADAS Y JUN\u00cdN DE LOS ANDES DICEN NO A LA MINA<\/span><br \/><a href=\"http:\/\/4.bp.blogspot.com\/-l_UReC0-U9I\/VboqbaMJWvI\/AAAAAAAAFq0\/TzP2sVzxKls\/s1600\/no.jpg\" style=\"clear: left;float: left;margin-bottom: 1em;margin-right: 1em\"><img loading=\"lazy\" decoding=\"async\" border=\"0\" height=\"133\" src=\"http:\/\/4.bp.blogspot.com\/-l_UReC0-U9I\/VboqbaMJWvI\/AAAAAAAAFq0\/TzP2sVzxKls\/s200\/no.jpg\" width=\"200\" \/><\/a><strong style=\"text-align: justify\"><\/strong><br \/><span style=\"font-family: Verdana, sans-serif;text-align: justify\">La asamblea de vecinos y vecinas de <\/span><strong style=\"font-family: Verdana, sans-serif;text-align: justify\">Las Coloradas<\/strong><span style=\"font-family: Verdana, sans-serif;text-align: justify\"> consigui\u00f3 el primer triunfo en la lucha contra la minera que se pretende instalar en esa zona del sudeste de la provincia.<\/span><br \/><a name='more'><\/a><span style=\"font-family: Verdana, sans-serif;text-align: justify\">La justicia hizo lugar al amparo y la medida cautelar para suspender la audiencia p\u00fablica llamada por la Secretar\u00eda de Ambiente de la provincia para el 12 de agosto.<\/span><\/p>\n<div style=\"text-align: justify\"><span style=\"font-family: Verdana, sans-serif\">Sobre la ordenanza que se aprob\u00f3 en la Concejo Deliberante de Las Coloradas,&nbsp; explicaron que hay varios puntos cuestionables:<br \/>No proh\u00edbe la megaminer\u00eda, solo explica que no autoriza y no aclara que tipo de miner\u00eda no est\u00e1 permitida: \u201cSe ha perdido la posibilidad importante de hace una norma muy buena y lo m\u00e1s protectora posible del ambiente y la comunidad\u201d, indic\u00f3 el abogado. \u201cSe deja v\u00eda libre para otro modo extractivo, como la fractura hidr\u00e1ulica.\u201d<br \/>Indic\u00f3 adem\u00e1s que la ordenanza dice explicitamente que se est\u00e1 en \u201cconsonancia con Naci\u00f3n y provincia\u201d y dice que Las Coloradas no est\u00e1 ajena a los proyecto extractivista.<\/span><\/div>\n<div style=\"text-align: justify\"><strong style=\"font-family: Verdana, sans-serif\">El 7 de agosto marchar\u00e1n en Las Coloradas por el NO A LA MINA<\/strong><\/p>\n<div style=\"text-align: justify\"><span style=\"font-family: Verdana, sans-serif\">El pr\u00f3ximo viernes a partir de las 11 hs se realizar\u00e1 una marcha y un posterior festival cultural organizado por la asamblea de vecinas y vecinos autoconvocados de Las Coloradas y grupos de apoyo para expresar su rechazo la minera que se pretende instalar a 20 km de esa localidad en la naciente del rio Catan Lil que alimenta esa zona.<br \/>Se trata de la empresa Southern Copper, de origen peruano con capitales mexicanos y estadounidense que pretende instalarse en la zona denominada \u201cla Voluntad\u201d para explotar cobre, oro y molibdeno a trav\u00e9s de la megaminer\u00eda a cielo abierto.<br \/>El objetivo principal de las actividades ser\u00e1 evitar que se concrete la audiencia p\u00fablica convocada por a la secretar\u00eda de medioambiente de la provincia para el 12 de agosto en cercan\u00edas de Las Coloradas y el lugar que se pretende utilizar por la minera.<br \/>Desde el ejecutivo provincial llamaron a las partes a exponer para habilidad de esa manera la primera etapa del proyecto que contempla la exploraci\u00f3n de la zona.<br \/>De todas maneras, vecinas y vecinos del lugar informaron durante la asamblea de este fin de semana que dos mexicanos de la empresa ya se present\u00f3 en la ciudad y mantuvo reuniones con integrantes del municipio de Las Coloradas.<\/span><\/div>\n<div style=\"text-align: justify\"><span style=\"font-family: Verdana\"><b><span style=\"color: #0b5394;font-size: x-small\">8300WEB-NO A LA MINA ORG\/PRODUCCI\u00d3N RICHUELO<\/span><\/b><\/span><span style=\"font-family: Verdana\"><\/span><\/div>\n<\/div>\n","protected":false},"excerpt":{"rendered":"<p>SUSPENDEN AUDIENCIA P\u00daBLICAVECIN@S DE LAS COLORADAS Y JUN\u00cdN DE LOS ANDES DICEN NO A LA MINALa asamblea de vecinos y vecinas de Las Coloradas consigui\u00f3 el primer triunfo en la lucha contra la minera que se pretende instalar en esa zona del sudeste de la provincia.La justicia hizo lugar al amparo y la medida cautelar [&hellip;]<\/p>\n","protected":false},"author":4,"featured_media":0,"comment_status":"open","ping_status":"open","sticky":false,"template":"","format":"standard","meta":{"_monsterinsights_skip_tracking":false,"_monsterinsights_sitenote_active":false,"_monsterinsights_sitenote_note":"","_monsterinsights_sitenote_category":0,"jnews-multi-image_gallery":[],"jnews_single_post":{"format":"standard"},"jnews_primary_category":[],"_joinchat":[],"footnotes":""},"categories":[58],"tags":[71,147,157],"class_list":["post-18286","post","type-post","status-publish","format-standard","hentry","category-noticiariachuelo","tag-de-la-tierra","tag-habitat","tag-nadie-se-salva-solo"],"_links":{"self":[{"href":"http:\/\/fmriachuelo.it10.com.ar\/index.php\/wp-json\/wp\/v2\/posts\/18286","targetHints":{"allow":["GET"]}}],"collection":[{"href":"http:\/\/fmriachuelo.it10.com.ar\/index.php\/wp-json\/wp\/v2\/posts"}],"about":[{"href":"http:\/\/fmriachuelo.it10.com.ar\/index.php\/wp-json\/wp\/v2\/types\/post"}],"author":[{"embeddable":true,"href":"http:\/\/fmriachuelo.it10.com.ar\/index.php\/wp-json\/wp\/v2\/users\/4"}],"replies":[{"embeddable":true,"href":"http:\/\/fmriachuelo.it10.com.ar\/index.php\/wp-json\/wp\/v2\/comments?post=18286"}],"version-history":[{"count":1,"href":"http:\/\/fmriachuelo.it10.com.ar\/index.php\/wp-json\/wp\/v2\/posts\/18286\/revisions"}],"predecessor-version":[{"id":23836,"href":"http:\/\/fmriachuelo.it10.com.ar\/index.php\/wp-json\/wp\/v2\/posts\/18286\/revisions\/23836"}],"wp:attachment":[{"href":"http:\/\/fmriachuelo.it10.com.ar\/index.php\/wp-json\/wp\/v2\/media?parent=18286"}],"wp:term":[{"taxonomy":"category","embeddable":true,"href":"http:\/\/fmriachuelo.it10.com.ar\/index.php\/wp-json\/wp\/v2\/categories?post=18286"},{"taxonomy":"post_tag","embeddable":true,"href":"http:\/\/fmriachuelo.it10.com.ar\/index.php\/wp-json\/wp\/v2\/tags?post=18286"}],"curies":[{"name":"wp","href":"https:\/\/api.w.org\/{rel}","templated":true}]}}