{"id":18285,"date":"2015-07-30T13:59:00","date_gmt":"2015-07-30T13:59:00","guid":{"rendered":"http:\/\/fmriachuelo.observatorioess.org.ar\/index.php\/2015\/07\/30\/asamblea-permanente-por-el-bosque-comarca-andina\/"},"modified":"2025-05-06T11:56:00","modified_gmt":"2025-05-06T14:56:00","slug":"asamblea-permanente-por-el-bosque-comarca-andina","status":"publish","type":"post","link":"http:\/\/fmriachuelo.it10.com.ar\/index.php\/2015\/07\/30\/asamblea-permanente-por-el-bosque-comarca-andina\/","title":{"rendered":"ASAMBLEA PERMANENTE POR EL BOSQUE &#8211; COMARCA ANDINA"},"content":{"rendered":"<p><span style=\"color: red;font-family: Verdana, sans-serif;font-size: large\"><strong>DESASTRE AMBIENTAL<\/strong><\/span><\/p>\n<div style=\"text-align: justify\">\n<div style=\"text-align: left\"><span style=\"font-family: Verdana\">REPRODUCIMOS COMUNICADO DE PRENSA 23\/07\/15<\/span><\/div>\n<\/div>\n<div style=\"text-align: justify\"><a href=\"http:\/\/4.bp.blogspot.com\/-LgxwZz-ICpk\/VbotXwPO3SI\/AAAAAAAAFrA\/JFTAOCERB0o\/s1600\/afiche%2B_VOLANTEADA%2B4%2BDE%2BAGOSTO%2B-%2Bbaja.jpg\" style=\"clear: left;float: left;margin-bottom: 1em;margin-right: 1em\"><img loading=\"lazy\" decoding=\"async\" border=\"0\" height=\"165\" src=\"http:\/\/4.bp.blogspot.com\/-LgxwZz-ICpk\/VbotXwPO3SI\/AAAAAAAAFrA\/JFTAOCERB0o\/s200\/afiche%2B_VOLANTEADA%2B4%2BDE%2BAGOSTO%2B-%2Bbaja.jpg\" width=\"200\" \/><\/a><span style=\"font-family: Verdana, sans-serif\">La <strong>ASAMBLEA PERMANENTE POR EL BOSQUE \u2013 COMARCA ANDINA<\/strong> est\u00e1 integrada por vecinos y vecinas autoconvocados a partir de los incendios forestales del verano pasado.<br \/>A partir de esos graves hechos, nos venimos encontrando cada domingo.<\/span><br \/><a name='more'><\/a><span style=\"font-family: Verdana, sans-serif\">Desde este espacio autogestionado llevamos adelante an\u00e1lisis y acciones como estas:<br \/>* pedidos de informes para saber qu\u00e9 fue lo que pas\u00f3, quienes son los responsables del desastre ambiental, qu\u00e9 intereses econ\u00f3micos e inmobiliarios est\u00e1n detr\u00e1s del mayor incendio de los \u00faltimos a\u00f1os, con una p\u00e9rdida de <strong>60 mil hect\u00e1reas de bosque nativo.<\/strong>* encuentros con los y las Brigadistas y Bomberos Vountarios para realizar charlas informativas y de prevenci\u00f3n, a fin de planificar tareas de prevenci\u00f3n para que podamos estar mejor preparados como comunidad<br \/>* nos organizamos vecinalmente en los parajes.<\/span><br \/><span style=\"font-family: Verdana, sans-serif\">* realizaci\u00f3n de murales, actividades de capacitaci\u00f3n, spots radiales, participaci\u00f3n en marchas.<br \/>Frente a la movilizaci\u00f3n popular y ante la Asamblea, el Gobernador Mart\u00edn Buzzi envi\u00f3 como interlocutora a la funcionaria Joana Peralta. Pero lejos de responder a las propuestas presentadas por los vecinos, se pretendi\u00f3 dilatar tiempos y desviar nuestras acciones para finalmente disolver de manera unilateral este canal de comunicaci\u00f3n.<br \/>En estos meses enviamos pedidos de informes, y elevamos a las autoridades provinciales un Exigitorio avalado por cientos de firmas y apoyos de organizaciones de todo el pa\u00eds.<br \/>ENTRE OTROS PUNTOS, EL EXIGITORIO PLANTE\u00d3:<br \/>En relaci\u00f3n al \u201cParque Interjuridiccional\u201d prometido por el Gobernador:<br \/>*declarar todo el territorio \u00abDe inter\u00e9s p\u00fablico y sujeto a expropiaci\u00f3n\u00bb<br \/>* establecer servidumbres de paso y servidumbres ecol\u00f3gicas, para que el p\u00fablico en general pueda acceder libremente a todos los r\u00edos, lagos, bosques, glaciares y monta\u00f1as<br \/>* establecer que la gesti\u00f3n del \u00c1rea protegida sea bajo un r\u00e9gimen de co-manejo con la comunidad local, organizaciones y los colectivos sociales de la regi\u00f3n<br \/>Tambi\u00e9n planteamos:<br \/>* dar de baja TODAS las actividades que hayan sido autorizadas sin Estudio de Impacto Ambiental ni Audiencia P\u00fablica, especialmente el Heli ski y la construcci\u00f3n de refugios en zona roja de la ley de bosques y\/o en zona comprendida por la ley de glaciares<br \/>* dar de baja TODAS las concesiones mineras, forestales y de otra \u00edndole que afecten directamente los bienes comunes, as\u00ed como erradicar todas las forestaciones con pinos.<br \/>En relaci\u00f3n a nuestro pedido de informaci\u00f3n sobre el Catastro Minero, el mapa suministrado por las autoridades NO ES el catastro minero. El mapa que publica el Gobierno es impreciso, incompleto y recortado.<br \/>A cinco meses del incendio y a noventa d\u00edas de la presentaci\u00f3n del Exigitorio no hay respuestas del Gobierno provincial.<br \/>No hay un plan de prevenci\u00f3n ni de recuperaci\u00f3n del bosque.<br \/>No hay resultados de la Comisi\u00f3n investigadora.<br \/>No hay ning\u00fan responsable.<br \/>TENEMOS DERECHO A TENER RESPUESTA Y ACCEDER A LA INFORMACI\u00d3N P\u00daBLICA.<br \/>PORQUE LLEG\u00d3 EL INVIERNO, PERO EL INCENDIO NO TERMIN\u00d3 Y NO QUEREMOS QUE SE REPITA.<br \/>ASAMBLEA PERMANENTE POR EL BOSQUE<br \/>Domingos, 18:00. En la sede de ATECH. LAGO PUELO<\/span><br \/><span style=\"color: #0b5394;font-family: Verdana;font-size: x-small\"><b>ASAMBLEA DEL BOSQUE\/PRODUCCI\u00d3N RIACHUELO<\/b><\/span><br \/><span style=\"font-family: Verdana, sans-serif\"><\/span><\/div>\n","protected":false},"excerpt":{"rendered":"<p>DESASTRE AMBIENTAL REPRODUCIMOS COMUNICADO DE PRENSA 23\/07\/15 La ASAMBLEA PERMANENTE POR EL BOSQUE \u2013 COMARCA ANDINA est\u00e1 integrada por vecinos y vecinas autoconvocados a partir de los incendios forestales del verano pasado.A partir de esos graves hechos, nos venimos encontrando cada domingo.Desde este espacio autogestionado llevamos adelante an\u00e1lisis y acciones como estas:* pedidos de informes [&hellip;]<\/p>\n","protected":false},"author":4,"featured_media":0,"comment_status":"open","ping_status":"open","sticky":false,"template":"","format":"standard","meta":{"_monsterinsights_skip_tracking":false,"_monsterinsights_sitenote_active":false,"_monsterinsights_sitenote_note":"","_monsterinsights_sitenote_category":0,"jnews-multi-image_gallery":[],"jnews_single_post":{"format":"standard"},"jnews_primary_category":[],"_joinchat":[],"footnotes":""},"categories":[58],"tags":[71,147,157],"class_list":["post-18285","post","type-post","status-publish","format-standard","hentry","category-noticiariachuelo","tag-de-la-tierra","tag-habitat","tag-nadie-se-salva-solo"],"_links":{"self":[{"href":"http:\/\/fmriachuelo.it10.com.ar\/index.php\/wp-json\/wp\/v2\/posts\/18285","targetHints":{"allow":["GET"]}}],"collection":[{"href":"http:\/\/fmriachuelo.it10.com.ar\/index.php\/wp-json\/wp\/v2\/posts"}],"about":[{"href":"http:\/\/fmriachuelo.it10.com.ar\/index.php\/wp-json\/wp\/v2\/types\/post"}],"author":[{"embeddable":true,"href":"http:\/\/fmriachuelo.it10.com.ar\/index.php\/wp-json\/wp\/v2\/users\/4"}],"replies":[{"embeddable":true,"href":"http:\/\/fmriachuelo.it10.com.ar\/index.php\/wp-json\/wp\/v2\/comments?post=18285"}],"version-history":[{"count":1,"href":"http:\/\/fmriachuelo.it10.com.ar\/index.php\/wp-json\/wp\/v2\/posts\/18285\/revisions"}],"predecessor-version":[{"id":23837,"href":"http:\/\/fmriachuelo.it10.com.ar\/index.php\/wp-json\/wp\/v2\/posts\/18285\/revisions\/23837"}],"wp:attachment":[{"href":"http:\/\/fmriachuelo.it10.com.ar\/index.php\/wp-json\/wp\/v2\/media?parent=18285"}],"wp:term":[{"taxonomy":"category","embeddable":true,"href":"http:\/\/fmriachuelo.it10.com.ar\/index.php\/wp-json\/wp\/v2\/categories?post=18285"},{"taxonomy":"post_tag","embeddable":true,"href":"http:\/\/fmriachuelo.it10.com.ar\/index.php\/wp-json\/wp\/v2\/tags?post=18285"}],"curies":[{"name":"wp","href":"https:\/\/api.w.org\/{rel}","templated":true}]}}