{"id":18283,"date":"2015-07-20T02:35:00","date_gmt":"2015-07-20T02:35:00","guid":{"rendered":"http:\/\/fmriachuelo.observatorioess.org.ar\/index.php\/2015\/07\/20\/la-boca-lanzamiento-del-6-festival-internacional-de-titeres-al-sur\/"},"modified":"2025-04-23T17:50:35","modified_gmt":"2025-04-23T20:50:35","slug":"la-boca-lanzamiento-del-6-festival-internacional-de-titeres-al-sur","status":"publish","type":"post","link":"http:\/\/fmriachuelo.it10.com.ar\/index.php\/2015\/07\/20\/la-boca-lanzamiento-del-6-festival-internacional-de-titeres-al-sur\/","title":{"rendered":"LA BOCA: LANZAMIENTO DEL 6\u00b0 FESTIVAL INTERNACIONAL DE T\u00cdTERES AL SUR"},"content":{"rendered":"<div style=\"text-align: justify\"><span style=\"font-family: Verdana,sans-serif\"><span style=\"font-size: large\"><span style=\"color: red\"><b>CULTURA POPULAR<\/b><\/span><\/span><\/span><\/div>\n<div style=\"text-align: justify\"><span style=\"font-family: Verdana,sans-serif\"><span style=\"font-size: small\"><span style=\"color: red\"><\/span><span style=\"color: red\"><span style=\"color: red\"><span style=\"color: black\">DESDE LA CALLE Y CON LAS ORGANIZACIONES EL BARRIO<\/span><\/span><\/span><\/span><\/span><\/div>\n<div style=\"text-align: justify\"><span style=\"font-family: Verdana,sans-serif\"><span style=\"font-size: small\"><span><\/span><span><\/span>Escuch\u00e1 las palabras de:<\/span><\/span><\/div>\n<div style=\"text-align: justify\"><span style=\"font-family: Verdana,sans-serif\"><span style=\"font-size: small\"><span style=\"color: #0b5394\"><b><a href=\"http:\/\/inauguraci%C3%93n%20del%206%20festival%20de%20titeres%20al%20sur\/\">ADELMAR BIANCHI<span style=\"font-size: small\"> &#8211; <\/span>DIRECTOR DEL GRUPO DE TEATRO DE CATALINAS SUR<\/a><\/b><\/span><\/span><\/span><\/div>\n<div style=\"text-align: justify\"><span style=\"font-family: Verdana,sans-serif\"><span style=\"font-size: small\"><a href=\"http:\/\/www.mediafire.com\/listen\/9et5n6b8ugftppu\/07-18-2015_-_MANU_MANSILLA_-_Habla_sobre_el_festival_y_presenta_a_NELI,_un_ti%C3%8C%C2%81tere_de_Catalinas.mp3\"><b><span style=\"color: #0b5394\">MANU MAT\u00cdNEZ Y NELI&nbsp; <\/span><\/b><\/a><\/span><\/span><\/div>\n<div style=\"text-align: justify\"><a href=\"http:\/\/4.bp.blogspot.com\/-Q0HDp6c3HKo\/VaxcW57gbZI\/AAAAAAAAFfc\/IMtzXgaUZnQ\/s1600\/IMG_20150718_144532939_HDR.jpg\" style=\"clear: left;float: left;margin-bottom: 1em;margin-right: 1em\"><img loading=\"lazy\" decoding=\"async\" border=\"0\" height=\"179\" src=\"http:\/\/4.bp.blogspot.com\/-Q0HDp6c3HKo\/VaxcW57gbZI\/AAAAAAAAFfc\/IMtzXgaUZnQ\/s320\/IMG_20150718_144532939_HDR.jpg\" width=\"320\" \/><\/a><span style=\"font-family: Verdana,sans-serif\"><span style=\"font-size: small\"><b><span style=\"font-size: small\">[FMR Domingo 19\/7\/15] <\/span>Ayer se  realiz\u00f3 el lanzamiento del 6\u00b0 FESTIVAL INTERNACIONAL DE T\u00cdTERES AL SUR.  El GRUPO DE TEATRO DE CATALINAS SUR, convoc\u00f3 a los vecinos a la&nbsp;<\/b><b>Plaza Malvinas para el espect\u00e1culo de lanzamiento.<\/b> La actividad finaliz\u00f3 con la habitual y multitudinaria marcha, sin distinci\u00f3n entre artistas, vecinos y las organizaciones del barrio, hasta el Galp\u00f3n de Catalinas.<\/span><\/span><\/div>\n<div style=\"text-align: justify\"><span style=\"font-family: Verdana,sans-serif\"><span style=\"font-size: small\">Desde ma\u00f1ana, lunes 20, comienzan las funciones en las distintas sedes.<\/span><\/span><\/div>\n<div style=\"text-align: justify\"><span style=\"font-family: Verdana,sans-serif\"><a href=\"http:\/\/issuu.com\/festivalalsur\/docs\/grilla_festival_2015\"><b><span style=\"color: #0b5394\">AC\u00c1 TEN\u00c9S LA GRILLA DE PROGRAMACI\u00d3N DEL FESTIVAL AL SUR<\/span><\/b><\/a><\/span><\/div>\n<p><a name='more'><\/a><span style=\"font-family: Verdana,sans-serif\"><span style=\"font-size: small\">Durante<span style=\"font-size: small\"> tarde del s\u00e1bado pasado<span style=\"font-size: small\"> comenz\u00f3<span style=\"font-size: small\"> <\/span><\/span><\/span><\/span><\/span><span style=\"font-size: small\">el 6\u00b0 FESTIVAL INTERNACIONAL DE T\u00cdTERES AL SUR.  Con la convocatoria realizada por el GRUPO DE TEATRO DE CATALINAS SUR<span style=\"font-size: small\"> l<\/span>os vecinos se acercaro<span style=\"font-size: small\">n <\/span>a la&nbsp;Plaza Malvinas, Caboto y Espinosa, donde se pudo apreciar un hermoso espect\u00e1culo.<\/span><\/p>\n<div style=\"text-align: justify\"><span style=\"font-family: Verdana,sans-serif\"><span style=\"font-size: small\">El  Coro del Teatro Catalinas recibi\u00f3 a las familias y vecinos que se  acercaron entonando hermosas canciones, La Orquesta At\u00edpica Catalinas  Sur deleit\u00f3 a la concurrencia interpretando temas propios y tambi\u00e9n de  autores populares. Tambi\u00e9n se present\u00f3 un espect\u00e1culo&nbsp;a\u00e9reo&nbsp;con  acr\u00f3batas que guiaban las miradas de ni\u00f1os y adultos a un cielo soleado  y celeste realizando figuras, desliz\u00e1ndose en cintas y lanzando  globos. Los t\u00edteres formaron parte del festejo alegrando e interactuando  con los ni\u00f1os presentes, provocando risas y mucha alegr\u00eda.<\/span><\/span><\/div>\n<div style=\"text-align: justify\"><a href=\"http:\/\/1.bp.blogspot.com\/-5htGXKjK_pI\/VaxdGLlkF4I\/AAAAAAAAFfk\/XnXZPnG3mwI\/s1600\/IMG_20150718_144806697.jpg\" style=\"clear: left;float: left;margin-bottom: 1em;margin-right: 1em\"><img loading=\"lazy\" decoding=\"async\" border=\"0\" height=\"320\" src=\"http:\/\/1.bp.blogspot.com\/-5htGXKjK_pI\/VaxdGLlkF4I\/AAAAAAAAFfk\/XnXZPnG3mwI\/s320\/IMG_20150718_144806697.jpg\" style=\"cursor: move\" width=\"179\" \/><\/a><span style=\"font-family: Verdana,sans-serif\"><span style=\"font-size: small\">Para culminar se realiz\u00f3 la habitual&nbsp;caravana&nbsp;con  todos los vecinos que se acercaron, junto a la orquesta, los t\u00edteres y las organizaciones <span style=\"font-size: small\">del barrio<\/span>,  recorriendo algunas calles&nbsp;de la Boca hasta llegar a la puerta del  Galp\u00f3n de Catalinas, Benito P\u00e9rez Gald\u00f3s 93, donde se desarroll\u00f3 la  primera funci\u00f3n.&nbsp;<\/span><\/span><\/div>\n<div style=\"text-align: justify\"><span style=\"font-family: Verdana,sans-serif\"><span style=\"font-size: small\">A  partir del Lunes 20 se podr\u00e1n apreciar los diferentes espect\u00e1culos en  diferentes sedes en forma gratuita y en otras a precios populares.&nbsp;<\/span><\/span><\/div>\n<div style=\"text-align: justify\"><span style=\"font-family: Verdana,sans-serif\"><span style=\"font-size: small\">Toda la informaci\u00f3n de las actividades, horarios y sedes, la pueden obtener en <a href=\"http:\/\/www.festivalalsur.com.ar\/\" target=\"_blank\" rel=\"noopener\">www.festivalalsur.com.ar<\/a> o en <a href=\"http:\/\/www.catalinasur.com.ar\/\" target=\"_blank\" rel=\"noopener\">www.catalinasur.com.ar<\/a>, telef\u00f3nicamente al 403-1097 o 4300-5707 y tambi\u00e9n&nbsp;acerc\u00e1ndose&nbsp;al Galp\u00f3n de Catalinas.<\/span><\/span><\/div>\n<div style=\"text-align: justify\"><a href=\"http:\/\/4.bp.blogspot.com\/-yYOEZZUCKMs\/VaxeKyuevBI\/AAAAAAAAFfw\/c1VSL5nOS18\/s1600\/IMG_20150718_150844661_HDR.jpg\" style=\"clear: left;float: left;margin-bottom: 1em;margin-right: 1em\"><img loading=\"lazy\" decoding=\"async\" border=\"0\" height=\"320\" src=\"http:\/\/4.bp.blogspot.com\/-yYOEZZUCKMs\/VaxeKyuevBI\/AAAAAAAAFfw\/c1VSL5nOS18\/s320\/IMG_20150718_150844661_HDR.jpg\" width=\"179\" \/><\/a><span style=\"font-family: Verdana,sans-serif\"><span style=\"font-size: small\"><a href=\"http:\/\/www.mediafire.com\/listen\/jgo0b5afnfqvf7o\/07-18-2015_-_ADELMAR_BIANCHI_-_Salio%C3%8C%C2%81_perfecta_la_presentacio%C3%8C%C2%81n_y_este_es_nuestro_marco_para_que_los_vecinos_se_expresen.mp3\"><span style=\"font-size: small\"><span style=\"color: #0b5394\"><b>ADELMAR BIANCHI<\/b><\/span><\/span><\/a>, director del teatro, cont\u00f3 a FM RIACHUELO la satisfacci\u00f3n  de pertenecer a un lugar que enmarca las expresiones de los vecinos a  trav\u00e9s de la cultura barrial y lo satisfecho que se encontraba con el  festejo.<\/span><\/span><\/div>\n<div style=\"text-align: justify\"><span style=\"font-family: Verdana,sans-serif\"><span style=\"font-size: small\"><a href=\"http:\/\/www.mediafire.com\/listen\/9et5n6b8ugftppu\/07-18-2015_-_MANU_MANSILLA_-_Habla_sobre_el_festival_y_presenta_a_NELI,_un_ti%C3%8C%C2%81tere_de_Catalinas.mp3\"><span style=\"font-size: small\"><b><span style=\"color: #0b5394\">MANU MAT\u00cdNEZ Y NELI<\/span><\/b><\/span><\/a>,<span style=\"font-size: small\"> <\/span>su t\u00edtere, tambi\u00e9n conversaron con <span style=\"color: red\"><b>FM Riachuelo<\/b><\/span>, explicando con quienes contar\u00e1 este Festival.<\/span><\/span><\/div>\n<div style=\"text-align: justify\"><span style=\"font-family: Verdana,sans-serif\"><span style=\"font-size: small\"><span style=\"font-size: x-small\"><span style=\"color: #0b5394\"><b>PRODUCCI\u00d3N RIACHUELO <\/b><\/span><\/span><\/span><\/span><\/div>\n","protected":false},"excerpt":{"rendered":"<p>CULTURA POPULAR DESDE LA CALLE Y CON LAS ORGANIZACIONES EL BARRIO Escuch\u00e1 las palabras de: ADELMAR BIANCHI &#8211; DIRECTOR DEL GRUPO DE TEATRO DE CATALINAS SUR MANU MAT\u00cdNEZ Y NELI&nbsp; [FMR Domingo 19\/7\/15] Ayer se realiz\u00f3 el lanzamiento del 6\u00b0 FESTIVAL INTERNACIONAL DE T\u00cdTERES AL SUR. El GRUPO DE TEATRO DE CATALINAS SUR, convoc\u00f3 a [&hellip;]<\/p>\n","protected":false},"author":4,"featured_media":0,"comment_status":"open","ping_status":"open","sticky":false,"template":"","format":"standard","meta":{"_monsterinsights_skip_tracking":false,"_monsterinsights_sitenote_active":false,"_monsterinsights_sitenote_note":"","_monsterinsights_sitenote_category":0,"jnews-multi-image_gallery":[],"jnews_single_post":{"format":"standard"},"jnews_primary_category":[],"_joinchat":[],"footnotes":""},"categories":[58],"tags":[66],"class_list":["post-18283","post","type-post","status-publish","format-standard","hentry","category-noticiariachuelo","tag-cultura-popular"],"_links":{"self":[{"href":"http:\/\/fmriachuelo.it10.com.ar\/index.php\/wp-json\/wp\/v2\/posts\/18283","targetHints":{"allow":["GET"]}}],"collection":[{"href":"http:\/\/fmriachuelo.it10.com.ar\/index.php\/wp-json\/wp\/v2\/posts"}],"about":[{"href":"http:\/\/fmriachuelo.it10.com.ar\/index.php\/wp-json\/wp\/v2\/types\/post"}],"author":[{"embeddable":true,"href":"http:\/\/fmriachuelo.it10.com.ar\/index.php\/wp-json\/wp\/v2\/users\/4"}],"replies":[{"embeddable":true,"href":"http:\/\/fmriachuelo.it10.com.ar\/index.php\/wp-json\/wp\/v2\/comments?post=18283"}],"version-history":[{"count":1,"href":"http:\/\/fmriachuelo.it10.com.ar\/index.php\/wp-json\/wp\/v2\/posts\/18283\/revisions"}],"predecessor-version":[{"id":23790,"href":"http:\/\/fmriachuelo.it10.com.ar\/index.php\/wp-json\/wp\/v2\/posts\/18283\/revisions\/23790"}],"wp:attachment":[{"href":"http:\/\/fmriachuelo.it10.com.ar\/index.php\/wp-json\/wp\/v2\/media?parent=18283"}],"wp:term":[{"taxonomy":"category","embeddable":true,"href":"http:\/\/fmriachuelo.it10.com.ar\/index.php\/wp-json\/wp\/v2\/categories?post=18283"},{"taxonomy":"post_tag","embeddable":true,"href":"http:\/\/fmriachuelo.it10.com.ar\/index.php\/wp-json\/wp\/v2\/tags?post=18283"}],"curies":[{"name":"wp","href":"https:\/\/api.w.org\/{rel}","templated":true}]}}