{"id":18259,"date":"2015-07-17T18:27:00","date_gmt":"2015-07-17T18:27:00","guid":{"rendered":"http:\/\/fmriachuelo.observatorioess.org.ar\/index.php\/2015\/07\/17\/debates-del-pueblo-organizado-para-la-construccion-de-conocimiento-colectivo-en-un-medio-de-comunicacion-popular\/"},"modified":"2025-04-23T17:29:46","modified_gmt":"2025-04-23T20:29:46","slug":"debates-del-pueblo-organizado-para-la-construccion-de-conocimiento-colectivo-en-un-medio-de-comunicacion-popular","status":"publish","type":"post","link":"http:\/\/fmriachuelo.it10.com.ar\/index.php\/2015\/07\/17\/debates-del-pueblo-organizado-para-la-construccion-de-conocimiento-colectivo-en-un-medio-de-comunicacion-popular\/","title":{"rendered":"DEBATES DEL PUEBLO ORGANIZADO PARA LA CONSTRUCCI\u00d3N DE CONOCIMIENTO COLECTIVO EN UN MEDIO DE COMUNICACI\u00d3N POPULAR"},"content":{"rendered":"<div style=\"text-align: left\"><span style=\"font-size: small\"><span style=\"font-family: Verdana,sans-serif\"><b><span style=\"font-size: large\"><span style=\"color: red\">LA LETRA CHICA<\/span><\/span><\/b><\/span><\/span><\/div>\n<div style=\"text-align: justify\"><span style=\"font-size: small\"><span style=\"font-family: Verdana,sans-serif\"><b>[FMR Viernes 17\/7\/15]&nbsp;<span style=\"color: white\"><span style=\"background-color: red\"> Ma\u00f1ana s\u00e1bado a partir de las 9 hs&nbsp;<span style=\"color: black\"><span style=\"background-color: white\"> s<\/span><\/span><\/span><\/span><span style=\"color: black\"><span style=\"background-color: white\">e<\/span><\/span> llevar\u00e1 a cabo el PRIMER FORO DE UNIVERSIDAD Y COMUNICACI\u00d3N POPULAR en la Universidad Nacional de Avellaneda.<\/b><span style=\"color: red\"><br \/><\/span><b><span style=\"color: red\"><span style=\"color: white\"><span style=\"background-color: red\">&nbsp;Hoy a las 16 hs&nbsp;<\/span><\/span> <span style=\"color: black\">se realizar\u00e1 un Programa Especial sobre Econom\u00eda Popular<\/span><\/span><span style=\"color: black\">. En esta ocasi\u00f3n desde el aire de nuestra FM Riachuelo se presentar\u00e1 el trabajo de articulaci\u00f3n entre<\/span> los estudiantes de la materia Trabajo  Social Comunitario 3, nuestra radio y las organizaciones del barrio<\/b>.<\/span><\/span><\/div>\n<div style=\"text-align: justify\"><span style=\"font-size: small\"><span style=\"font-family: Verdana,sans-serif\"><span style=\"color: white\"><span style=\"background-color: red\"><b>&nbsp;Hoy a las 19 hs&nbsp;<\/b><\/span><\/span><b> los invitamos a escuchar y participar de una Producci\u00f3n Especial de Cazadores de Zonceras: LAS 3T<\/b><b><b>: Trabajo, Tierra y Techo<\/b> <\/b><\/span><\/span><\/div>\n<div style=\"text-align: justify\">\n<div style=\"text-align: justify\"><a name='more'><\/a><\/p>\n<div style=\"text-align: justify\"><span style=\"font-size: small\"><span style=\"font-family: Verdana,sans-serif\"><b>[FMR Viernes 17\/7\/15]&nbsp;<span style=\"color: white\"><span style=\"background-color: red\"> Ma\u00f1ana s\u00e1bado a partir de las 9 hs&nbsp;<span style=\"color: black\"><span style=\"background-color: white\"> s<\/span><\/span><\/span><\/span><span style=\"color: black\"><span style=\"background-color: white\">e<\/span><\/span> llevar\u00e1 a cabo el PRIMER FORO DE UNIVERSIDAD Y COMUNICACI\u00d3N POPULAR en la Universidad Nacional de Avellaneda. <\/b>Como  FM estaremos participando y llevando a debate algunas de nuestras  miradas sobre la comunicaci\u00f3n popular.<\/span><\/span><\/div>\n<div style=\"text-align: justify\"><span style=\"font-size: small\"><span style=\"font-family: Verdana,sans-serif\"><span style=\"color: red\"><b>\u00a1\u00a1\u00a1LOS ESPERAMOS!!!<\/b><\/span><\/span><\/span><\/div>\n<div style=\"text-align: justify\"><span style=\"font-size: small\"><span style=\"font-family: Verdana,sans-serif\"><span style=\"color: #0b5394\"><a href=\"http:\/\/www.fmriachuelo.com.ar\/2015\/07\/universidad-nacional-de-avellaneda.html\" target=\"_blank\" rel=\"noopener\"><b>M\u00c1S INFORMACI\u00d3N SOBRE EL FORO<\/b><\/a><\/span><\/span><\/span><\/div>\n<div style=\"text-align: justify\"><span style=\"font-size: small\"><span style=\"font-family: Verdana,sans-serif\"><b><a href=\"http:\/\/www.fmriachuelo.com.ar\/2015\/06\/defensoria-del-publico-de-medios.html\" target=\"_blank\" rel=\"noopener\">MEDICI\u00d3N DE AUDIENCIAS: OTRA ARTICULACI\u00d3N CON LA UNIVERSIDAD Y LA COMUNICACI\u00d3N POPULAR<\/a><\/b><\/span><\/span><\/div>\n<div style=\"text-align: justify\"><span style=\"font-size: small\"><span style=\"font-family: Verdana,sans-serif\"><span style=\"color: red\"><br \/><\/span><b><span style=\"color: red\"><span style=\"color: white\"><span style=\"background-color: red\">&nbsp;Hoy a las 16 hs&nbsp;<\/span><\/span> <span style=\"color: black\">se realizar\u00e1 un Programa Especial sobre Econom\u00eda Popular<\/span><\/span><span style=\"color: black\">. En esta ocasi\u00f3n desde el aire de nuestra FM Riachuelo se presentar\u00e1 el trabajo de articulaci\u00f3n entre<\/span> los estudiantes de la materia Trabajo  Social Comunitario 3, nuestra radio y las organizaciones del barrio<\/b>. Se trata de un trabajo de revelamiento de las experiencias de  Vivienda, Comercializaci\u00f3n y Producci\u00f3n de los barrios de la Boca y  Barracas. Para as\u00ed contribuir a la instalaci\u00f3n y visibilizaci\u00f3n de la agenda de este emergente que en todos los  barrios comienza a ser claramente el principal organizador de los  sectores populares.<\/span><\/span><\/div>\n<div style=\"text-align: justify\"><span style=\"font-size: small\"><span style=\"font-family: Verdana,sans-serif\"><span style=\"color: white\"><span style=\"background-color: red\"><b>&nbsp;Hoy a las 19 hs&nbsp;<\/b><\/span><\/span><b> los invitamos a escuchar y participar de una Producci\u00f3n Especial de Cazadores de Zonceras: LAS 3T<\/b><b><b>: Trabajo, Tierra y Techo.<\/b> <\/b>Surgida  del \u00faltimo Encuentro Mundial de Movimientos Populares a partir de hoy  pondremos al aire una serie de tres programas especiales. Con invitados  que abordar\u00e1n desde el campo popular cada uno de estos temas. Para  empezar a escribir la letra chica del tiempo por venir y cumpliendo con  la funci\u00f3n de la militancia <b>tal como lo se\u00f1alara el Papa Francisco: Poetas Sociales.<\/b><\/span><\/span><\/div>\n<div style=\"text-align: justify\"><span style=\"font-size: small\"><span style=\"font-family: Verdana,sans-serif\"><b>TRABAJO es la T de hoy.<\/b> Nos acompa\u00f1ar\u00e1n <b>Esteban \u00abGringo\u00bb Castro,<\/b> Secretario General de la Confederaci\u00f3n de los Trabajadores de la Econom\u00eda Popular (CTEP), <b>Lito Borello<\/b>, Secretario de Vivienda y H\u00e1bitat de la CTEP, y <b>Luis C\u00e1ceres<\/b>, Secretario General de la Uni\u00f3n Obrera Ladrillera de la Rep\u00fablica Argentina, telef\u00f3nicamente.<\/span><\/span><br \/><span style=\"font-size: small\"><span style=\"font-family: Verdana,sans-serif\">Con la habitual conducci\u00f3n de <b>Kike Dordal<\/b> y la producci\u00f3n y puesta en el aire <b>del equipo de FM Riachuelo.<\/b><\/span><\/span><\/div>\n<\/div>\n<p><span style=\"font-size: small\"><span style=\"font-family: Verdana,sans-serif\"><\/span><\/span><\/div>\n","protected":false},"excerpt":{"rendered":"<p>LA LETRA CHICA [FMR Viernes 17\/7\/15]&nbsp; Ma\u00f1ana s\u00e1bado a partir de las 9 hs&nbsp; se llevar\u00e1 a cabo el PRIMER FORO DE UNIVERSIDAD Y COMUNICACI\u00d3N POPULAR en la Universidad Nacional de Avellaneda.&nbsp;Hoy a las 16 hs&nbsp; se realizar\u00e1 un Programa Especial sobre Econom\u00eda Popular. En esta ocasi\u00f3n desde el aire de nuestra FM Riachuelo se [&hellip;]<\/p>\n","protected":false},"author":4,"featured_media":0,"comment_status":"open","ping_status":"open","sticky":false,"template":"","format":"standard","meta":{"_monsterinsights_skip_tracking":false,"_monsterinsights_sitenote_active":false,"_monsterinsights_sitenote_note":"","_monsterinsights_sitenote_category":0,"jnews-multi-image_gallery":[],"jnews_single_post":{"format":"standard"},"jnews_primary_category":[],"_joinchat":[],"footnotes":""},"categories":[58],"tags":[108,64],"class_list":["post-18259","post","type-post","status-publish","format-standard","hentry","category-noticiariachuelo","tag-comunicacion-popular","tag-economia-popular"],"_links":{"self":[{"href":"http:\/\/fmriachuelo.it10.com.ar\/index.php\/wp-json\/wp\/v2\/posts\/18259","targetHints":{"allow":["GET"]}}],"collection":[{"href":"http:\/\/fmriachuelo.it10.com.ar\/index.php\/wp-json\/wp\/v2\/posts"}],"about":[{"href":"http:\/\/fmriachuelo.it10.com.ar\/index.php\/wp-json\/wp\/v2\/types\/post"}],"author":[{"embeddable":true,"href":"http:\/\/fmriachuelo.it10.com.ar\/index.php\/wp-json\/wp\/v2\/users\/4"}],"replies":[{"embeddable":true,"href":"http:\/\/fmriachuelo.it10.com.ar\/index.php\/wp-json\/wp\/v2\/comments?post=18259"}],"version-history":[{"count":1,"href":"http:\/\/fmriachuelo.it10.com.ar\/index.php\/wp-json\/wp\/v2\/posts\/18259\/revisions"}],"predecessor-version":[{"id":23784,"href":"http:\/\/fmriachuelo.it10.com.ar\/index.php\/wp-json\/wp\/v2\/posts\/18259\/revisions\/23784"}],"wp:attachment":[{"href":"http:\/\/fmriachuelo.it10.com.ar\/index.php\/wp-json\/wp\/v2\/media?parent=18259"}],"wp:term":[{"taxonomy":"category","embeddable":true,"href":"http:\/\/fmriachuelo.it10.com.ar\/index.php\/wp-json\/wp\/v2\/categories?post=18259"},{"taxonomy":"post_tag","embeddable":true,"href":"http:\/\/fmriachuelo.it10.com.ar\/index.php\/wp-json\/wp\/v2\/tags?post=18259"}],"curies":[{"name":"wp","href":"https:\/\/api.w.org\/{rel}","templated":true}]}}