{"id":18258,"date":"2015-07-19T18:43:00","date_gmt":"2015-07-19T18:43:00","guid":{"rendered":"http:\/\/fmriachuelo.observatorioess.org.ar\/index.php\/2015\/07\/19\/nicaragua-celebran-un-nuevo-aniversario-de-la-revolucion-sandinista\/"},"modified":"2025-04-23T17:36:11","modified_gmt":"2025-04-23T20:36:11","slug":"nicaragua-celebran-un-nuevo-aniversario-de-la-revolucion-sandinista","status":"publish","type":"post","link":"http:\/\/fmriachuelo.it10.com.ar\/index.php\/2015\/07\/19\/nicaragua-celebran-un-nuevo-aniversario-de-la-revolucion-sandinista\/","title":{"rendered":"NICARAGUA: CELEBRAN UN NUEVO ANIVERSARIO DE LA REVOLUCI\u00d3N SANDINISTA"},"content":{"rendered":"<p><span style=\"font-family: Verdana,sans-serif\"><span style=\"color: red;font-size: large\"><b>EL FIN DE UNA LARGA DICTADURA<\/b><\/span><\/span><\/p>\n<div style=\"clear: both;text-align: center\"><span style=\"font-family: Verdana,sans-serif\"><a href=\"http:\/\/2.bp.blogspot.com\/-DpgcPW9YlVU\/VavvBBCy19I\/AAAAAAAAFdM\/RVvNWrReNIU\/s1600\/rev.%2Bsandinista.jpg\" style=\"clear: left;float: left;margin-bottom: 1em;margin-right: 1em\"><img loading=\"lazy\" decoding=\"async\" border=\"0\" height=\"111\" src=\"http:\/\/2.bp.blogspot.com\/-DpgcPW9YlVU\/VavvBBCy19I\/AAAAAAAAFdM\/RVvNWrReNIU\/s200\/rev.%2Bsandinista.jpg\" width=\"200\" \/><\/a><\/span><\/div>\n<div style=\"text-align: justify\"><span style=\"font-family: Verdana,sans-serif\">Con la presencia de importantes personalidades, cientos de miles de nicarag\u00fcenses celebrar\u00e1n hoy el 36 aniversario de la Revoluci\u00f3n Popular Sandinista, que, en 1979, puso fin a d\u00e9cadas de dictadura de la familia Somoza.<\/span><br \/><a name='more'><\/a><span style=\"font-family: Verdana,sans-serif\">El 19 de julio de 1979, el Frente Sandinista de Liberaci\u00f3n Nacional  entr\u00f3 victoriosamente a Managua d\u00e1ndole la estocada final al gobierno encabezado por Anastasio Somoza Debayle, hijo de Anastasio Somoza Garc\u00eda fundador del r\u00e9gimen en la d\u00e9cada del \u00b430. <br \/> Con un amplio respaldo popular, el Frente Sandinista encabez\u00f3 una junta de cinco miembros constituida para administrar el pa\u00eds de cara a un per\u00edodo de transici\u00f3n. <\/span><br \/><span style=\"font-family: Verdana,sans-serif\"> En esa nueva etapa se anul\u00f3 la constituci\u00f3n somocista y se aplicaron una serie de reformas progresistas y antiimperialistas. Se llev\u00f3 a cabo una intensa campa\u00f1a de alfabetizaci\u00f3n, se nacionalizaron las tierras y propiedades de la familia Somoza y de sus colaboradores.<\/span><br \/><span style=\"font-family: Verdana,sans-serif\">Se dieron los primeros pasos para mejorar la atenci\u00f3n sanitaria y se comenz\u00f3 a implementar una reforma agraria, basada fundamentalmente en la conformaci\u00f3n de cooperativas de trabajadores.<br \/> Paralelamente, los sectores beneficiados con la dictadura somocista se exiliaron en Miami desde donde operaron fuertemente contra la Revoluci\u00f3n. <br \/> Una parte importante de la Guardia Nacional se refugi\u00f3 en Honduras y Costa Rica. Desde all\u00ed y financiados, en gran parte por Estados Unidos, iniciaron un proceso de agresiones que durar\u00eda casi una d\u00e9cada.<\/span><\/p>\n<div style=\"text-align: justify\"><span style=\"font-family: Verdana,sans-serif\"><span style=\"font-size: x-small\"><span style=\"color: #0b5394\"><b>CUBADEBATE\/PRODUCCI\u00d3N RIACHUELO<\/b><\/span><\/span><\/span><\/div>\n<\/div>\n","protected":false},"excerpt":{"rendered":"<p>EL FIN DE UNA LARGA DICTADURA Con la presencia de importantes personalidades, cientos de miles de nicarag\u00fcenses celebrar\u00e1n hoy el 36 aniversario de la Revoluci\u00f3n Popular Sandinista, que, en 1979, puso fin a d\u00e9cadas de dictadura de la familia Somoza.El 19 de julio de 1979, el Frente Sandinista de Liberaci\u00f3n Nacional entr\u00f3 victoriosamente a Managua [&hellip;]<\/p>\n","protected":false},"author":4,"featured_media":0,"comment_status":"open","ping_status":"open","sticky":false,"template":"","format":"standard","meta":{"_monsterinsights_skip_tracking":false,"_monsterinsights_sitenote_active":false,"_monsterinsights_sitenote_note":"","_monsterinsights_sitenote_category":0,"jnews-multi-image_gallery":[],"jnews_single_post":{"format":"standard"},"jnews_primary_category":[],"_joinchat":[],"footnotes":""},"categories":[58],"tags":[70],"class_list":["post-18258","post","type-post","status-publish","format-standard","hentry","category-noticiariachuelo","tag-de-la-patria-grande"],"_links":{"self":[{"href":"http:\/\/fmriachuelo.it10.com.ar\/index.php\/wp-json\/wp\/v2\/posts\/18258","targetHints":{"allow":["GET"]}}],"collection":[{"href":"http:\/\/fmriachuelo.it10.com.ar\/index.php\/wp-json\/wp\/v2\/posts"}],"about":[{"href":"http:\/\/fmriachuelo.it10.com.ar\/index.php\/wp-json\/wp\/v2\/types\/post"}],"author":[{"embeddable":true,"href":"http:\/\/fmriachuelo.it10.com.ar\/index.php\/wp-json\/wp\/v2\/users\/4"}],"replies":[{"embeddable":true,"href":"http:\/\/fmriachuelo.it10.com.ar\/index.php\/wp-json\/wp\/v2\/comments?post=18258"}],"version-history":[{"count":1,"href":"http:\/\/fmriachuelo.it10.com.ar\/index.php\/wp-json\/wp\/v2\/posts\/18258\/revisions"}],"predecessor-version":[{"id":23785,"href":"http:\/\/fmriachuelo.it10.com.ar\/index.php\/wp-json\/wp\/v2\/posts\/18258\/revisions\/23785"}],"wp:attachment":[{"href":"http:\/\/fmriachuelo.it10.com.ar\/index.php\/wp-json\/wp\/v2\/media?parent=18258"}],"wp:term":[{"taxonomy":"category","embeddable":true,"href":"http:\/\/fmriachuelo.it10.com.ar\/index.php\/wp-json\/wp\/v2\/categories?post=18258"},{"taxonomy":"post_tag","embeddable":true,"href":"http:\/\/fmriachuelo.it10.com.ar\/index.php\/wp-json\/wp\/v2\/tags?post=18258"}],"curies":[{"name":"wp","href":"https:\/\/api.w.org\/{rel}","templated":true}]}}