{"id":18257,"date":"2015-07-19T18:47:00","date_gmt":"2015-07-19T18:47:00","guid":{"rendered":"http:\/\/fmriachuelo.observatorioess.org.ar\/index.php\/2015\/07\/19\/mercosur-bolivia-ingresa-al-mercado-comun\/"},"modified":"2025-04-23T17:37:03","modified_gmt":"2025-04-23T20:37:03","slug":"mercosur-bolivia-ingresa-al-mercado-comun","status":"publish","type":"post","link":"http:\/\/fmriachuelo.it10.com.ar\/index.php\/2015\/07\/19\/mercosur-bolivia-ingresa-al-mercado-comun\/","title":{"rendered":"MERCOSUR: BOLIVIA INGRESA AL MERCADO COM\u00daN"},"content":{"rendered":"<div style=\"text-align: left\"><span style=\"color: red;font-family: Verdana, sans-serif;font-size: large\"><b>MIEMBRO PLENO<\/b><\/span><\/div>\n<div style=\"clear: both;text-align: left\"><span style=\"font-family: Verdana, sans-serif;font-size: small\">BOLIVIA SE CONVIRTI\u00d3 FORMALMENTE EN EL SEXTO MIEMBRO PLENO DEL MERCOSUR<\/span><a href=\"http:\/\/3.bp.blogspot.com\/-aHYyenc5J9M\/VavwNRwBxGI\/AAAAAAAAFdY\/xEMrUQ8HWVQ\/s1600\/MERCOSUR.jpg\" style=\"clear: left;float: left;margin-bottom: 1em;margin-right: 1em\"><img loading=\"lazy\" decoding=\"async\" border=\"0\" height=\"113\" src=\"http:\/\/3.bp.blogspot.com\/-aHYyenc5J9M\/VavwNRwBxGI\/AAAAAAAAFdY\/xEMrUQ8HWVQ\/s200\/MERCOSUR.jpg\" width=\"200\" \/><\/a><\/div>\n<div style=\"text-align: justify\"><span style=\"font-family: Verdana, sans-serif\">[Resumen Latinoamericano \/ Telam \/ 17 de julio de 2015] Durante la cumbre presidencial que el bloque realiz\u00f3 en Brasilia, en la que adem\u00e1s Paraguay recibi\u00f3 la jefatura pro-t\u00e9mpore y Ecuador, integrante observador, denunci\u00f3 intentos desestabilizadores de la oposici\u00f3n en contra de su gobierno.<\/span><br \/><a name='more'><\/a><br \/><span style=\"font-family: Verdana, sans-serif\">En el momento clave de la cumbre, desarrollada en el Palacio de Itamaraty -sede de la Canciller\u00eda brasile\u00f1a-, los pa\u00edses miembros del Mercosur -Argentina, Brasil, Paraguay, Uruguay y Venezuela- firmaron el protocolo de adhesi\u00f3n de Bolivia.<\/span><\/div>\n<p><span style=\"font-family: Verdana, sans-serif\"><\/span><br \/><span style=\"font-family: Verdana, sans-serif\">El documento fue ratificado por los presidentes de la Argentina, Cristina Fern\u00e1ndez de Kirchner; de Brasil, Dilma Rousseff; de Paraguay, Horacio Cartes; de Uruguay, Tabar\u00e9 V\u00e1zquez, y de Venezuela, Nicol\u00e1s Maduro, adem\u00e1s del propio mandatario boliviano, Evo Morales.<br \/> Argentina, Brasil, Uruguay y Venezuela ya hab\u00edan firmado en 2012 el protocolo de ingreso del pa\u00eds andino, pero faltaba la firma de Paraguay, por entonces suspendido por el golpe institucional contra Fernando Lugo, en junio de ese a\u00f1o, considerada antidemocr\u00e1tica por los pa\u00edses miembro, lo que oblig\u00f3 a la firma hoy de un nuevo texto, ya con Asunci\u00f3n incorporada.<br \/>De acuerdo al reglamento del Mercosur, la adhesi\u00f3n de Bolivia como miembro pleno debe ser ratificada ahora por los Congresos de Brasil, Paraguay y Bolivia, como ya lo hicieron los Parlamentos de Argentina, Uruguay y Venezuela.<br \/>El documento suscrito hoy pone de relieve la importancia de la adhesi\u00f3n de Bolivia \u201cpara la consolidaci\u00f3n del proceso de integraci\u00f3n de Am\u00e9rica del Sur, con base al esfuerzo mutuo y la convergencia de los diferentes esfuerzos y mecanismos subregionales de integraci\u00f3n\u201d.<br \/>A partir de ahora, Bolivia tendr\u00e1 cuatro a\u00f1os para adecuarse a las normas del bloque, lo que implica, entre otras condiciones, usar la Tarifa Externa Com\u00fan (TEC), que se utiliza en transacciones comerciales con terceros pa\u00edses.<br \/>Los presidentes tuvieron hoy una primera reuni\u00f3n privada, a la que se sumaron m\u00e1s tarde los representantes de los pa\u00edses asociados: Morales; el vice ecuatoriano Jorge Glas; el mandatario guyan\u00e9s David Granger; el ministro chileno, Jorge Burgos; la embajadora colombiana en Brasilia Patricia C\u00e1rdenas; y la coordinadora nacional de Per\u00fa para el bloque Marcela L\u00f3pez Bravo.<br \/> Al celebrar el ingreso de Bolivia, Morales destac\u00f3 su \u201calegr\u00eda porque despu\u00e9s de tres a\u00f1os fue aceptado\u201d su pa\u00eds como sexto miembro pleno del bloque surgido en 1991 en Paraguay.<br \/>Dijo aguardar con \u201cmucha esperanza\u201d el futuro del organismo regional en el que vislumbra m\u00e1s \u201cdesarrollo\u201d en el plano econ\u00f3mico y pol\u00edtico.<br \/> Despu\u00e9s, el presidente de Paraguay, Cartes, recibi\u00f3 la presidencia temporal del Mercosur, por seis meses, de manos de Rousseff, gesto con el que adem\u00e1s se clausur\u00f3 la cumbre semestral del bloque.<br \/>\u201cMe siento muy honrado en asumir la presidencia pro-tempore en representaci\u00f3n de Paraguay\u201d, declar\u00f3 Cartes, quien reafirm\u00f3 su \u201ccompromiso con los postulados que han inspirado la creaci\u00f3n del bloque\u201d y prometi\u00f3 conducir al Mercosur durante los pr\u00f3ximos seis meses con \u201cla mayor responsabilidad\u201d.<br \/>Al recibir el martillo artesanal de madera que simboliza la presidencia del Mercosur, Cartes recalc\u00f3 que instar\u00e1 al bloque a proponer metas \u201crealizables\u201d y a \u201cconcretarlas en la mayor brevedad posible\u201d. \u201cNo hay tiempo que perder, hag\u00e1moslo ahora\u201d, se\u00f1al\u00f3.<br \/>El mandatario resalt\u00f3 que Paraguay propone un Mercosur \u201csin trabas en el comercio\u201d entre sus miembros, aunque precis\u00f3 que para ello es necesario el apoyo pol\u00edtico de los Gobiernos.<br \/>Durante su discurso en la sesi\u00f3n plenaria, Cartes, al igual que Uruguay y Brasil, consider\u00f3 que el Mercosur debe seguir avanzando en sus negociaciones con la Uni\u00f3n Europea, las cuales se arrastran desde hace m\u00e1s de tres lustros.<br \/>Fue Rousseff la que puso en palabras de modo m\u00e1s claro el compromiso del Mercosur de intercambiar sus primeras ofertas de acceso a mercados con la UE el \u00faltimo trimestre del a\u00f1o, en el marco del acuerdo de asociaci\u00f3n que negocian ambos bloques.<br \/>Rousseff destac\u00f3 que el Mercosur desea la materializaci\u00f3n de un \u201camplio acuerdo comercial\u201d con sus socios europeos y tambi\u00e9n desea avanzar en contactos con otros pa\u00edses para negociar acuerdos comerciales, entre los que cit\u00f3 a Corea del Sur y a T\u00fanez, y asegur\u00f3 que el bloque avanz\u00f3 en el \u201cdi\u00e1logo\u201d con la Alianza del Pac\u00edfico.<br \/>El bloque tambi\u00e9n acord\u00f3 la renovaci\u00f3n del Fondo para la Convergencia Estructural del Mercosur (FOCEM), que financia obras en diversas \u00e1reas en los pa\u00edses del bloque, por un per\u00edodo de otros diez a\u00f1os.<br \/>Los mandatarios y representantes escucharon tambi\u00e9n c\u00f3mo el venezolano Maduro y el guyan\u00e9s Granger llevaron hasta el pleno la disputa territorial que ambos pa\u00edses mantienen por la zona conocida como Esequibo e intercambiaron algunas acusaciones, aunque sin elevar el tono.<br \/>El presidente de Guyana pidi\u00f3 al Mercosur \u201cdefender\u201d la \u201cintegridad\u201d del territorio de su pa\u00eds, mientras que Maduro asegur\u00f3 que el conflicto es \u201cproducto de un despojo hist\u00f3rico que el imperio brit\u00e1nico le hizo a la Patria de Bol\u00edvar en el Siglo XIX\u201d.<br \/>El presidente venezolano, adem\u00e1s, anunci\u00f3 que la Unasur convocar\u00e1 una reuni\u00f3n para tratar el tema en agosto pr\u00f3ximo, en Asunci\u00f3n.<br \/>El vicepresidente de Ecuador, Glas, en tanto, denunci\u00f3 los \u201cintentos de desestabilizaci\u00f3n\u201d que atraviesa el Gobierno de Rafael Correa, a partir de la serie de protestas que vive el pa\u00eds y que, seg\u00fan advirti\u00f3, tienen como \u201cfin \u00faltimo derrocar un gobierno leg\u00edtimamente elegido\u201d.<br \/>Ecuador es escenario desde hace un mes de protestas de la oposici\u00f3n contra las propuestas de reformas legales que fijan nuevos grav\u00e1menes a las herencias y a la plusval\u00eda inmobiliaria.<br \/>Glas asegur\u00f3 que la decisi\u00f3n de Correa de suspender de manera temporal el tr\u00e1mite legislativo de esas leyes y de instar el pa\u00eds al di\u00e1logo ha sido \u201cun llamado no acogido por la oposici\u00f3n, pero s\u00ed por el pueblo\u201d. \u201cSabemos que no estamos solos\u201d, destac\u00f3.<\/span><br \/><span style=\"font-family: Verdana\"><\/span><br \/><span style=\"font-family: Verdana\"><span style=\"color: #0b5394\"><span style=\"font-size: x-small\"><span style=\"font-family: Verdana,sans-serif\"><b>RESUMEN LATINOAMERICANO\/PRODUCCI\u00d3N RIACHUELO<\/b><\/span><\/span><\/span><\/span><\/p>\n","protected":false},"excerpt":{"rendered":"<p>MIEMBRO PLENO BOLIVIA SE CONVIRTI\u00d3 FORMALMENTE EN EL SEXTO MIEMBRO PLENO DEL MERCOSUR [Resumen Latinoamericano \/ Telam \/ 17 de julio de 2015] Durante la cumbre presidencial que el bloque realiz\u00f3 en Brasilia, en la que adem\u00e1s Paraguay recibi\u00f3 la jefatura pro-t\u00e9mpore y Ecuador, integrante observador, denunci\u00f3 intentos desestabilizadores de la oposici\u00f3n en contra de [&hellip;]<\/p>\n","protected":false},"author":4,"featured_media":0,"comment_status":"open","ping_status":"open","sticky":false,"template":"","format":"standard","meta":{"_monsterinsights_skip_tracking":false,"_monsterinsights_sitenote_active":false,"_monsterinsights_sitenote_note":"","_monsterinsights_sitenote_category":0,"jnews-multi-image_gallery":[],"jnews_single_post":{"format":"standard"},"jnews_primary_category":[],"_joinchat":[],"footnotes":""},"categories":[58],"tags":[70],"class_list":["post-18257","post","type-post","status-publish","format-standard","hentry","category-noticiariachuelo","tag-de-la-patria-grande"],"_links":{"self":[{"href":"http:\/\/fmriachuelo.it10.com.ar\/index.php\/wp-json\/wp\/v2\/posts\/18257","targetHints":{"allow":["GET"]}}],"collection":[{"href":"http:\/\/fmriachuelo.it10.com.ar\/index.php\/wp-json\/wp\/v2\/posts"}],"about":[{"href":"http:\/\/fmriachuelo.it10.com.ar\/index.php\/wp-json\/wp\/v2\/types\/post"}],"author":[{"embeddable":true,"href":"http:\/\/fmriachuelo.it10.com.ar\/index.php\/wp-json\/wp\/v2\/users\/4"}],"replies":[{"embeddable":true,"href":"http:\/\/fmriachuelo.it10.com.ar\/index.php\/wp-json\/wp\/v2\/comments?post=18257"}],"version-history":[{"count":1,"href":"http:\/\/fmriachuelo.it10.com.ar\/index.php\/wp-json\/wp\/v2\/posts\/18257\/revisions"}],"predecessor-version":[{"id":23786,"href":"http:\/\/fmriachuelo.it10.com.ar\/index.php\/wp-json\/wp\/v2\/posts\/18257\/revisions\/23786"}],"wp:attachment":[{"href":"http:\/\/fmriachuelo.it10.com.ar\/index.php\/wp-json\/wp\/v2\/media?parent=18257"}],"wp:term":[{"taxonomy":"category","embeddable":true,"href":"http:\/\/fmriachuelo.it10.com.ar\/index.php\/wp-json\/wp\/v2\/categories?post=18257"},{"taxonomy":"post_tag","embeddable":true,"href":"http:\/\/fmriachuelo.it10.com.ar\/index.php\/wp-json\/wp\/v2\/tags?post=18257"}],"curies":[{"name":"wp","href":"https:\/\/api.w.org\/{rel}","templated":true}]}}