{"id":18254,"date":"2015-06-26T02:30:00","date_gmt":"2015-06-26T02:30:00","guid":{"rendered":"http:\/\/fmriachuelo.observatorioess.org.ar\/index.php\/2015\/06\/26\/a-13-anos-de-la-masacre-de-avellaneda\/"},"modified":"2025-04-09T12:10:29","modified_gmt":"2025-04-09T15:10:29","slug":"a-13-anos-de-la-masacre-de-avellaneda","status":"publish","type":"post","link":"http:\/\/fmriachuelo.it10.com.ar\/index.php\/2015\/06\/26\/a-13-anos-de-la-masacre-de-avellaneda\/","title":{"rendered":"A 13 A\u00d1OS DE LA MASACRE DE AVELLANEDA"},"content":{"rendered":"<p><\/p>\n<div><span style=\"font-size: large\"><span style=\"color: red\"><span style=\"font-family: Verdana,sans-serif\"><b><span style=\"color: red;font-family: Verdana;font-size: 24.0pt\">\u00a1PRESENTES!<\/span><\/b><\/span><\/span><\/span><\/div>\n<div style=\"margin-bottom: .1pt;margin-left: 0cm;margin-right: 0cm;margin-top: .1pt\"><span style=\"font-size: small\"><span style=\"font-family: Verdana,sans-serif\"><b><span>\u00a1DAR\u00cdO Y MAXI PRESENTES EN NUESTRAS LUCHAS Y NUESTROS SUE\u00d1OS COLECTIVOS!<\/span><\/b><\/span><\/span><\/div>\n<div style=\"clear: both;text-align: center\"><a href=\"http:\/\/3.bp.blogspot.com\/-RlOYgWuxwSw\/VZGD1u_cRTI\/AAAAAAAAFBE\/KnvtFs6XLBY\/s1600\/kosteki_y_santillan_no_estan_solos.jpg\" style=\"clear: left;float: left;margin-bottom: 1em;margin-right: 1em\"><img loading=\"lazy\" decoding=\"async\" border=\"0\" height=\"133\" src=\"http:\/\/3.bp.blogspot.com\/-RlOYgWuxwSw\/VZGD1u_cRTI\/AAAAAAAAFBE\/KnvtFs6XLBY\/s200\/kosteki_y_santillan_no_estan_solos.jpg\" width=\"200\" \/><\/a><span style=\"font-size: small\"><span style=\"font-family: Verdana,sans-serif\"><\/span><\/span><\/div>\n<p><\/p>\n<div><span style=\"font-size: small\"><span style=\"font-family: Verdana,sans-serif\"><b>Seguimos exigiendo c\u00e1rcel para los responsables pol\u00edticos.<\/b><span><span style=\"font-size: small\"> <\/span>Avanza junio y se acerca el 26. Un nuevo aniversario de la Masacre de Avellaneda. Trece a\u00f1os de aquel fat\u00eddico 26 de junio de 2002 en el que Dar\u00edo Santill\u00e1n y Maximiliano Kosteki cayeron asesinados por las bala de la represi\u00f3n policial.<\/span><\/span><\/span><br \/><a name='more'><\/a><span style=\"font-size: small\"><span>El piso de lo que hoy es la estaci\u00f3n Dar\u00edo y Maxi qued\u00f3 regado por la sangre de estos queridos compa\u00f1eros v\u00edctimas de la brutal cacer\u00eda ordenada por el gobierno de Duhalde. <br \/>Aquel 26 de junio, en el marco de un vasto proceso de protagonismo popular, diversas organizaciones de desocupados\/asnos movilizamos al Puente Pueyrred\u00f3n para reclamar aumentos de salarios y subsidios, alimentos para los comedores, por el desprocesamiento de las y los luchadores sociales y solidaridad con la f\u00e1brica Zan\u00f3n de Neuqu\u00e9n. <br \/>Durante los meses previos el descontento social hab\u00eda ido creciendo. El gobierno de Eduardo Duhalde ven\u00eda proyectando, junto con las fuerzas de seguridad, un plan de acci\u00f3n para frenar la protesta popular. Ese d\u00eda, el gobierno hab\u00eda dise\u00f1ado un esquema de seguridad a cargo de la Polic\u00eda Federal y Bonaerense, Gendarmer\u00eda y Prefectura Naval. Finalmente, la represi\u00f3n desatada se llev\u00f3 la vida de los dos compa\u00f1eros, y adem\u00e1s hubo m\u00e1s de 30 heridos\/as con balas de plomo y decenas de detenidos\/as. <br \/>Como luchadorxs, como militantes del campo popular, como trabajadorxs queremos recuperar en toda su dimensi\u00f3n ese momento tan importante de nuestra historia reciente. Rechazamos los \u201crelatos\u201d construidos desde los sectores de poder, relatos que pretender legitimar una realidad que sigue siendo esencialmente injusta. Apostamos a construir otro futuro y para ello debemos contar nuestra propia historia y ser cada d\u00eda m\u00e1s protagonistas de nuestro presente. <\/span><\/span><\/div>\n<div align=\"center\" style=\"text-align: center\"><span style=\"font-size: small\"><span style=\"font-family: Verdana,sans-serif\"><span style=\"font-family: Times;font-size: 10.0pt\"> <\/span><\/span><\/span><\/p>\n<hr align=\"center\" size=\"2\" width=\"100%\" \/><span style=\"font-size: small\"><span style=\"font-family: Verdana,sans-serif\"><span style=\"font-family: Times;font-size: 10.0pt\"> <\/span><\/span><\/span><\/div>\n<div style=\"margin-bottom: .1pt;margin-left: 0cm;margin-right: 0cm;margin-top: .1pt\"><span style=\"font-size: small\"><span style=\"font-family: Verdana,sans-serif\"><span>Dar\u00edo y Maxi son nuestros m\u00e1rtires pero, fundamentalmente, son una bandera a levantar, son ejemplo, son una gu\u00eda indispensable para la acci\u00f3n. Ellos son la organizaci\u00f3n desde abajo, la lucha en las calles, la construcci\u00f3n de poder popular, la solidaridad hasta las \u00faltimas consecuencias. Claro que vale el homenaje a nuestros muertos, pero sabiendo que el mejor homenaje es recuperar su ejemplo, es continuar su lucha.<\/span><\/span><\/span><\/div>\n<div style=\"margin-bottom: .1pt;margin-left: 0cm;margin-right: 0cm;margin-top: .1pt\"><span style=\"font-size: small\"><span style=\"font-family: Verdana,sans-serif\"><span>En estos 13 a\u00f1os el reclamo de justicia ha sido una constante. La lucha unitaria de un conjunto de organizaciones logr\u00f3 la condena de los autores materiales de los homicidios: el comisario Alberto Fanchiotti y el cabo Alejandro Acosta. Pero siguen impunes los responsables pol\u00edticos de la masacre, empezando por el ex presidente Eduardo Duhalde y su ministro An\u00edbal Fern\u00e1ndez (hoy Jefe de Gabinete del gobierno nacional y precandidato a gobernador de Buenos Aires por el kirchnerismo). La lucha por justicia y castigo a todos los responsables sigue plenamente vigente; se logr\u00f3 que el juez federal Ariel Lijo reabriera la causa por los responsables intelectuales y pol\u00edticos de la masacre, pero mucho m\u00e1s habr\u00e1 que avanzar contra una institucionalidad que defiende la impunidad de los poderosos. <br \/>Hoy la Argentina no es la misma que la del 2002. Encabezados por el kirchnerismo, los sectores del poder lograron una indiscutible recomposici\u00f3n del sistema capitalista y sus instituciones. Los sectores populares logramos recuperar algunos derechos pero perdimos protagonismo y fuerza en las calles. El horizonte de un \u201ccapitalismo serio\u201d se asienta en el saqueo de los bienes comunes, la precarizaci\u00f3n laboral, salarios y jubilaciones miserables. A trece a\u00f1os de aquellas demandas, continuamos exigiendo trabajo genuino para todos\/as, porque la \u201cd\u00e9cada ganada\u201d es, principalmente, para los empresarios que \u201cse la llevan con pala\u201d. <br \/>En tiempos de elecciones, de disputas de grupos de poder, los candidatos que repiten esl\u00f3ganes vac\u00edos mientras preparan nuevos ajustes contra el pueblo. Entre ellos est\u00e1 An\u00edbal Fern\u00e1ndez, uno de los responsables pol\u00edticos de la Masacre de Avellaneda, reciclado desde hace m\u00e1s de 10 a\u00f1os por el proyecto K y ahora candidato en las pr\u00f3ximas elecciones. <br \/>Ante este escenario que se preanuncia a\u00fan m\u00e1s duro para el pueblo, se vuelve indispensable sostener el camino que transitaron Dar\u00edo y Maxi. El de construir una izquierda desde abajo, prefigurativa, con protagonismo popular, con la mirada en Latinoam\u00e9rica y tambi\u00e9n en las diversas experiencias hist\u00f3ricas de lucha de nuestro pueblo. <br \/>En el marco actual no desconocemos la instancia electoral; llamamos a participar de las elecciones votando a los candidatos del FIT porque entendemos que son los que expresan una perspectiva favorable a los trabajadores y trabajadoras. Pero tenemos claro que los cambios de fondo vendr\u00e1n de la organizaci\u00f3n y la lucha colectiva. Nos sentimos parte de un proceso regional que tiene en Venezuela y en Bolivia sus expresiones m\u00e1s avanzadas. Y en este punto se agigantan las figuras de Dar\u00edo y Maxi. Ellos viven en cada una de nuestras luchas: en el barrio,<br \/>\nen los lugares de trabajo, en las escuelas y universidades, en la defensa del medio ambiente, en las luchas contra el machismo y el patriarcado y una vida libre de violencia. Ellos son un moj\u00f3n indispensable en nuestro camino hacia el cambio social, en nuestra apuesta por el feminismo popular, en el dise\u00f1o del buen vivir nuestroamericano, en el desaf\u00edo por construir colectivamente el socialismo desde abajo. <br \/>Por todo esto, como cada a\u00f1o, este 26 de junio estaremos en las calles de todo el pa\u00eds recordando a nuestros cumpas, reclamando justicia, luchando, como nos ense\u00f1aron, con coraje, compromiso y vida.<\/span><\/span><\/span><\/div>\n<div style=\"margin-bottom: .1pt;margin-left: 0cm;margin-right: 0cm;margin-top: .1pt\"><span style=\"font-size: small\"><span style=\"font-family: Verdana,sans-serif\"><b><span>\u00a1\u00a1\u00a1Dar\u00edo y Maxi presentes en nuestra lucha!!! <br \/>Castigo para los responsables pol\u00edticos de la Masacre de Avellaneda. <br \/>C\u00e1rcel para Eduardo Duhalde, An\u00edbal Fern\u00e1ndez, Alfredo Atanasof, Juan Jos\u00e9 \u00c1lvarez, Felipe Sola, Luis Genoud, Oscar Rodr\u00edguez y Jorge Matzkin. <span style=\"color: red\"><br \/>Como Dar\u00edo y Maxi no negociamos nuestros sue\u00f1os. <br \/>Por el socialismo, el feminismo y el poder popular.<\/span><\/span><\/b><span><br \/><\/span><span style=\"color: #0b5394\"><span style=\"font-size: x-small\"><b><span>Contacto de prensa: Celina 221\u20116411936&nbsp;<\/span><\/b><\/span><\/span><\/span><\/span><\/div>\n<div style=\"margin-bottom: .1pt;margin-left: 0cm;margin-right: 0cm;margin-top: .1pt\"><span style=\"color: #0b5394\"><span style=\"font-size: x-small\"><span style=\"font-family: Verdana,sans-serif\"><b><span>FPDS\/PRODUCCI\u00d3N RIACHUELO<\/span><\/b><\/span><\/span><\/span><\/div>\n","protected":false},"excerpt":{"rendered":"<p>\u00a1PRESENTES! \u00a1DAR\u00cdO Y MAXI PRESENTES EN NUESTRAS LUCHAS Y NUESTROS SUE\u00d1OS COLECTIVOS! Seguimos exigiendo c\u00e1rcel para los responsables pol\u00edticos. Avanza junio y se acerca el 26. Un nuevo aniversario de la Masacre de Avellaneda. Trece a\u00f1os de aquel fat\u00eddico 26 de junio de 2002 en el que Dar\u00edo Santill\u00e1n y Maximiliano Kosteki cayeron asesinados por [&hellip;]<\/p>\n","protected":false},"author":4,"featured_media":0,"comment_status":"open","ping_status":"open","sticky":false,"template":"","format":"standard","meta":{"_monsterinsights_skip_tracking":false,"_monsterinsights_sitenote_active":false,"_monsterinsights_sitenote_note":"","_monsterinsights_sitenote_category":0,"jnews-multi-image_gallery":[],"jnews_single_post":{"format":"standard"},"jnews_primary_category":[],"_joinchat":[],"footnotes":""},"categories":[58],"tags":[119,72,89],"class_list":["post-18254","post","type-post","status-publish","format-standard","hentry","category-noticiariachuelo","tag-derechos-humanos","tag-historia-de-la-lucha-de-los-pueblos","tag-violencia-institucional"],"_links":{"self":[{"href":"http:\/\/fmriachuelo.it10.com.ar\/index.php\/wp-json\/wp\/v2\/posts\/18254","targetHints":{"allow":["GET"]}}],"collection":[{"href":"http:\/\/fmriachuelo.it10.com.ar\/index.php\/wp-json\/wp\/v2\/posts"}],"about":[{"href":"http:\/\/fmriachuelo.it10.com.ar\/index.php\/wp-json\/wp\/v2\/types\/post"}],"author":[{"embeddable":true,"href":"http:\/\/fmriachuelo.it10.com.ar\/index.php\/wp-json\/wp\/v2\/users\/4"}],"replies":[{"embeddable":true,"href":"http:\/\/fmriachuelo.it10.com.ar\/index.php\/wp-json\/wp\/v2\/comments?post=18254"}],"version-history":[{"count":1,"href":"http:\/\/fmriachuelo.it10.com.ar\/index.php\/wp-json\/wp\/v2\/posts\/18254\/revisions"}],"predecessor-version":[{"id":23664,"href":"http:\/\/fmriachuelo.it10.com.ar\/index.php\/wp-json\/wp\/v2\/posts\/18254\/revisions\/23664"}],"wp:attachment":[{"href":"http:\/\/fmriachuelo.it10.com.ar\/index.php\/wp-json\/wp\/v2\/media?parent=18254"}],"wp:term":[{"taxonomy":"category","embeddable":true,"href":"http:\/\/fmriachuelo.it10.com.ar\/index.php\/wp-json\/wp\/v2\/categories?post=18254"},{"taxonomy":"post_tag","embeddable":true,"href":"http:\/\/fmriachuelo.it10.com.ar\/index.php\/wp-json\/wp\/v2\/tags?post=18254"}],"curies":[{"name":"wp","href":"https:\/\/api.w.org\/{rel}","templated":true}]}}