{"id":18253,"date":"2015-06-26T16:38:00","date_gmt":"2015-06-26T16:38:00","guid":{"rendered":"http:\/\/fmriachuelo.observatorioess.org.ar\/index.php\/2015\/06\/26\/recordamos-el-natalicio-de-salvador-allende\/"},"modified":"2025-04-09T12:05:17","modified_gmt":"2025-04-09T15:05:17","slug":"recordamos-el-natalicio-de-salvador-allende","status":"publish","type":"post","link":"http:\/\/fmriachuelo.it10.com.ar\/index.php\/2015\/06\/26\/recordamos-el-natalicio-de-salvador-allende\/","title":{"rendered":"RECORDAMOS EL NATALICIO DE SALVADOR ALLENDE"},"content":{"rendered":"<p><span style=\"font-size: large\"><span style=\"font-family: Verdana,sans-serif\"><span style=\"color: red\"><b>MIL D<span style=\"font-size: large\">\u00cd<\/span>AS: <\/b><\/span><span style=\"color: red\"><b>PRESIDENTE DE LA REP\u00daBLICA DE CHILE<\/b><\/span><\/span><\/span><\/p>\n<div style=\"clear: both;text-align: center\"><span style=\"font-family: Verdana,sans-serif\"><span style=\"font-size: small\"><a href=\"http:\/\/3.bp.blogspot.com\/--jXlI_2CDHc\/VY19oJY_WtI\/AAAAAAAAE-M\/AjwQYxdscg4\/s1600\/ALLENDE.jpg\" style=\"clear: left;float: left;margin-bottom: 1em;margin-right: 1em\"><img loading=\"lazy\" decoding=\"async\" border=\"0\" height=\"155\" src=\"http:\/\/3.bp.blogspot.com\/--jXlI_2CDHc\/VY19oJY_WtI\/AAAAAAAAE-M\/AjwQYxdscg4\/s200\/ALLENDE.jpg\" width=\"200\" \/><\/a><\/span><\/span><\/div>\n<p><span style=\"font-family: Verdana,sans-serif\"><span style=\"font-size: small\"><b>26 DE JUNIO DE 1908<\/b>&nbsp;<\/span><\/span><\/p>\n<div style=\"text-align: justify\"><span style=\"font-family: Verdana,sans-serif\"><span style=\"font-size: small\">Tal d\u00eda como hoy, 105 a\u00f1os atr\u00e1s, naci\u00f3 en Valpara\u00edso, Chile, Salvador Guillermo Allende Gossens, m\u00e9dico y pol\u00edtico socialista, presidente de su pa\u00eds entre el 4 de noviembre de 1970 y el 11 de septiembre de 1973.<\/span><\/span><br \/><a name='more'><\/a><\/div>\n<p><span style=\"font-family: Verdana,sans-serif\"><span style=\"font-size: small\"><\/span><\/span><\/p>\n<div style=\"text-align: justify\"><span style=\"font-family: Verdana,sans-serif\"><span style=\"font-size: small\">En los siguientes a\u00f1os, Allende desarroll\u00f3 su liderazgo natural y aut\u00e9ntico en el seno de la izquierda, y en 1951 present\u00f3 su primera candidatura presidencial, apoyado por el Frente del Pueblo, donde fue derrotado, al obtener 52 mil votos. Entre 1966 y 1969 ocup\u00f3 el cargo de presidente del senado, y en 1970 fue proclamada su cuarta candidatura a la primera magistratura de la Rep\u00fablica, triunfando en el mes de septiembre de aquel a\u00f1o en las elecciones presidenciales m\u00e1s disputadas de la historia chilena, bajo un clima tenso y febril.<\/span><\/span><\/div>\n<p><span style=\"font-family: Verdana,sans-serif\"><span style=\"font-size: small\">Por espacio de mil d\u00edas, se desarrollar\u00eda la experiencia de la Unidad Popular, que fue truncada por una vasta conspiraci\u00f3n, en la que tomaron parte activa el capital nacional y transnacional, las fuerzas pol\u00edticas del centro y la derecha y los gremios empresariales y profesionales, factores que crearon las condiciones para que las Fuerzas Armadas interrumpieran a sangre y a fuego la democracia chilena, el 11 de septiembre de 1973.<\/p>\n<div align=\"justify\"><\/div>\n<p><\/span><\/span><\/p>\n<div style=\"text-align: justify\"><span style=\"font-family: Verdana,sans-serif\">Aquel aciago d\u00eda, Salvador Allende pag\u00f3 con la vida su profunda vocaci\u00f3n democr\u00e1tica y su inquebrantable lealtad con su pueblo. Antes de enfrentar el instante supremo con el que ser\u00e1 recordado para la posteridad, denunci\u00f3 las dimensiones de la traici\u00f3n y vaticin\u00f3 con clarividencia el per\u00edodo gris que se abat\u00eda sobre Chile. Sin embargo, en su conmovedora alocuci\u00f3n final, hubo lugar a la esperanza al anunciar que m\u00e1s tarde que temprano se abrir\u00edan las anchas alamedas, a trav\u00e9s de las cuales regresar\u00edan la libertad y la esperanza a Chile, a Latinoam\u00e9rica y al mundo.<\/span><\/div>\n<p><span style=\"color: #0b5394\"><span style=\"font-family: Verdana,sans-serif\"><span style=\"font-size: x-small\"><b>GOBIERNO BOLIVARIANO DE VENEZUELA\/PRODUCCI\u00d3N RIACHUELO<\/b><\/span><\/span><\/span><\/p>\n","protected":false},"excerpt":{"rendered":"<p>MIL D\u00cdAS: PRESIDENTE DE LA REP\u00daBLICA DE CHILE 26 DE JUNIO DE 1908&nbsp; Tal d\u00eda como hoy, 105 a\u00f1os atr\u00e1s, naci\u00f3 en Valpara\u00edso, Chile, Salvador Guillermo Allende Gossens, m\u00e9dico y pol\u00edtico socialista, presidente de su pa\u00eds entre el 4 de noviembre de 1970 y el 11 de septiembre de 1973. En los siguientes a\u00f1os, Allende [&hellip;]<\/p>\n","protected":false},"author":4,"featured_media":0,"comment_status":"open","ping_status":"open","sticky":false,"template":"","format":"standard","meta":{"_monsterinsights_skip_tracking":false,"_monsterinsights_sitenote_active":false,"_monsterinsights_sitenote_note":"","_monsterinsights_sitenote_category":0,"jnews-multi-image_gallery":[],"jnews_single_post":{"format":"standard"},"jnews_primary_category":[],"_joinchat":[],"footnotes":""},"categories":[58],"tags":[70,72],"class_list":["post-18253","post","type-post","status-publish","format-standard","hentry","category-noticiariachuelo","tag-de-la-patria-grande","tag-historia-de-la-lucha-de-los-pueblos"],"_links":{"self":[{"href":"http:\/\/fmriachuelo.it10.com.ar\/index.php\/wp-json\/wp\/v2\/posts\/18253","targetHints":{"allow":["GET"]}}],"collection":[{"href":"http:\/\/fmriachuelo.it10.com.ar\/index.php\/wp-json\/wp\/v2\/posts"}],"about":[{"href":"http:\/\/fmriachuelo.it10.com.ar\/index.php\/wp-json\/wp\/v2\/types\/post"}],"author":[{"embeddable":true,"href":"http:\/\/fmriachuelo.it10.com.ar\/index.php\/wp-json\/wp\/v2\/users\/4"}],"replies":[{"embeddable":true,"href":"http:\/\/fmriachuelo.it10.com.ar\/index.php\/wp-json\/wp\/v2\/comments?post=18253"}],"version-history":[{"count":1,"href":"http:\/\/fmriachuelo.it10.com.ar\/index.php\/wp-json\/wp\/v2\/posts\/18253\/revisions"}],"predecessor-version":[{"id":23665,"href":"http:\/\/fmriachuelo.it10.com.ar\/index.php\/wp-json\/wp\/v2\/posts\/18253\/revisions\/23665"}],"wp:attachment":[{"href":"http:\/\/fmriachuelo.it10.com.ar\/index.php\/wp-json\/wp\/v2\/media?parent=18253"}],"wp:term":[{"taxonomy":"category","embeddable":true,"href":"http:\/\/fmriachuelo.it10.com.ar\/index.php\/wp-json\/wp\/v2\/categories?post=18253"},{"taxonomy":"post_tag","embeddable":true,"href":"http:\/\/fmriachuelo.it10.com.ar\/index.php\/wp-json\/wp\/v2\/tags?post=18253"}],"curies":[{"name":"wp","href":"https:\/\/api.w.org\/{rel}","templated":true}]}}