{"id":18250,"date":"2015-06-22T12:00:00","date_gmt":"2015-06-22T12:00:00","guid":{"rendered":"http:\/\/fmriachuelo.observatorioess.org.ar\/index.php\/2015\/06\/22\/jornadas-interdisciplinarias-impulso-para-elaborar-y-trabajar-en-contextos-complejos\/"},"modified":"2025-04-07T14:55:12","modified_gmt":"2025-04-07T17:55:12","slug":"jornadas-interdisciplinarias-impulso-para-elaborar-y-trabajar-en-contextos-complejos","status":"publish","type":"post","link":"http:\/\/fmriachuelo.it10.com.ar\/index.php\/2015\/06\/22\/jornadas-interdisciplinarias-impulso-para-elaborar-y-trabajar-en-contextos-complejos\/","title":{"rendered":"JORNADAS INTERDISCIPLINARIAS: IMPULSO PARA ELABORAR Y TRABAJAR EN CONTEXTOS COMPLEJOS"},"content":{"rendered":"<div style=\"text-align: left\"><span style=\"font-size: small\"><span style=\"font-family: Verdana,sans-serif\"><span style=\"color: red\"><b><span style=\"font-size: large\">JORNADAS DE DIFUSI\u00d3N E INTERCAMBIO EN EDUCACI\u00d3N EN CONTEXTOS<\/span> <\/b><\/span><\/span><\/span><br \/><span style=\"font-size: small\"><span style=\"font-family: Verdana,sans-serif\"><b>3 de julio &#8211; 17:00 hs. FFyL UBA Puan 480<br \/>4 de julio &#8211; 13:30 hs. Biblioteca Nacional Ag\u00fcero 2505<\/b><\/span><\/span><\/div>\n<div style=\"text-align: left\">\n<div style=\"text-align: left\"><span style=\"font-size: small\"><span style=\"font-family: Verdana,sans-serif\"><a href=\"http:\/\/4.bp.blogspot.com\/-4g49rHaAAtQ\/VYhddQ6A9OI\/AAAAAAAAE5c\/1oa3nDvylnM\/s1600\/jornadas.png\" style=\"clear: left;float: left;margin-bottom: 1em;margin-right: 1em\"><img loading=\"lazy\" decoding=\"async\" border=\"0\" height=\"50\" src=\"http:\/\/4.bp.blogspot.com\/-4g49rHaAAtQ\/VYhddQ6A9OI\/AAAAAAAAE5c\/1oa3nDvylnM\/s200\/jornadas.png\" width=\"200\" \/><\/a><b>De ser hablados a tomar la palabra<\/b><br \/>Estas Jornadas se proponen impulsar la discusi\u00f3n sobre la investigaci\u00f3n y la promoci\u00f3n de pr\u00e1cticas de escritura que se llevan adelante en espacios institucionales donde se articulan programas educativos y proyectos sociales con propuestas de extensi\u00f3n y acci\u00f3n impulsadas desde el \u00e1mbito acad\u00e9mico.<\/span><\/span><\/div>\n<p><a name='more'><\/a><span style=\"font-size: small\">De esta manera, desde una perspectiva interdisciplinaria, buscamos promover contactos entre docentes, estudiantes, investigadores y diversos actores sociales, en el intercambio de lecturas y propuestas de acci\u00f3n, para abordar temas complejos como la atenci\u00f3n de adicciones, el encierro penal y el trabajo en contextos de pobreza, marginaci\u00f3n y vulneraci\u00f3n de derechos.<\/span><\/div>\n<div style=\"text-align: left\"><span style=\"font-size: small\"><span style=\"font-family: Verdana,sans-serif\">PROGRAMA<br \/>Viernes 3 de julio<br \/>17 hs. Acreditaci\u00f3n<br \/>17.30 hs. Mesa de apertura<br \/>Participan: Graciela Morgade &#8211; Miguel Duhalde &#8211; Adriana Fontana &#8211; Leonardo Sai<br \/>19.15 hs. Panel Experiencias y pol\u00edticas educativas<br \/>Participan: Ang\u00e9lica Graciano &#8211; Mart\u00edn Yuchak &#8211; Sergio Frugoni &#8211; Susana Reyes<br \/>Coordina: Daniel L\u00f3pez<br \/>S\u00e1bado 4 de julio<br \/>13.30 hs. Acreditaci\u00f3n<br \/>14 hs. Panel Lectura y escritura en contextos de encierro<br \/>Participan: John Gonz\u00e1lez Valbuena, Marcelo Garc\u00eda y\/o Maikel &#8211; Mirta Gloria Fernandez &#8211; Alejo Zabalza &#8211; Amelia Suarez &#8211; Gisela Honorio<br \/>Coordina: Juan Pablo Parchuc<br \/>16.15 hs. Panel Presentaci\u00f3n del proyecto de investigaci\u00f3n y la experiencia del taller de escritura <br \/>Participan: \u00darsula Arga\u00f1araz, Ana Rosa Moyano y Cecilia Perrone &#8211; M\u00f3nica Melo &#8211; Mar\u00eda Paula Morel &#8211; Estudiantes-Participantes del Taller de Escritura Ficcional<br \/>Coordina: Gustavo Bombini<\/span><\/span><\/div>\n<div style=\"text-align: left\"><span style=\"font-size: small\"><span style=\"font-family: Verdana,sans-serif\"><span style=\"font-size: x-small\"><span style=\"color: #0b5394\"><b>PRODUCCI\u00d3N RIACHUELO<\/b><\/span><\/span><\/span><\/span><\/div>\n","protected":false},"excerpt":{"rendered":"<p>JORNADAS DE DIFUSI\u00d3N E INTERCAMBIO EN EDUCACI\u00d3N EN CONTEXTOS 3 de julio &#8211; 17:00 hs. FFyL UBA Puan 4804 de julio &#8211; 13:30 hs. Biblioteca Nacional Ag\u00fcero 2505 De ser hablados a tomar la palabraEstas Jornadas se proponen impulsar la discusi\u00f3n sobre la investigaci\u00f3n y la promoci\u00f3n de pr\u00e1cticas de escritura que se llevan adelante [&hellip;]<\/p>\n","protected":false},"author":4,"featured_media":0,"comment_status":"open","ping_status":"open","sticky":false,"template":"","format":"standard","meta":{"_monsterinsights_skip_tracking":false,"_monsterinsights_sitenote_active":false,"_monsterinsights_sitenote_note":"","_monsterinsights_sitenote_category":0,"jnews-multi-image_gallery":[],"jnews_single_post":{"format":"standard"},"jnews_primary_category":[],"_joinchat":[],"footnotes":""},"categories":[58],"tags":[101],"class_list":["post-18250","post","type-post","status-publish","format-standard","hentry","category-noticiariachuelo","tag-educacion"],"_links":{"self":[{"href":"http:\/\/fmriachuelo.it10.com.ar\/index.php\/wp-json\/wp\/v2\/posts\/18250","targetHints":{"allow":["GET"]}}],"collection":[{"href":"http:\/\/fmriachuelo.it10.com.ar\/index.php\/wp-json\/wp\/v2\/posts"}],"about":[{"href":"http:\/\/fmriachuelo.it10.com.ar\/index.php\/wp-json\/wp\/v2\/types\/post"}],"author":[{"embeddable":true,"href":"http:\/\/fmriachuelo.it10.com.ar\/index.php\/wp-json\/wp\/v2\/users\/4"}],"replies":[{"embeddable":true,"href":"http:\/\/fmriachuelo.it10.com.ar\/index.php\/wp-json\/wp\/v2\/comments?post=18250"}],"version-history":[{"count":1,"href":"http:\/\/fmriachuelo.it10.com.ar\/index.php\/wp-json\/wp\/v2\/posts\/18250\/revisions"}],"predecessor-version":[{"id":23639,"href":"http:\/\/fmriachuelo.it10.com.ar\/index.php\/wp-json\/wp\/v2\/posts\/18250\/revisions\/23639"}],"wp:attachment":[{"href":"http:\/\/fmriachuelo.it10.com.ar\/index.php\/wp-json\/wp\/v2\/media?parent=18250"}],"wp:term":[{"taxonomy":"category","embeddable":true,"href":"http:\/\/fmriachuelo.it10.com.ar\/index.php\/wp-json\/wp\/v2\/categories?post=18250"},{"taxonomy":"post_tag","embeddable":true,"href":"http:\/\/fmriachuelo.it10.com.ar\/index.php\/wp-json\/wp\/v2\/tags?post=18250"}],"curies":[{"name":"wp","href":"https:\/\/api.w.org\/{rel}","templated":true}]}}