{"id":18249,"date":"2015-06-22T14:39:00","date_gmt":"2015-06-22T14:39:00","guid":{"rendered":"http:\/\/fmriachuelo.observatorioess.org.ar\/index.php\/2015\/06\/22\/fallecio-la-viuda-de-oesterheld\/"},"modified":"2025-04-07T14:56:30","modified_gmt":"2025-04-07T17:56:30","slug":"fallecio-la-viuda-de-oesterheld","status":"publish","type":"post","link":"http:\/\/fmriachuelo.it10.com.ar\/index.php\/2015\/06\/22\/fallecio-la-viuda-de-oesterheld\/","title":{"rendered":"FALLECI\u00d3 LA VIUDA DE OESTERHELD"},"content":{"rendered":"<p><b><span style=\"font-size: small\"><span style=\"font-family: Verdana,sans-serif\"><span style=\"color: red\"><span style=\"font-size: large\">LA DIGNIDAD DE LA LUCHA <\/span><\/span><br \/>ADI\u00d3S A LA ABUELA ELSA S\u00c1NCHEZ, VIUDA DE OESTERHELD <\/span><\/span><\/b><\/p>\n<div style=\"clear: both;text-align: center\"><span style=\"font-family: Verdana,sans-serif\"><span style=\"font-size: small\"><a href=\"http:\/\/2.bp.blogspot.com\/-FTMVtChvvyk\/VYgcyJ2lnrI\/AAAAAAAAE3o\/wrQIN6Vqso4\/s1600\/elsa.jpg\" style=\"clear: left;float: left;margin-bottom: 1em;margin-right: 1em\"><img loading=\"lazy\" decoding=\"async\" border=\"0\" height=\"133\" src=\"http:\/\/2.bp.blogspot.com\/-FTMVtChvvyk\/VYgcyJ2lnrI\/AAAAAAAAE3o\/wrQIN6Vqso4\/s200\/elsa.jpg\" width=\"200\" \/><\/a><\/span><\/span><\/div>\n<div style=\"text-align: justify\"><span style=\"font-family: Verdana,sans-serif\"><span style=\"font-size: small\">Falleci\u00f3 el s\u00e1bado y ser\u00e1 enterrada este lunes a las 14 en Chacarita. El terrorismo de Estado le arrebat\u00f3 a siete miembros de su familia y a dos nietos por nacer. \u00abUna Abuela m\u00e1s que se va sin poder abrazar a sus nietos desaparecidos, robados y apropiados\u00bb<span style=\"font-size: small\">.<\/span><\/span><\/span><br \/><a name='more'><\/a><\/div>\n<p><span style=\"font-family: Verdana,sans-serif\"><span style=\"font-size: small\"><\/span><\/span><\/p>\n<div style=\"text-align: justify\"><span style=\"font-family: Verdana,sans-serif\"><span style=\"font-size: small\">\u00abSe fue en paz. La encontramos dormida y nos dej\u00f3 la tranquilidad de que deb\u00eda irse porque hab\u00eda dado todo lo que ten\u00eda. Es la mujer que me cri\u00f3 tras la desaparici\u00f3n de mis padres. Me dej\u00f3 la persona que me cri\u00f3 y me acompa\u00f1\u00f3 en el camino de reconstruir la memoria. Es el primer pariente que puedo enterrar y eso no es poco\u00bb, dijo su nieto Mart\u00edn Miguel Mortola Oesterheld a la agencia T\u00e9lam. Elsa S\u00e1nchez de Oesterheld falleci\u00f3 el s\u00e1bado y ser\u00e1 enterrada en Chacarita. Organismos de derechos humanos expresaron p\u00fablicamente su dolor por la p\u00e9rdida de una luchadora inquebrantable y s\u00edmbolo de una familia diezmada por el terrorismo de Estado. Tanto su esposo, H\u00e9ctor, como sus cuatro hijas -Estela, Diana, Marina y Beatriz Oesterheld- fueron secuestrados por las fuerzas represivas de la dictadura.<br \/> \u00abLas Abuelas de Plaza de Mayo manifestamos nuestro m\u00e1s profundo dolor por la muerte de una de nuestras compa\u00f1eras, Elsa S\u00e1nchez de Oesterheld. Una Abuela m\u00e1s que se va sin poder abrazar a sus nietos desaparecidos, robados y apropiados por el terrorismo de Estado\u00bb, expres\u00f3 la instituci\u00f3n Abuelas en un comunicado. \u00abElsa fue una mujer marcada por el dolor, pero tambi\u00e9n por la fortaleza para seguir adelante. El Ej\u00e9rcito se llev\u00f3 a siete miembros de su familia y le rob\u00f3 a dos de sus nietos nacidos en cautiverio. Ella supo transformar todo ese sufrimiento en amor para -junto a sus compa\u00f1eras- buscar a los nietos apropiados en dictadura. Lamentablemente la crueldad de los represores y c\u00f3mplices de estos cr\u00edmenes no le permitieron conocer a los hijos de sus hijas\u00bb.<\/span><\/span><br \/><span style=\"font-family: Verdana,sans-serif\"><span style=\"font-size: small\"> Su esposo H\u00e9ctor Oesterheld, autor de obras como la saga del El Eternauta, Ernie Pike y Mort Cinder, entre otros, fue capturado por efectivos del Ej\u00e9rcito en abril de 1977 y luego trasladado a Campo de Mayo. Sobrevivientes de los centros clandestinos de detenci\u00f3n aseguran haberlo visto con vida en el centro clandestino de detenci\u00f3n de El Vesubio, y se sospecha lo asesinaron en la localidad de Mercedes. Antes, la primera en caer hab\u00eda sido Beatriz, en San Isidro, en junio de 1976. En julio Elsa logr\u00f3 recuperar el cuerpo de la joven y darle sepultura, mientras el resto de sus familia permanec\u00eda en la clandestinidad. Ese mes Elsa supo por los diarios que otra de sus hijas, Diana, hab\u00eda sido asesinada enTucum\u00e1n. Ten\u00eda 23 a\u00f1os y un embarazo de seis meses. Al compa\u00f1ero, Ra\u00fal Araldi, lo asesinaron en agosto. Fernando, hijo de ambos, fue localizado por los abuelos paternos.<br \/> Elsa supo del secuestro de su hija Estela porque los represores le llevaron a su nieto Mart\u00edn, de tres a\u00f1os, a quien hab\u00edan secuestrado con sus padres. Cuando la asesinaronm Estela volv\u00eda de despachar una carta donde contaba a su madre:<span style=\"font-size: small\"> <\/span>\u00abMamita, Marina hace un mes que no est\u00e1 con nosotros\u00bb. Marina ten\u00eda 18 a\u00f1os y un embarazo de ocho meses.<br \/> Cuando su nieto Mart\u00edn ten\u00eda 7 a\u00f1os, Elsa viaj\u00f3 a B\u00e9lgica invitada por Amnist\u00eda Internacional y dio testimonio del modo en que el terrorismo de Estado hab\u00eda asesinado a sus familiares. \u00abCuando regres\u00f3 al pa\u00eds, las Abuelas se comunicaron con Elsa y a partir de ese momento no estuvo tan sola. Desde entonces, Elsa se incorpor\u00f3 a la instituci\u00f3n y a la lucha de Abuelas. Su testimonio siempre fresco y reflexivo supo contribuir a la b\u00fasqueda de los nietos y a la construcci\u00f3n del derecho a la Identidad: &#8216;Mi lucha de todos estos a\u00f1os es para que mis nietos sepan la verdad. Por eso yo no hablo de restituci\u00f3n, sino de derecho a la identidad'\u00bb, recuerda el comunicado de Abuelas.<br \/> En 2011 Elsa fue distinguida Personalidad Destacada de los Derechos Humanos por la Legislatura porte\u00f1a. \u00abTenemos la uni\u00f3n del dolor transformado en el amor, en una actividad de vida esperanzada. Elsa es parte de ese proyecto, es parte nuestra y ya est\u00e1 en la historia\u00bb, dijo entonces Estela de Carlotto, presidenta de Abuelas. \u00abEl \u00faltimo a\u00f1o, su delicado estado de salud no le permit\u00eda participar de las reuniones de Comisi\u00f3n Directiva a las que sol\u00eda tener asistencia perfecta para deliberar con sus compa\u00f1eras sobre las actividades de la instituci\u00f3n. Sirvan estas l\u00edneas para transmitir nuestras condolencias y nuestro acompa\u00f1amiento a todos sus familiares. La recordaremos con alegr\u00eda por los momentos compartidos. Hoy la despedimos con tristeza porque es una m\u00e1s de nosotras que se va sin recuperar a sus nietos\u00bb.<br \/> La agrupaci\u00f3n H.I.J.O.S. tambi\u00e9n lament\u00f3 el fallecimiento de Elsa S\u00e1nchez. Sus integrantes la recordaron como una mujer que les \u00abense\u00f1\u00f3 a sobrevivir, a luchar y a volver a sonre\u00edr\u00bb. A trav\u00e9s de un comunicado de prensa, expresaron:  \u00abNadie puede saber c\u00f3mo sigui\u00f3 andando la vida con fortaleza, ejemplo, templanza y militancia. Nadie sabe c\u00f3mo esa mujer, peque\u00f1a de tama\u00f1o, fue tan grande contra todo lo que le hicieron los verdugos. Le arrancaron casi todo y no pudieron matarla. \u00abElsa sobrevivi\u00f3 a todo eso, pisando imposibles, luchando siempre por justicia\u00bb, y \u00absigui\u00f3 siendo la abuela de Mart\u00edn y Fernando, mientras continu\u00f3 la b\u00fasqueda de sus otros nietos. Elsa fue una Abuela de Plaza de Mayo, una abuela del pueblo\u00bb.<br \/><span style=\"font-size: x-small\"><span style=\"color: #0b5394\"><b>INFOJUS\/PRODUCCI\u00d3N RIACHUELO<\/b><\/span><\/span><\/span><\/span><\/div>\n","protected":false},"excerpt":{"rendered":"<p>LA DIGNIDAD DE LA LUCHA ADI\u00d3S A LA ABUELA ELSA S\u00c1NCHEZ, VIUDA DE OESTERHELD Falleci\u00f3 el s\u00e1bado y ser\u00e1 enterrada este lunes a las 14 en Chacarita. El terrorismo de Estado le arrebat\u00f3 a siete miembros de su familia y a dos nietos por nacer. \u00abUna Abuela m\u00e1s que se va sin poder abrazar a [&hellip;]<\/p>\n","protected":false},"author":4,"featured_media":0,"comment_status":"open","ping_status":"open","sticky":false,"template":"","format":"standard","meta":{"_monsterinsights_skip_tracking":false,"_monsterinsights_sitenote_active":false,"_monsterinsights_sitenote_note":"","_monsterinsights_sitenote_category":0,"jnews-multi-image_gallery":[],"jnews_single_post":{"format":"standard"},"jnews_primary_category":[],"_joinchat":[],"footnotes":""},"categories":[58],"tags":[119,72],"class_list":["post-18249","post","type-post","status-publish","format-standard","hentry","category-noticiariachuelo","tag-derechos-humanos","tag-historia-de-la-lucha-de-los-pueblos"],"_links":{"self":[{"href":"http:\/\/fmriachuelo.it10.com.ar\/index.php\/wp-json\/wp\/v2\/posts\/18249","targetHints":{"allow":["GET"]}}],"collection":[{"href":"http:\/\/fmriachuelo.it10.com.ar\/index.php\/wp-json\/wp\/v2\/posts"}],"about":[{"href":"http:\/\/fmriachuelo.it10.com.ar\/index.php\/wp-json\/wp\/v2\/types\/post"}],"author":[{"embeddable":true,"href":"http:\/\/fmriachuelo.it10.com.ar\/index.php\/wp-json\/wp\/v2\/users\/4"}],"replies":[{"embeddable":true,"href":"http:\/\/fmriachuelo.it10.com.ar\/index.php\/wp-json\/wp\/v2\/comments?post=18249"}],"version-history":[{"count":1,"href":"http:\/\/fmriachuelo.it10.com.ar\/index.php\/wp-json\/wp\/v2\/posts\/18249\/revisions"}],"predecessor-version":[{"id":23641,"href":"http:\/\/fmriachuelo.it10.com.ar\/index.php\/wp-json\/wp\/v2\/posts\/18249\/revisions\/23641"}],"wp:attachment":[{"href":"http:\/\/fmriachuelo.it10.com.ar\/index.php\/wp-json\/wp\/v2\/media?parent=18249"}],"wp:term":[{"taxonomy":"category","embeddable":true,"href":"http:\/\/fmriachuelo.it10.com.ar\/index.php\/wp-json\/wp\/v2\/categories?post=18249"},{"taxonomy":"post_tag","embeddable":true,"href":"http:\/\/fmriachuelo.it10.com.ar\/index.php\/wp-json\/wp\/v2\/tags?post=18249"}],"curies":[{"name":"wp","href":"https:\/\/api.w.org\/{rel}","templated":true}]}}