{"id":18248,"date":"2015-06-22T14:48:00","date_gmt":"2015-06-22T14:48:00","guid":{"rendered":"http:\/\/fmriachuelo.observatorioess.org.ar\/index.php\/2015\/06\/22\/chile-copa-america\/"},"modified":"2025-04-07T15:00:48","modified_gmt":"2025-04-07T18:00:48","slug":"chile-copa-america","status":"publish","type":"post","link":"http:\/\/fmriachuelo.it10.com.ar\/index.php\/2015\/06\/22\/chile-copa-america\/","title":{"rendered":"CHILE: COPA AM\u00c9RICA"},"content":{"rendered":"<p><span style=\"font-size: large\"><span style=\"font-family: Verdana,sans-serif\"><span style=\"color: red\"><b>DETR\u00c1S DE LA ESCENA<\/b><\/span><\/span><\/span><br \/><b><span style=\"font-family: Verdana,sans-serif\"><span style=\"font-size: small\">EL CHILE DETR\u00c1 DE LA COPA AM\u00c9RICA<\/span><\/span><\/b><br \/><span style=\"font-size: small\"><span style=\"font-family: Verdana,sans-serif\"><a href=\"http:\/\/2.bp.blogspot.com\/-KcNBt1gZPLY\/VYgfg7ki5MI\/AAAAAAAAE4A\/fXwB-gATtGU\/s1600\/chile%2B1.jpg\" style=\"clear: left;float: left;margin-bottom: 1em;margin-right: 1em\"><img loading=\"lazy\" decoding=\"async\" border=\"0\" height=\"100\" src=\"http:\/\/2.bp.blogspot.com\/-KcNBt1gZPLY\/VYgfg7ki5MI\/AAAAAAAAE4A\/fXwB-gATtGU\/s200\/chile%2B1.jpg\" width=\"200\" \/><\/a><\/span><\/span><\/p>\n<div style=\"text-align: justify\"><span style=\"font-size: small\"><span style=\"font-family: Verdana,sans-serif\">Mientras el continente vuelca sus ojos al juego de sus selecciones, apuestan con grandes partidos y se sorprenden de los renovados estadios chilenos, el clima pol\u00edtico del pa\u00eds no baja. Cada vez m\u00e1s focos de conflictos se le abren al gobierno y organizaciones sociales optan por manifestarse en conjunto.<\/span><\/span><br \/><a name='more'><\/a><span style=\"font-size: small\">Por su parte, los estudiantes universitarios convocaron a paro nacional indefinido a partir del 25 de junio.<br \/>La ma\u00f1ana del 18 de junio comenz\u00f3 agitada en todo Chile. La fiebre de la Copa Am\u00e9rica hace rato que tiene a todos pendientes de la selecci\u00f3n y m\u00e1s ese d\u00eda, en que la estrella de \u201cLa Roja\u201d Arturo Vidal amanec\u00eda detenido producto de haber chocado su Ferrari nuevo a 160 kil\u00f3metros por hora, con 1,2 gramos de alcohol en la sangre. Y mientras parec\u00eda que la \u00fanica noticia del d\u00eda era la preocupaci\u00f3n nacional por el futuro del crack de Juventus, las calles de las principales ciudades del pa\u00eds amanec\u00edan con barricadas y cortes de tr\u00e1nsitos.<br \/>Toda la atenci\u00f3n del continente est\u00e1 puesta en Chile. S\u00e1nchez, Neymar, Messi, Falcao. Estrellas del f\u00fatbol mundial que compiten en la Copa Am\u00e9rica. Pero pasa algo tambi\u00e9n en el pa\u00eds: un estado de movilizaci\u00f3n creciente, producto del descontento de la poblaci\u00f3n ante las tibias reformas del gobierno de Bachelet y su cada vez m\u00e1s clara complicidad con el empresariado. Hay tantos conflictos abiertos, que lo del jueves pasado no era una simple convocatoria. Fue el primer paro multisectorial del a\u00f1o. Es tiempo de enumerar lo que pasa en Chile:<\/p>\n<p><b>Educaci\u00f3n<\/b><\/span><br \/><span style=\"font-size: small\"><span style=\"font-family: Verdana,sans-serif\">Los profesores llevan tres semanas en paro, en rechazo al proyecto de Carrera Docente que envi\u00f3 el gobierno al Congreso. El 98% de los profesores manifest\u00f3 estar en desacuerdo con la propuesta del Ejecutivo, porque consolida la l\u00f3gica individualista-mercantilista, pues proponen crear una nueva estructura salarial en base a la competencia individual entre profesores, incentivando la competencia y no los procesos de construcci\u00f3n en comunidad. Adem\u00e1s, no se hace cargo de la divisi\u00f3n 50\/50 propuesta por los docentes (50% horas de clase, 50% horas no lectivas), no disminuye la cantidad de alumnos por curso (45 en promedio actualmente) ni entrega condiciones laborales m\u00ednimas a los profesores, que muchas veces en el sector particular subvencionado (esa invenci\u00f3n chilena de colegios privados pero co-financiados por el Estado, que hoy re\u00fane a la mayor cantidad de alumnos) se ven enfrentados a despidos arbitrarios pero legales, por \u201cnecesidades de la empresa\u201d.<br \/>Mientras, los estudiantes no se quedan atr\u00e1s. En apoyo a los profesores y en rechazo a la anunciada gratuidad universitaria del gobierno, que incluye solo hasta el 60% m\u00e1s pobre. Cabe recalcar que en Chile, la desigualdad se dispara reci\u00e9n por sobre el 90% de la poblaci\u00f3n. Es decir, una familia clase media que est\u00e1 entre el 20 o 15% m\u00e1s rico, igual se tiene que endeudar para enviar a sus hijos a la educaci\u00f3n superior. Adem\u00e1s, el proyecto que anunci\u00f3 el gobierno solo incluye a las universidades del Consejo de Rectores, que agrupa a las estatales y las privadas tradicionales, dejando fuera de la pol\u00edtica a la gran cantidad de estudiantes que estudian en las privadas.<br \/>L<span style=\"font-size: small\">a<\/span>s estudiantes movilizados apuestan a una gratuidad universal que vaya de la mano de una nueva institucionalidad para la educaci\u00f3n superior y que los recursos no engrosen el mercado educativo existente. Hoy cerca de 16 universidades en el pa\u00eds se encuentran en proceso de movilizaci\u00f3n, que incluye paro indefinido y toma de los establecimientos en algunos casos.<\/p>\n<p><b>Reforma laboral<\/b><br \/>La semana pasada fue aprobada en la C\u00e1mara de Diputados la reforma laboral, el cuarto pilar de reformas seg\u00fan el gobierno, despu\u00e9s de la tributaria, educacional y constitucional.<br \/>Y al igual que la tributaria y educacional, se aprueba pese al rechazo tajante de los movimientos sociales. En una declaraci\u00f3n, distintos sindicatos estrat\u00e9gicos y federaciones de trabajadores (Uni\u00f3n Portuaria, Confederaci\u00f3n de Trabajadores del Cobre, entre otros) rechazaron tajantemente la propuesta del Ejecutivo por considerar que consolida el Plan Laboral de la dictadura.<br \/>Fue en 1979 cuando Jos\u00e9 Pi\u00f1era cre\u00f3 el Plan Laboral y desde entonces se ha mantenido como una gran traba que impide la organizaci\u00f3n de los trabajadores. El proyecto del gobierno de Bachelet, no toca aspectos fundamentales como la negociaci\u00f3n por rama (se mantiene la negociaci\u00f3n colectiva dentro de la empresa) y adem\u00e1s, pese a que dice terminar con el reemplazo en huelga, mantiene la figura de \u201cservicios m\u00ednimos\u201d, que permite el reemplazo por funci\u00f3n aunque no por puesto de trabajo.<br \/>El gobierno, pese al reclamo de sindicatos y algunos parlamentarios, opta nuevamente por negociar en los t\u00e9rminos del empresariado, que amenaza con ca\u00edda de la econom\u00eda si se aprueba la reforma.<br \/>Mientras, contin\u00faa la huelga de los trabajadores de uno de los operadores del Transantiago, el sistema de transporte p\u00fablico de la capital. Los operadores son, empresas privadas que cuentan con el apoyo del Estado para garantizar sus ganancias, mientras los chilenos pueden llegar a gastar el 30% de su sueldo en el transporte p\u00fablico (un pasaje equivale a cerca de 13 pesos argentinos) y estas siguen obteniendo ganancias millonarias.<br \/>Un ejemplo que grafica la situaci\u00f3n: hace unas semanas los trabajadores en huelga paralizaron el funcionamiento del metro de Santiago, lo que provoc\u00f3 la respuesta de la Intendencia, que se querell\u00f3 contra 12 manifestantes pidiendo la aplicaci\u00f3n la Ley de Seguridad del Estado por considerar que alteraban el orden p\u00fablico. Mientras los trabajadores est\u00e1n en riesgo de pasar 3 a\u00f1os en prisi\u00f3n por la querella, Chile ve c\u00f3mo la Fiscal\u00eda deja al descubierto a las empresas que durante a\u00f1os han evadido impuestos y robado dinero. Pero los due\u00f1os de Penta, por ejemplo, solo pasaron 30 d\u00edas en prisi\u00f3n.<\/p>\n<p><b>Ley de Pesca<\/b><br \/>Durante el partido Chile-Bolivia del pasado viernes, no falt\u00f3 el canto nacionalista de \u201cel que no salta no tiene mar\u201d. En rigor, nadie deber\u00eda haber saltado, porque el mar chileno pertenece a 7 familias que controlan el 70% de la capacidad pesquera del pa\u00eds.<br \/>Hoy, tras el creciente destape de corrupci\u00f3n que se vive en Chile desde mediados del a\u00f1o pasado, sabemos que el senador UDI Jaime Orpis recibi\u00f3 financiamiento ilegal por parte de Corpesca, perteneciente al grupo Angelini, durante la tramitaci\u00f3n de la ley de pesca o \u201cLey Longueira\u201d, aprobada en 2012.<br \/>La justicia se dispone a investigar el pago de sobornos a los parlamentarios que aprobaron dicha ley, mientras pescadores artesanales (principales perjudicados de la ley) y movimientos sociales le piden a la presidenta Bachelet derogar la ley Longueira.<br \/>A estas situaciones se suma la convocatoria en contra del sistema de pensiones chilenos, al AFP, entidades privadas con ganancias millonarias cada a\u00f1o y que entregan pensiones miserables a la poblaci\u00f3n.<br \/>Pero entre tanta manifestaci\u00f3n, el velo de la Copa<br \/>\nAm\u00e9rica parece esconderlo todo. La presidenta Bachelet anuncia que Chile \u201ces un pa\u00eds de pol\u00edticos comprometidos y empresarios esforzados\u201d, mientras contin\u00faa la investigaci\u00f3n sobre aportes ilegales que habr\u00eda recibido en su pre campa\u00f1a. Adem\u00e1s, lleva ya m\u00e1s de dos semanas sin ministro secretario general de la presidencia, luego de que Javier Insunza tuviera que renunciar tras descubrirse que mientras era presidenta de la comisi\u00f3n de Miner\u00eda de la C\u00e1mara, asesoraba a empresas mineras.<\/span><\/span><\/div>\n<p><span style=\"color: #0b5394\"><b><span style=\"font-size: x-small\"><span style=\"font-family: Verdana,sans-serif\">MARCHA\/PRODUCCI\u00d3N RIACHUELO<\/span><\/span><\/b><\/span><\/p>\n","protected":false},"excerpt":{"rendered":"<p>DETR\u00c1S DE LA ESCENAEL CHILE DETR\u00c1 DE LA COPA AM\u00c9RICA Mientras el continente vuelca sus ojos al juego de sus selecciones, apuestan con grandes partidos y se sorprenden de los renovados estadios chilenos, el clima pol\u00edtico del pa\u00eds no baja. Cada vez m\u00e1s focos de conflictos se le abren al gobierno y organizaciones sociales optan [&hellip;]<\/p>\n","protected":false},"author":4,"featured_media":0,"comment_status":"open","ping_status":"open","sticky":false,"template":"","format":"standard","meta":{"_monsterinsights_skip_tracking":false,"_monsterinsights_sitenote_active":false,"_monsterinsights_sitenote_note":"","_monsterinsights_sitenote_category":0,"jnews-multi-image_gallery":[],"jnews_single_post":{"format":"standard"},"jnews_primary_category":[],"_joinchat":[],"footnotes":""},"categories":[58],"tags":[70,122],"class_list":["post-18248","post","type-post","status-publish","format-standard","hentry","category-noticiariachuelo","tag-de-la-patria-grande","tag-derecho-a-la-protesta-social"],"_links":{"self":[{"href":"http:\/\/fmriachuelo.it10.com.ar\/index.php\/wp-json\/wp\/v2\/posts\/18248","targetHints":{"allow":["GET"]}}],"collection":[{"href":"http:\/\/fmriachuelo.it10.com.ar\/index.php\/wp-json\/wp\/v2\/posts"}],"about":[{"href":"http:\/\/fmriachuelo.it10.com.ar\/index.php\/wp-json\/wp\/v2\/types\/post"}],"author":[{"embeddable":true,"href":"http:\/\/fmriachuelo.it10.com.ar\/index.php\/wp-json\/wp\/v2\/users\/4"}],"replies":[{"embeddable":true,"href":"http:\/\/fmriachuelo.it10.com.ar\/index.php\/wp-json\/wp\/v2\/comments?post=18248"}],"version-history":[{"count":1,"href":"http:\/\/fmriachuelo.it10.com.ar\/index.php\/wp-json\/wp\/v2\/posts\/18248\/revisions"}],"predecessor-version":[{"id":23643,"href":"http:\/\/fmriachuelo.it10.com.ar\/index.php\/wp-json\/wp\/v2\/posts\/18248\/revisions\/23643"}],"wp:attachment":[{"href":"http:\/\/fmriachuelo.it10.com.ar\/index.php\/wp-json\/wp\/v2\/media?parent=18248"}],"wp:term":[{"taxonomy":"category","embeddable":true,"href":"http:\/\/fmriachuelo.it10.com.ar\/index.php\/wp-json\/wp\/v2\/categories?post=18248"},{"taxonomy":"post_tag","embeddable":true,"href":"http:\/\/fmriachuelo.it10.com.ar\/index.php\/wp-json\/wp\/v2\/tags?post=18248"}],"curies":[{"name":"wp","href":"https:\/\/api.w.org\/{rel}","templated":true}]}}